{"id":254,"name":"Rub\u00e9n Dar\u00edo Salinas","url":"http:\/\/www.turismodespierto.com","description":"Licenciado en Turismo, especializado en Gesti\u00f3n Comunitaria y Periodismo Tur\u00edstico. Colaborando con - y aprendiendo de -  proyectos de Turismo Comunitario de Latinoam\u00e9rica.","link":"https:\/\/travindy.com\/news\/author\/rubend\/","slug":"rubend","avatar_urls":{"24":"https:\/\/secure.gravatar.com\/avatar\/dc57c62afa98689995833daa9512af85?s=24&d=mm&r=g","48":"https:\/\/secure.gravatar.com\/avatar\/dc57c62afa98689995833daa9512af85?s=48&d=mm&r=g","96":"https:\/\/secure.gravatar.com\/avatar\/dc57c62afa98689995833daa9512af85?s=96&d=mm&r=g"},"meta":{"feedzy_import_tour":true,"feedzy_hide_action_message":false},"yoast_head":"<!-- This site is optimized with the Yoast SEO plugin v21.4 - https:\/\/yoast.com\/wordpress\/plugins\/seo\/ -->\n<title>Rub\u00e9n Dar\u00edo Salinas, Author at Travindy<\/title>\n<meta name=\"description\" content=\"Licenciado en Turismo, especializado en Turismo Sostenible y Periodismo Tur\u00edstico. Fundador y desarrollador de turismodespierto.com. Actualmente realizando una investigaci\u00f3n independiente sobre gesti\u00f3n comunitaria del turismo en Centroam\u00e9rica llamada \u201cEl Turismo como propiedad Comunitaria\u201d.\" \/>\n<meta name=\"robots\" content=\"index, follow, max-snippet:-1, max-image-preview:large, max-video-preview:-1\" \/>\n<link rel=\"canonical\" href=\"https:\/\/travindy.com\/news\/author\/rubend\/\" \/>\n<meta property=\"og:locale\" content=\"en_US\" \/>\n<meta property=\"og:type\" content=\"profile\" \/>\n<meta property=\"og:title\" content=\"Rub\u00e9n Dar\u00edo Salinas, Author at Travindy\" \/>\n<meta property=\"og:description\" content=\"Licenciado en Turismo, especializado en Turismo Sostenible y Periodismo Tur\u00edstico. Fundador y desarrollador de turismodespierto.com. Actualmente realizando una investigaci\u00f3n independiente sobre gesti\u00f3n comunitaria del turismo en Centroam\u00e9rica llamada \u201cEl Turismo como propiedad Comunitaria\u201d.\" \/>\n<meta property=\"og:url\" content=\"https:\/\/travindy.com\/news\/author\/rubend\/\" \/>\n<meta property=\"og:site_name\" content=\"Travindy\" \/>\n<meta property=\"og:image\" content=\"https:\/\/secure.gravatar.com\/avatar\/dc57c62afa98689995833daa9512af85?s=500&d=mm&r=g\" \/>\n<meta name=\"twitter:card\" content=\"summary_large_image\" \/>\n<meta name=\"twitter:site\" content=\"@Travindy\" \/>\n<script type=\"application\/ld+json\" class=\"yoast-schema-graph\">{\"@context\":\"https:\/\/schema.org\",\"@graph\":[{\"@type\":\"ProfilePage\",\"@id\":\"https:\/\/travindy.com\/news\/author\/rubend\/\",\"url\":\"https:\/\/travindy.com\/news\/author\/rubend\/\",\"name\":\"Rub\u00e9n Dar\u00edo Salinas, Author at Travindy\",\"isPartOf\":{\"@id\":\"https:\/\/travindy.com\/news\/#website\"},\"description\":\"Licenciado en Turismo, especializado en Turismo Sostenible y Periodismo Tur\u00edstico. Fundador y desarrollador de turismodespierto.com. Actualmente realizando una investigaci\u00f3n independiente sobre gesti\u00f3n comunitaria del turismo en Centroam\u00e9rica llamada \u201cEl Turismo como propiedad Comunitaria\u201d.\",\"breadcrumb\":{\"@id\":\"https:\/\/travindy.com\/news\/author\/rubend\/#breadcrumb\"},\"inLanguage\":\"en-US\",\"potentialAction\":[{\"@type\":\"ReadAction\",\"target\":[\"https:\/\/travindy.com\/news\/author\/rubend\/\"]}]},{\"@type\":\"BreadcrumbList\",\"@id\":\"https:\/\/travindy.com\/news\/author\/rubend\/#breadcrumb\",\"itemListElement\":[{\"@type\":\"ListItem\",\"position\":1,\"name\":\"Home\",\"item\":\"https:\/\/travindy.com\/news\/\"},{\"@type\":\"ListItem\",\"position\":2,\"name\":\"Archives for Rub\u00e9n Dar\u00edo Salinas\"}]},{\"@type\":\"WebSite\",\"@id\":\"https:\/\/travindy.com\/news\/#website\",\"url\":\"https:\/\/travindy.com\/news\/\",\"name\":\"Travindy\",\"description\":\"sustainable tourism consulting, news and resources\",\"publisher\":{\"@id\":\"https:\/\/travindy.com\/news\/#organization\"},\"potentialAction\":[{\"@type\":\"SearchAction\",\"target\":{\"@type\":\"EntryPoint\",\"urlTemplate\":\"https:\/\/travindy.com\/news\/?s={search_term_string}\"},\"query-input\":\"required name=search_term_string\"}],\"inLanguage\":\"en-US\"},{\"@type\":\"Organization\",\"@id\":\"https:\/\/travindy.com\/news\/#organization\",\"name\":\"Travindy\",\"url\":\"https:\/\/travindy.com\/news\/\",\"logo\":{\"@type\":\"ImageObject\",\"inLanguage\":\"en-US\",\"@id\":\"https:\/\/travindy.com\/news\/#\/schema\/logo\/image\/\",\"url\":\"https:\/\/travindy.com\/wp-content\/uploads\/2022\/08\/cropped-travindy-logo-square.png\",\"contentUrl\":\"https:\/\/travindy.com\/wp-content\/uploads\/2022\/08\/cropped-travindy-logo-square.png\",\"width\":512,\"height\":512,\"caption\":\"Travindy\"},\"image\":{\"@id\":\"https:\/\/travindy.com\/news\/#\/schema\/logo\/image\/\"},\"sameAs\":[\"https:\/\/www.facebook.com\/travindy\",\"https:\/\/twitter.com\/Travindy\"]},{\"@type\":\"Person\",\"@id\":\"https:\/\/travindy.com\/news\/#\/schema\/person\/82c8c8d598298777064626812a5bbb2a\",\"name\":\"Rub\u00e9n Dar\u00edo Salinas\",\"image\":{\"@type\":\"ImageObject\",\"inLanguage\":\"en-US\",\"@id\":\"https:\/\/travindy.com\/news\/#\/schema\/person\/image\/\",\"url\":\"https:\/\/secure.gravatar.com\/avatar\/dc57c62afa98689995833daa9512af85?s=96&d=mm&r=g\",\"contentUrl\":\"https:\/\/secure.gravatar.com\/avatar\/dc57c62afa98689995833daa9512af85?s=96&d=mm&r=g\",\"caption\":\"Rub\u00e9n Dar\u00edo Salinas\"},\"description\":\"Licenciado en Turismo, especializado en Gesti\u00f3n Comunitaria y Periodismo Tur\u00edstico. Colaborando con - y aprendiendo de - proyectos de Turismo Comunitario de Latinoam\u00e9rica.\",\"sameAs\":[\"http:\/\/www.turismodespierto.com\",\"https:\/\/www.facebook.com\/turismodespierto\/\",\"https:\/\/www.instagram.com\/turismodespierto\/\",\"https:\/\/twitter.com\/@turdespierto\"],\"mainEntityOfPage\":{\"@id\":\"https:\/\/travindy.com\/news\/author\/rubend\/\"}}]}<\/script>\n<!-- \/ Yoast SEO plugin. -->","yoast_head_json":{"title":"Rub\u00e9n Dar\u00edo Salinas, Author at Travindy","description":"Licenciado en Turismo, especializado en Turismo Sostenible y Periodismo Tur\u00edstico. Fundador y desarrollador de turismodespierto.com. Actualmente realizando una investigaci\u00f3n independiente sobre gesti\u00f3n comunitaria del turismo en Centroam\u00e9rica llamada \u201cEl Turismo como propiedad Comunitaria\u201d.","robots":{"index":"index","follow":"follow","max-snippet":"max-snippet:-1","max-image-preview":"max-image-preview:large","max-video-preview":"max-video-preview:-1"},"canonical":"https:\/\/travindy.com\/news\/author\/rubend\/","og_locale":"en_US","og_type":"profile","og_title":"Rub\u00e9n Dar\u00edo Salinas, Author at Travindy","og_description":"Licenciado en Turismo, especializado en Turismo Sostenible y Periodismo Tur\u00edstico. Fundador y desarrollador de turismodespierto.com. Actualmente realizando una investigaci\u00f3n independiente sobre gesti\u00f3n comunitaria del turismo en Centroam\u00e9rica llamada \u201cEl Turismo como propiedad Comunitaria\u201d.","og_url":"https:\/\/travindy.com\/news\/author\/rubend\/","og_site_name":"Travindy","og_image":[{"url":"https:\/\/secure.gravatar.com\/avatar\/dc57c62afa98689995833daa9512af85?s=500&d=mm&r=g"}],"twitter_card":"summary_large_image","twitter_site":"@Travindy","schema":{"@context":"https:\/\/schema.org","@graph":[{"@type":"ProfilePage","@id":"https:\/\/travindy.com\/news\/author\/rubend\/","url":"https:\/\/travindy.com\/news\/author\/rubend\/","name":"Rub\u00e9n Dar\u00edo Salinas, Author at Travindy","isPartOf":{"@id":"https:\/\/travindy.com\/news\/#website"},"description":"Licenciado en Turismo, especializado en Turismo Sostenible y Periodismo Tur\u00edstico. Fundador y desarrollador de turismodespierto.com. Actualmente realizando una investigaci\u00f3n independiente sobre gesti\u00f3n comunitaria del turismo en Centroam\u00e9rica llamada \u201cEl Turismo como propiedad Comunitaria\u201d.","breadcrumb":{"@id":"https:\/\/travindy.com\/news\/author\/rubend\/#breadcrumb"},"inLanguage":"en-US","potentialAction":[{"@type":"ReadAction","target":["https:\/\/travindy.com\/news\/author\/rubend\/"]}]},{"@type":"BreadcrumbList","@id":"https:\/\/travindy.com\/news\/author\/rubend\/#breadcrumb","itemListElement":[{"@type":"ListItem","position":1,"name":"Home","item":"https:\/\/travindy.com\/news\/"},{"@type":"ListItem","position":2,"name":"Archives for Rub\u00e9n Dar\u00edo Salinas"}]},{"@type":"WebSite","@id":"https:\/\/travindy.com\/news\/#website","url":"https:\/\/travindy.com\/news\/","name":"Travindy","description":"sustainable tourism consulting, news and resources","publisher":{"@id":"https:\/\/travindy.com\/news\/#organization"},"potentialAction":[{"@type":"SearchAction","target":{"@type":"EntryPoint","urlTemplate":"https:\/\/travindy.com\/news\/?s={search_term_string}"},"query-input":"required name=search_term_string"}],"inLanguage":"en-US"},{"@type":"Organization","@id":"https:\/\/travindy.com\/news\/#organization","name":"Travindy","url":"https:\/\/travindy.com\/news\/","logo":{"@type":"ImageObject","inLanguage":"en-US","@id":"https:\/\/travindy.com\/news\/#\/schema\/logo\/image\/","url":"https:\/\/travindy.com\/wp-content\/uploads\/2022\/08\/cropped-travindy-logo-square.png","contentUrl":"https:\/\/travindy.com\/wp-content\/uploads\/2022\/08\/cropped-travindy-logo-square.png","width":512,"height":512,"caption":"Travindy"},"image":{"@id":"https:\/\/travindy.com\/news\/#\/schema\/logo\/image\/"},"sameAs":["https:\/\/www.facebook.com\/travindy","https:\/\/twitter.com\/Travindy"]},{"@type":"Person","@id":"https:\/\/travindy.com\/news\/#\/schema\/person\/82c8c8d598298777064626812a5bbb2a","name":"Rub\u00e9n Dar\u00edo Salinas","image":{"@type":"ImageObject","inLanguage":"en-US","@id":"https:\/\/travindy.com\/news\/#\/schema\/person\/image\/","url":"https:\/\/secure.gravatar.com\/avatar\/dc57c62afa98689995833daa9512af85?s=96&d=mm&r=g","contentUrl":"https:\/\/secure.gravatar.com\/avatar\/dc57c62afa98689995833daa9512af85?s=96&d=mm&r=g","caption":"Rub\u00e9n Dar\u00edo Salinas"},"description":"Licenciado en Turismo, especializado en Gesti\u00f3n Comunitaria y Periodismo Tur\u00edstico. Colaborando con - y aprendiendo de - proyectos de Turismo Comunitario de Latinoam\u00e9rica.","sameAs":["http:\/\/www.turismodespierto.com","https:\/\/www.facebook.com\/turismodespierto\/","https:\/\/www.instagram.com\/turismodespierto\/","https:\/\/twitter.com\/@turdespierto"],"mainEntityOfPage":{"@id":"https:\/\/travindy.com\/news\/author\/rubend\/"}}]}},"_links":{"self":[{"href":"https:\/\/travindy.com\/news\/wp-json\/wp\/v2\/users\/254"}],"collection":[{"href":"https:\/\/travindy.com\/news\/wp-json\/wp\/v2\/users"}]}}