{"id":9335,"date":"2016-03-09T12:36:29","date_gmt":"2016-03-09T11:36:29","guid":{"rendered":"https:\/\/travindy.com\/es\/?p=9335"},"modified":"2016-04-13T22:14:31","modified_gmt":"2016-04-13T21:14:31","slug":"8a-conferencia-europea-de-ciudades-y-pueblos-sostenibles","status":"publish","type":"post","link":"https:\/\/travindy.com\/news\/2016\/03\/8a-conferencia-europea-de-ciudades-y-pueblos-sostenibles\/","title":{"rendered":"8\u00aa Conferencia Europea de Ciudades y Pueblos Sostenibles"},"content":{"rendered":"<p><img fetchpriority=\"high\" decoding=\"async\" class=\"aligncenter wp-image-9333 size-full\" src=\"https:\/\/travindy.com\/wp-content\/uploads\/2016\/03\/8th-ECSCT-Conference-spain.jpg\" alt=\"8th-ECSCT-Conference-spain\" width=\"550\" height=\"287\" \/><\/p>\n<p>La <a href=\"http:\/\/conferences.sustainablecities.eu\/basquecountry2016\/es\/\" rel=\"nofollow\">8\u00aa Conferencia Europea de Ciudades y Pueblos Sostenibles<\/a>\u00a0ser\u00e1 la principal cita continental para el debate y el intercambio de experiencias sobre sostenibilidad local, siguiendo la Cumbre de la ONU para la adopci\u00f3n de la Agenda para el Desarrollo 2015 y la Conferencia de las Partes sobre Cambio Clim\u00e1tico que tuvo lugar en diciembre en Par\u00eds (COP21).<\/p>\n<p>Ciudades como Par\u00eds, Aalborg, Bilbao, Copenhague, Barcelona, Helsinki, Ljubljana, San Sebasti\u00e1n, M\u00fcnster, V\u00e4xj\u00f6, Vitoria-Gasteiz, Bruselas, Tirana, Thessaloniki, Grand-Synthe o Bologna debatir\u00e1n sobre temas como la gobernanza local, el potencial urbano, la ciudad productiva o la nueva Agenda Urbana para Europa.<\/p>\n<p>Ver m\u00e1s en:\u00a0<a href=\"http:\/\/www.ecoticias.com\/sostenibilidad\/112825\/8-Conferencia-Europea-Ciudades-Pueblos-Sostenibles-tendra-lugar-Euskadi-27-29-abril\" target=\"_blank\" rel=\"nofollow\">Octava Conferencia Europa de Ciudades y Pueblos Sostenibles &#8211; Econoticias<\/a><\/p>\n","protected":false},"excerpt":{"rendered":"<p>La 8\u00aa Conferencia Europea de Ciudades y Pueblos Sostenibles se celebrar\u00e1 en Euskadi del 27 al 29 de abril.<\/p>\n","protected":false},"author":5,"featured_media":0,"comment_status":"closed","ping_status":"open","sticky":false,"template":"","format":"standard","meta":{"footnotes":""},"categories":[534],"tags":[712,713,683,714,711],"yoast_head":"<!-- This site is optimized with the Yoast SEO plugin v21.4 - https:\/\/yoast.com\/wordpress\/plugins\/seo\/ -->\n<title>8\u00aa Conferencia Europea de Ciudades y Pueblos Sostenibles<\/title>\n<meta name=\"description\" content=\"La 8\u00aa Conferencia Europea de Ciudades y Pueblos Sostenibles se celebrar\u00e1 en Euskadi del 27 al 29 de abril.\" \/>\n<meta name=\"robots\" content=\"index, follow, max-snippet:-1, max-image-preview:large, max-video-preview:-1\" \/>\n<link rel=\"canonical\" href=\"https:\/\/travindy.com\/news\/2016\/03\/8a-conferencia-europea-de-ciudades-y-pueblos-sostenibles\/\" \/>\n<meta property=\"og:locale\" content=\"en_US\" \/>\n<meta property=\"og:type\" content=\"article\" \/>\n<meta property=\"og:title\" content=\"8\u00aa Conferencia Europea de Ciudades y Pueblos Sostenibles\" \/>\n<meta property=\"og:description\" content=\"La 8\u00aa Conferencia Europea de Ciudades y Pueblos Sostenibles se celebrar\u00e1 en Euskadi del 27 al 29 de abril.\" \/>\n<meta property=\"og:url\" content=\"https:\/\/travindy.com\/news\/2016\/03\/8a-conferencia-europea-de-ciudades-y-pueblos-sostenibles\/\" \/>\n<meta property=\"og:site_name\" content=\"Travindy\" \/>\n<meta property=\"article:publisher\" content=\"https:\/\/www.facebook.com\/travindy\" \/>\n<meta property=\"article:author\" content=\"https:\/\/www.facebook.com\/travindy\" \/>\n<meta property=\"article:published_time\" content=\"2016-03-09T11:36:29+00:00\" \/>\n<meta property=\"article:modified_time\" content=\"2016-04-13T21:14:31+00:00\" \/>\n<meta property=\"og:image\" content=\"https:\/\/travindy.com\/wp-content\/uploads\/2016\/03\/8th-ECSCT-Conference-spain.jpg\" \/>\n<meta name=\"author\" content=\"Travindy\" \/>\n<meta name=\"twitter:card\" content=\"summary_large_image\" \/>\n<meta name=\"twitter:creator\" content=\"@travindy\" \/>\n<meta name=\"twitter:site\" content=\"@Travindy\" \/>\n<meta name=\"twitter:label1\" content=\"Written by\" \/>\n\t<meta name=\"twitter:data1\" content=\"Travindy\" \/>\n\t<meta name=\"twitter:label2\" content=\"Est. reading time\" \/>\n\t<meta name=\"twitter:data2\" content=\"1 minute\" \/>\n<script type=\"application\/ld+json\" class=\"yoast-schema-graph\">{\"@context\":\"https:\/\/schema.org\",\"@graph\":[{\"@type\":\"Article\",\"@id\":\"https:\/\/travindy.com\/news\/2016\/03\/8a-conferencia-europea-de-ciudades-y-pueblos-sostenibles\/#article\",\"isPartOf\":{\"@id\":\"https:\/\/travindy.com\/news\/2016\/03\/8a-conferencia-europea-de-ciudades-y-pueblos-sostenibles\/\"},\"author\":{\"name\":\"Travindy\",\"@id\":\"https:\/\/travindy.com\/news\/#\/schema\/person\/79576b26c03e84ac969c6cf7ad8118bb\"},\"headline\":\"8\u00aa Conferencia Europea de Ciudades y Pueblos Sostenibles\",\"datePublished\":\"2016-03-09T11:36:29+00:00\",\"dateModified\":\"2016-04-13T21:14:31+00:00\",\"mainEntityOfPage\":{\"@id\":\"https:\/\/travindy.com\/news\/2016\/03\/8a-conferencia-europea-de-ciudades-y-pueblos-sostenibles\/\"},\"wordCount\":125,\"publisher\":{\"@id\":\"https:\/\/travindy.com\/news\/#organization\"},\"keywords\":[\"Ciudades Sostenibles\",\"Conferencias\",\"Espa\u00f1a\",\"Euskadi\",\"Eventos\"],\"articleSection\":[\"News\"],\"inLanguage\":\"en-US\"},{\"@type\":\"WebPage\",\"@id\":\"https:\/\/travindy.com\/news\/2016\/03\/8a-conferencia-europea-de-ciudades-y-pueblos-sostenibles\/\",\"url\":\"https:\/\/travindy.com\/news\/2016\/03\/8a-conferencia-europea-de-ciudades-y-pueblos-sostenibles\/\",\"name\":\"8\u00aa Conferencia Europea de Ciudades y Pueblos Sostenibles\",\"isPartOf\":{\"@id\":\"https:\/\/travindy.com\/news\/#website\"},\"datePublished\":\"2016-03-09T11:36:29+00:00\",\"dateModified\":\"2016-04-13T21:14:31+00:00\",\"description\":\"La 8\u00aa Conferencia Europea de Ciudades y Pueblos Sostenibles se celebrar\u00e1 en Euskadi del 27 al 29 de abril.\",\"breadcrumb\":{\"@id\":\"https:\/\/travindy.com\/news\/2016\/03\/8a-conferencia-europea-de-ciudades-y-pueblos-sostenibles\/#breadcrumb\"},\"inLanguage\":\"en-US\",\"potentialAction\":[{\"@type\":\"ReadAction\",\"target\":[\"https:\/\/travindy.com\/news\/2016\/03\/8a-conferencia-europea-de-ciudades-y-pueblos-sostenibles\/\"]}]},{\"@type\":\"BreadcrumbList\",\"@id\":\"https:\/\/travindy.com\/news\/2016\/03\/8a-conferencia-europea-de-ciudades-y-pueblos-sostenibles\/#breadcrumb\",\"itemListElement\":[{\"@type\":\"ListItem\",\"position\":1,\"name\":\"Home\",\"item\":\"https:\/\/travindy.com\/news\/\"},{\"@type\":\"ListItem\",\"position\":2,\"name\":\"8\u00aa Conferencia Europea de Ciudades y Pueblos Sostenibles\"}]},{\"@type\":\"WebSite\",\"@id\":\"https:\/\/travindy.com\/news\/#website\",\"url\":\"https:\/\/travindy.com\/news\/\",\"name\":\"Travindy\",\"description\":\"sustainable tourism consulting, news and resources\",\"publisher\":{\"@id\":\"https:\/\/travindy.com\/news\/#organization\"},\"potentialAction\":[{\"@type\":\"SearchAction\",\"target\":{\"@type\":\"EntryPoint\",\"urlTemplate\":\"https:\/\/travindy.com\/news\/?s={search_term_string}\"},\"query-input\":\"required name=search_term_string\"}],\"inLanguage\":\"en-US\"},{\"@type\":\"Organization\",\"@id\":\"https:\/\/travindy.com\/news\/#organization\",\"name\":\"Travindy\",\"url\":\"https:\/\/travindy.com\/news\/\",\"logo\":{\"@type\":\"ImageObject\",\"inLanguage\":\"en-US\",\"@id\":\"https:\/\/travindy.com\/news\/#\/schema\/logo\/image\/\",\"url\":\"https:\/\/travindy.com\/wp-content\/uploads\/2022\/08\/cropped-travindy-logo-square.png\",\"contentUrl\":\"https:\/\/travindy.com\/wp-content\/uploads\/2022\/08\/cropped-travindy-logo-square.png\",\"width\":512,\"height\":512,\"caption\":\"Travindy\"},\"image\":{\"@id\":\"https:\/\/travindy.com\/news\/#\/schema\/logo\/image\/\"},\"sameAs\":[\"https:\/\/www.facebook.com\/travindy\",\"https:\/\/twitter.com\/Travindy\"]},{\"@type\":\"Person\",\"@id\":\"https:\/\/travindy.com\/news\/#\/schema\/person\/79576b26c03e84ac969c6cf7ad8118bb\",\"name\":\"Travindy\",\"image\":{\"@type\":\"ImageObject\",\"inLanguage\":\"en-US\",\"@id\":\"https:\/\/travindy.com\/news\/#\/schema\/person\/image\/\",\"url\":\"https:\/\/secure.gravatar.com\/avatar\/7e8e24b511c9178e320b9eb2226dadb1?s=96&d=mm&r=g\",\"contentUrl\":\"https:\/\/secure.gravatar.com\/avatar\/7e8e24b511c9178e320b9eb2226dadb1?s=96&d=mm&r=g\",\"caption\":\"Travindy\"},\"description\":\"Travindy is an independent website featuring news and opinion on all issues to do with tourism and sustainability. Written primarily for an industry audience, our aim is to support the transformation of the sector into one that is regenerative, restorative and fully inclusive.\",\"sameAs\":[\"https:\/\/www.facebook.com\/travindy\",\"https:\/\/twitter.com\/travindy\"],\"url\":\"https:\/\/travindy.com\/news\/author\/travindy\/\"}]}<\/script>\n<!-- \/ Yoast SEO plugin. -->","yoast_head_json":{"title":"8\u00aa Conferencia Europea de Ciudades y Pueblos Sostenibles","description":"La 8\u00aa Conferencia Europea de Ciudades y Pueblos Sostenibles se celebrar\u00e1 en Euskadi del 27 al 29 de abril.","robots":{"index":"index","follow":"follow","max-snippet":"max-snippet:-1","max-image-preview":"max-image-preview:large","max-video-preview":"max-video-preview:-1"},"canonical":"https:\/\/travindy.com\/news\/2016\/03\/8a-conferencia-europea-de-ciudades-y-pueblos-sostenibles\/","og_locale":"en_US","og_type":"article","og_title":"8\u00aa Conferencia Europea de Ciudades y Pueblos Sostenibles","og_description":"La 8\u00aa Conferencia Europea de Ciudades y Pueblos Sostenibles se celebrar\u00e1 en Euskadi del 27 al 29 de abril.","og_url":"https:\/\/travindy.com\/news\/2016\/03\/8a-conferencia-europea-de-ciudades-y-pueblos-sostenibles\/","og_site_name":"Travindy","article_publisher":"https:\/\/www.facebook.com\/travindy","article_author":"https:\/\/www.facebook.com\/travindy","article_published_time":"2016-03-09T11:36:29+00:00","article_modified_time":"2016-04-13T21:14:31+00:00","og_image":[{"url":"https:\/\/travindy.com\/wp-content\/uploads\/2016\/03\/8th-ECSCT-Conference-spain.jpg"}],"author":"Travindy","twitter_card":"summary_large_image","twitter_creator":"@travindy","twitter_site":"@Travindy","twitter_misc":{"Written by":"Travindy","Est. reading time":"1 minute"},"schema":{"@context":"https:\/\/schema.org","@graph":[{"@type":"Article","@id":"https:\/\/travindy.com\/news\/2016\/03\/8a-conferencia-europea-de-ciudades-y-pueblos-sostenibles\/#article","isPartOf":{"@id":"https:\/\/travindy.com\/news\/2016\/03\/8a-conferencia-europea-de-ciudades-y-pueblos-sostenibles\/"},"author":{"name":"Travindy","@id":"https:\/\/travindy.com\/news\/#\/schema\/person\/79576b26c03e84ac969c6cf7ad8118bb"},"headline":"8\u00aa Conferencia Europea de Ciudades y Pueblos Sostenibles","datePublished":"2016-03-09T11:36:29+00:00","dateModified":"2016-04-13T21:14:31+00:00","mainEntityOfPage":{"@id":"https:\/\/travindy.com\/news\/2016\/03\/8a-conferencia-europea-de-ciudades-y-pueblos-sostenibles\/"},"wordCount":125,"publisher":{"@id":"https:\/\/travindy.com\/news\/#organization"},"keywords":["Ciudades Sostenibles","Conferencias","Espa\u00f1a","Euskadi","Eventos"],"articleSection":["News"],"inLanguage":"en-US"},{"@type":"WebPage","@id":"https:\/\/travindy.com\/news\/2016\/03\/8a-conferencia-europea-de-ciudades-y-pueblos-sostenibles\/","url":"https:\/\/travindy.com\/news\/2016\/03\/8a-conferencia-europea-de-ciudades-y-pueblos-sostenibles\/","name":"8\u00aa Conferencia Europea de Ciudades y Pueblos Sostenibles","isPartOf":{"@id":"https:\/\/travindy.com\/news\/#website"},"datePublished":"2016-03-09T11:36:29+00:00","dateModified":"2016-04-13T21:14:31+00:00","description":"La 8\u00aa Conferencia Europea de Ciudades y Pueblos Sostenibles se celebrar\u00e1 en Euskadi del 27 al 29 de abril.","breadcrumb":{"@id":"https:\/\/travindy.com\/news\/2016\/03\/8a-conferencia-europea-de-ciudades-y-pueblos-sostenibles\/#breadcrumb"},"inLanguage":"en-US","potentialAction":[{"@type":"ReadAction","target":["https:\/\/travindy.com\/news\/2016\/03\/8a-conferencia-europea-de-ciudades-y-pueblos-sostenibles\/"]}]},{"@type":"BreadcrumbList","@id":"https:\/\/travindy.com\/news\/2016\/03\/8a-conferencia-europea-de-ciudades-y-pueblos-sostenibles\/#breadcrumb","itemListElement":[{"@type":"ListItem","position":1,"name":"Home","item":"https:\/\/travindy.com\/news\/"},{"@type":"ListItem","position":2,"name":"8\u00aa Conferencia Europea de Ciudades y Pueblos Sostenibles"}]},{"@type":"WebSite","@id":"https:\/\/travindy.com\/news\/#website","url":"https:\/\/travindy.com\/news\/","name":"Travindy","description":"sustainable tourism consulting, news and resources","publisher":{"@id":"https:\/\/travindy.com\/news\/#organization"},"potentialAction":[{"@type":"SearchAction","target":{"@type":"EntryPoint","urlTemplate":"https:\/\/travindy.com\/news\/?s={search_term_string}"},"query-input":"required name=search_term_string"}],"inLanguage":"en-US"},{"@type":"Organization","@id":"https:\/\/travindy.com\/news\/#organization","name":"Travindy","url":"https:\/\/travindy.com\/news\/","logo":{"@type":"ImageObject","inLanguage":"en-US","@id":"https:\/\/travindy.com\/news\/#\/schema\/logo\/image\/","url":"https:\/\/travindy.com\/wp-content\/uploads\/2022\/08\/cropped-travindy-logo-square.png","contentUrl":"https:\/\/travindy.com\/wp-content\/uploads\/2022\/08\/cropped-travindy-logo-square.png","width":512,"height":512,"caption":"Travindy"},"image":{"@id":"https:\/\/travindy.com\/news\/#\/schema\/logo\/image\/"},"sameAs":["https:\/\/www.facebook.com\/travindy","https:\/\/twitter.com\/Travindy"]},{"@type":"Person","@id":"https:\/\/travindy.com\/news\/#\/schema\/person\/79576b26c03e84ac969c6cf7ad8118bb","name":"Travindy","image":{"@type":"ImageObject","inLanguage":"en-US","@id":"https:\/\/travindy.com\/news\/#\/schema\/person\/image\/","url":"https:\/\/secure.gravatar.com\/avatar\/7e8e24b511c9178e320b9eb2226dadb1?s=96&d=mm&r=g","contentUrl":"https:\/\/secure.gravatar.com\/avatar\/7e8e24b511c9178e320b9eb2226dadb1?s=96&d=mm&r=g","caption":"Travindy"},"description":"Travindy is an independent website featuring news and opinion on all issues to do with tourism and sustainability. Written primarily for an industry audience, our aim is to support the transformation of the sector into one that is regenerative, restorative and fully inclusive.","sameAs":["https:\/\/www.facebook.com\/travindy","https:\/\/twitter.com\/travindy"],"url":"https:\/\/travindy.com\/news\/author\/travindy\/"}]}},"_links":{"self":[{"href":"https:\/\/travindy.com\/news\/wp-json\/wp\/v2\/posts\/9335"}],"collection":[{"href":"https:\/\/travindy.com\/news\/wp-json\/wp\/v2\/posts"}],"about":[{"href":"https:\/\/travindy.com\/news\/wp-json\/wp\/v2\/types\/post"}],"author":[{"embeddable":true,"href":"https:\/\/travindy.com\/news\/wp-json\/wp\/v2\/users\/5"}],"replies":[{"embeddable":true,"href":"https:\/\/travindy.com\/news\/wp-json\/wp\/v2\/comments?post=9335"}],"version-history":[{"count":0,"href":"https:\/\/travindy.com\/news\/wp-json\/wp\/v2\/posts\/9335\/revisions"}],"wp:attachment":[{"href":"https:\/\/travindy.com\/news\/wp-json\/wp\/v2\/media?parent=9335"}],"wp:term":[{"taxonomy":"category","embeddable":true,"href":"https:\/\/travindy.com\/news\/wp-json\/wp\/v2\/categories?post=9335"},{"taxonomy":"post_tag","embeddable":true,"href":"https:\/\/travindy.com\/news\/wp-json\/wp\/v2\/tags?post=9335"}],"curies":[{"name":"wp","href":"https:\/\/api.w.org\/{rel}","templated":true}]}}