{"id":47758,"date":"2020-09-07T15:17:40","date_gmt":"2020-09-07T14:17:40","guid":{"rendered":"https:\/\/travindy.com\/?p=47758"},"modified":"2020-09-14T14:17:51","modified_gmt":"2020-09-14T13:17:51","slug":"viajando-con-los-pueblos-originarios-consejos-desde-las-intimidades-de-colombia","status":"publish","type":"post","link":"https:\/\/travindy.com\/news\/2020\/09\/viajando-con-los-pueblos-originarios-consejos-desde-las-intimidades-de-colombia\/","title":{"rendered":"Viajando con los pueblos originarios: consejos desde las intimidades de Colombia"},"content":{"rendered":"\n<figure class=\"wp-block-image size-large\"><img fetchpriority=\"high\" decoding=\"async\" width=\"977\" height=\"532\" src=\"https:\/\/travindy.com\/wp-content\/uploads\/2020\/09\/WhatsApp-Image-2020-09-12-at-11.55.24-PM.jpeg\" alt=\"Taita Lorenzo y Marc caminando por las monta\u00f1as del Cauca (febrero 2020)\" class=\"wp-image-48004\" srcset=\"https:\/\/travindy.com\/news\/wp-content\/uploads\/2020\/09\/WhatsApp-Image-2020-09-12-at-11.55.24-PM.jpeg 977w, https:\/\/travindy.com\/news\/wp-content\/uploads\/2020\/09\/WhatsApp-Image-2020-09-12-at-11.55.24-PM-300x163.jpeg 300w, https:\/\/travindy.com\/news\/wp-content\/uploads\/2020\/09\/WhatsApp-Image-2020-09-12-at-11.55.24-PM-768x418.jpeg 768w\" sizes=\"(max-width: 977px) 100vw, 977px\" \/><figcaption>Taita Lorenzo y Marc caminando por las monta\u00f1as del Cauca (febrero 2020)<\/figcaption><\/figure>\n\n\n\n<div class=\"wp-block-image\"><figure class=\"alignleft size-large is-resized\"><img decoding=\"async\" src=\"https:\/\/travindy.com\/wp-content\/uploads\/2020\/09\/Caqueta..png\" alt=\"Viajando con los pueblos originarios: consejos desde las intimidades de Colombia\" class=\"wp-image-47759\" width=\"244\" height=\"161\" srcset=\"https:\/\/travindy.com\/news\/wp-content\/uploads\/2020\/09\/Caqueta..png 993w, https:\/\/travindy.com\/news\/wp-content\/uploads\/2020\/09\/Caqueta.-300x198.png 300w, https:\/\/travindy.com\/news\/wp-content\/uploads\/2020\/09\/Caqueta.-768x508.png 768w, https:\/\/travindy.com\/news\/wp-content\/uploads\/2020\/09\/Caqueta.-412x270.png 412w, https:\/\/travindy.com\/news\/wp-content\/uploads\/2020\/09\/Caqueta.-103x67.png 103w\" sizes=\"(max-width: 244px) 100vw, 244px\" \/><figcaption>Lorena en ruta a Caquet\u00e1<\/figcaption><\/figure><\/div>\n\n\n\n<p><strong>Lorena G\u00f3mez Ram\u00edrez&nbsp;<\/strong><em>es antrop\u00f3loga, tour leader, emprendedora social, miembro de expediciones de &#8216;turismo y paz&#8217;&nbsp; en Colombia, periodista y escritora de viajes. Lorena es una de las ponentes que participar\u00e1n en el&nbsp;<a href=\"https:\/\/congreso.komutravel.com\/es\/turismocomunitario\">Encuentro Digital de Turismo Comunitario<\/a>&nbsp;que coordina&nbsp;<a href=\"https:\/\/www.komutravel.com\/\">Kom\u00fa Travel<\/a>.&nbsp;<\/em><\/p>\n\n\n\n<hr class=\"wp-block-separator\"\/>\n\n\n\n<p>Como la mayor\u00eda de art\u00edculos que se escriben sobre turismo y pueblos ind\u00edgenas hablan sobre ellos, hoy quiero referirme a quienes trabajamos para apoyarlos. A <strong>\u201clos solidarios\u201d<\/strong>, como nos llaman los ind\u00edgenas de las monta\u00f1as del sur occidente de mi pa\u00eds.<\/p>\n\n\n\n<p><em>\u201cUsted ya ha caminado, se ha sentado lo suficiente con nosotros y ha visitado los sitios sagrados. Ha aprendido a escuchar y a entender c\u00f3mo es que pensamos aqu\u00ed. Ahora que ya conoce y que est\u00e1 por llegar a sus 30 a\u00f1os, ahora s\u00ed puede salir a hablar. As\u00ed es como funciona para nosotros.\u201d&nbsp;<\/em><\/p>\n\n\n\n<p>Esto me lo dijo en febrero Taita Lorenzo, m\u00e9dico tradicional del pueblo <strong>Misak<\/strong>. Est\u00e1bamos aprovechando el rato a solas mientras Marc, nuestro viajero invitado de Holanda, terminaba su meditaci\u00f3n matutina. Era nuestro sexto y \u00faltimo d\u00eda juntos despu\u00e9s de haber caminado, convivido e incluso sanado ideas inconscientes y preconcebidas que ellos ten\u00edan el uno del otro. Despu\u00e9s de entender con cada cual qu\u00e9 estaba pasando, nuestro viaje concluy\u00f3 con una conversaci\u00f3n entre ellos (a\u00fan sin hablar el mismo idioma) y un abrazo de uni\u00f3n.<\/p>\n\n\n\n<p>Los \u00faltimos 7 a\u00f1os he tenido oportunidades \u00fanicas de compartir, volvernos amigos y trabajar en equipo en temas de turismo comunitario y educaci\u00f3n intercultural con ind\u00edgenas alrededor de Colombia, principalmente con los <strong>misak, los way\u00fau, los arhuacos y los murui.<\/strong>&nbsp;&nbsp;<\/p>\n\n\n\n<p>Ellos me han ense\u00f1ado otra forma de entender mi existencia como parte de la naturaleza, a escucharla y dialogar con ella. Alrededor del fuego, de una laguna o de la hoja de coca, me han dado consejos para <strong>cultivar relaciones<\/strong> <strong>sanas<\/strong> y <strong>solucionar los conflictos<\/strong> haciendo uso de la palabra dulce. Asimismo, me han mostrado su <strong>humanidad<\/strong> al abrir sus historias de vida, compartiendo preguntas personales, contradicciones, conflictos internos y retos como familias, pueblos y organizaciones.&nbsp;<\/p>\n\n\n\n<p>En este proceso tambi\u00e9n he conocido a otros solidarios cercanos a las comunidades. He visto el nivel de conexi\u00f3n y compromiso que tienen con el bienestar y los valores humanos de los pueblos originarios. Me atrevo a decir que a la mayor\u00eda de nosotros conocerlos nos ha cambiado la vida y por eso creemos que su mensaje es digno de ser compartido con el resto del mundo.&nbsp;<\/p>\n\n\n\n<p>Sin embargo, tambi\u00e9n es cierto que llevar este compromiso a la pr\u00e1ctica creando puentes&nbsp; que sean <strong>humanos, interculturales y comerciales<\/strong> al mismo tiempo tiene sus retos. Al fin y al cabo nuestro trabajo consiste en facilitar di\u00e1logos entre realidades, idiomas, monedas, imaginarios y formas de ser que no solo son diferentes, sino que tocan las fibras emocionales m\u00e1s \u00edntimas de cada quien. La verdad inc\u00f3moda es que el proceso no siempre es color de rosa, pero todos vamos aprendiendo en el camino. Incluso los mismos m\u00e9dicos tradicionales.&nbsp;<\/p>\n\n\n\n<p>Cuando Planeterra public\u00f3 el texto<a href=\"https:\/\/planeterra.org\/about-us\/publications\/indigenous-people-and-the-travel-industry-global-good-practice-guidelines\/\" target=\"_blank\" rel=\"noreferrer noopener nofollow\"> <em>\u2018Pueblos Ind\u00edgenas y la Industria de Viajes: Gu\u00eda de Buenas Pr\u00e1cticas\u2019<\/em><\/a> me sent\u00ed agradecida y un poquito menos sola. Aunque en Colombia hemos venido construyendo redes, soy consciente de que debemos enfocarlas m\u00e1s en el aprendizaje mutuo y no solo en la comercializaci\u00f3n. Seguramente todos los colegas tenemos an\u00e9cdotas valiosas para intercambiar.&nbsp;<\/p>\n\n\n\n<p>Es emocionante pensar que todav\u00eda tenemos todo por conversar. Comenzando por nuestras reflexiones sobre \u201cla silla\u201d (como dir\u00edan los amaz\u00f3nicos) que ocupamos dentro de esta red, lo que nos corresponde, lo que no, en qu\u00e9 nos hemos equivocado, qu\u00e9 nos ha funcionado, qu\u00e9 hemos descubierto a nivel individual y de nuestros pa\u00edses y cu\u00e1l es el potencial transformador de estos encuentros. Y por supuesto, c\u00f3mo nos vemos a nosotros mismos como personas \u201csolidarias\u201d con esta causa. Despu\u00e9s de todo, apoyar la llegada o el desarrollo del turismo en pueblos originarios es una gran responsabilidad.&nbsp;&nbsp;<\/p>\n\n\n\n<p>Por eso, as\u00ed como la Fundaci\u00f3n Planeterra, aqu\u00ed comparto los <strong>aprendizajes m\u00e1s sencillos pero vitales<\/strong> de mi experiencia como emprendedora social con IN-Spire, conectando l\u00edderes con&nbsp; burnout con la sabidur\u00eda de los pueblos ind\u00edgenas y la naturaleza en Colombia (y ojal\u00e1 Per\u00fa). Espero que este sea el inicio de un intercambio dentro y fuera de Iberoam\u00e9rica al que la pandemia parece estarnos invitando:<\/p>\n\n\n\n<h4 class=\"wp-block-heading\"><strong>Comencemos con el para qu\u00e9<\/strong><\/h4>\n\n\n\n<p>Antes de iniciar cualquier idea tur\u00edstica, es importante sentarnos por la noche con las abuelas, los abuelos y los dem\u00e1s miembros de la comunidad para entender su visi\u00f3n de buen vivir en el futuro: \u00bfc\u00f3mo ven a su cultura y territorio dentro de 10, 30 o 50 a\u00f1os? \u00bfCu\u00e1l ser\u00eda el prop\u00f3sito y el papel del turismo comunitario para contribuir a esa visi\u00f3n, a sus prioridades? \u00bfTiene sentido implementarlo?&nbsp;&nbsp;<\/p>\n\n\n\n<h4 class=\"wp-block-heading\"><strong>Intenci\u00f3n espiritual<\/strong><\/h4>\n\n\n\n<p>Trabajar en un equipo intercultural implica involucrarnos en su forma de hacer las cosas. Con los pueblos ind\u00edgenas esto significa empezar por pedir permiso espiritual a los ancestros y a los due\u00f1os de los lugares, hacer las consultas u ofrendas pertinentes con los m\u00e9dicos tradicionales respetados y confiar en las palabras de consejo que nos digan tanto ellos como las plantas sagradas. El yag\u00e9 es un ejemplo.<\/p>\n\n\n\n<h4 class=\"wp-block-heading\"><strong>Los gu\u00edas no solo somos gu\u00edas, somos mediadores culturales<\/strong><\/h4>\n\n\n\n<p>El rol de los gu\u00edas es m\u00e1s que acompa\u00f1ar, es ayudar a comunicar para que las conexiones sean profundas y significativas para ambas partes. Podemos sensibilizar a los gu\u00edas locales sobre \u201cel mundo de afuera\u201d y asegurarnos de que haya tour leaders que entiendan bien la cultura local para darle un contexto m\u00e1s amplio al grupo que acompa\u00f1an.&nbsp;<\/p>\n\n\n\n<h4 class=\"wp-block-heading\"><strong>Todos tenemos algo nuevo que aprender y qu\u00e9 sanar<\/strong><\/h4>\n\n\n\n<p>Ind\u00edgenas o no ind\u00edgenas (esta es una conversaci\u00f3n para otro espacio), todos somos igual de humanos: llevamos heridas tanto en nuestro coraz\u00f3n, cuerpo y mente, como en el pasado familiar e hist\u00f3rico que tenemos. Entender al otro, nuestros prejuicios y lo que tenemos en com\u00fan debe ser rec\u00edproco. Este es un ejercicio que nos corresponde a todos porque somos una sola familia.<\/p>\n","protected":false},"excerpt":{"rendered":"<p>Lorena G\u00f3mez comparte aprendizajes vitales de su experiencia trabajando con pueblos originarios en Colombia<\/p>\n","protected":false},"author":7,"featured_media":48004,"comment_status":"open","ping_status":"open","sticky":false,"template":"","format":"standard","meta":{"footnotes":""},"categories":[534],"tags":[2770,3720,3728],"yoast_head":"<!-- This site is optimized with the Yoast SEO plugin v21.4 - https:\/\/yoast.com\/wordpress\/plugins\/seo\/ -->\n<title>Viajando con los pueblos originarios: consejos desde las intimidades de Colombia<\/title>\n<meta name=\"description\" content=\"Lorena G\u00f3mez comparte aprendizajes vitales de su experiencia trabajando con pueblos originarios en Colombia\" \/>\n<meta name=\"robots\" content=\"index, follow, max-snippet:-1, max-image-preview:large, max-video-preview:-1\" \/>\n<link rel=\"canonical\" href=\"https:\/\/travindy.com\/news\/2020\/09\/viajando-con-los-pueblos-originarios-consejos-desde-las-intimidades-de-colombia\/\" \/>\n<meta property=\"og:locale\" content=\"en_US\" \/>\n<meta property=\"og:type\" content=\"article\" \/>\n<meta property=\"og:title\" content=\"Viajando con los pueblos originarios: consejos desde las intimidades de Colombia\" \/>\n<meta property=\"og:description\" content=\"Lorena G\u00f3mez comparte aprendizajes vitales de su experiencia trabajando con pueblos originarios en Colombia\" \/>\n<meta property=\"og:url\" content=\"https:\/\/travindy.com\/news\/2020\/09\/viajando-con-los-pueblos-originarios-consejos-desde-las-intimidades-de-colombia\/\" \/>\n<meta property=\"og:site_name\" content=\"Travindy\" \/>\n<meta property=\"article:publisher\" content=\"https:\/\/www.facebook.com\/travindy\" \/>\n<meta property=\"article:published_time\" content=\"2020-09-07T14:17:40+00:00\" \/>\n<meta property=\"article:modified_time\" content=\"2020-09-14T13:17:51+00:00\" \/>\n<meta property=\"og:image\" content=\"https:\/\/travindy.com\/news\/wp-content\/uploads\/2020\/09\/WhatsApp-Image-2020-09-12-at-11.55.24-PM.jpeg\" \/>\n\t<meta property=\"og:image:width\" content=\"977\" \/>\n\t<meta property=\"og:image:height\" content=\"532\" \/>\n\t<meta property=\"og:image:type\" content=\"image\/jpeg\" \/>\n<meta name=\"author\" content=\"\u00c1ngela Rodr\u00edguez\" \/>\n<meta name=\"twitter:card\" content=\"summary_large_image\" \/>\n<meta name=\"twitter:creator\" content=\"@Travindy\" \/>\n<meta name=\"twitter:site\" content=\"@Travindy\" \/>\n<meta name=\"twitter:label1\" content=\"Written by\" \/>\n\t<meta name=\"twitter:data1\" content=\"Lorena G\u00f3mez Ram\u00edrez\" \/>\n\t<meta name=\"twitter:label2\" content=\"Est. reading time\" \/>\n\t<meta name=\"twitter:data2\" content=\"6 minutes\" \/>\n<script type=\"application\/ld+json\" class=\"yoast-schema-graph\">{\"@context\":\"https:\/\/schema.org\",\"@graph\":[{\"@type\":\"Article\",\"@id\":\"https:\/\/travindy.com\/news\/2020\/09\/viajando-con-los-pueblos-originarios-consejos-desde-las-intimidades-de-colombia\/#article\",\"isPartOf\":{\"@id\":\"https:\/\/travindy.com\/news\/2020\/09\/viajando-con-los-pueblos-originarios-consejos-desde-las-intimidades-de-colombia\/\"},\"author\":{\"name\":\"\u00c1ngela Rodr\u00edguez\",\"@id\":\"https:\/\/travindy.com\/news\/#\/schema\/person\/049eb0da61456a51c2731200749d6c2f\"},\"headline\":\"Viajando con los pueblos originarios: consejos desde las intimidades de Colombia\",\"datePublished\":\"2020-09-07T14:17:40+00:00\",\"dateModified\":\"2020-09-14T13:17:51+00:00\",\"mainEntityOfPage\":{\"@id\":\"https:\/\/travindy.com\/news\/2020\/09\/viajando-con-los-pueblos-originarios-consejos-desde-las-intimidades-de-colombia\/\"},\"wordCount\":1112,\"commentCount\":0,\"publisher\":{\"@id\":\"https:\/\/travindy.com\/news\/#organization\"},\"keywords\":[\"Colombia\",\"Encuentro Digital de Turismo Comunitario\",\"Pueblos Originarios\"],\"articleSection\":[\"News\"],\"inLanguage\":\"en-US\",\"potentialAction\":[{\"@type\":\"CommentAction\",\"name\":\"Comment\",\"target\":[\"https:\/\/travindy.com\/news\/2020\/09\/viajando-con-los-pueblos-originarios-consejos-desde-las-intimidades-de-colombia\/#respond\"]}]},{\"@type\":\"WebPage\",\"@id\":\"https:\/\/travindy.com\/news\/2020\/09\/viajando-con-los-pueblos-originarios-consejos-desde-las-intimidades-de-colombia\/\",\"url\":\"https:\/\/travindy.com\/news\/2020\/09\/viajando-con-los-pueblos-originarios-consejos-desde-las-intimidades-de-colombia\/\",\"name\":\"Viajando con los pueblos originarios: consejos desde las intimidades de Colombia\",\"isPartOf\":{\"@id\":\"https:\/\/travindy.com\/news\/#website\"},\"datePublished\":\"2020-09-07T14:17:40+00:00\",\"dateModified\":\"2020-09-14T13:17:51+00:00\",\"description\":\"Lorena G\u00f3mez comparte aprendizajes vitales de su experiencia trabajando con pueblos originarios en Colombia\",\"breadcrumb\":{\"@id\":\"https:\/\/travindy.com\/news\/2020\/09\/viajando-con-los-pueblos-originarios-consejos-desde-las-intimidades-de-colombia\/#breadcrumb\"},\"inLanguage\":\"en-US\",\"potentialAction\":[{\"@type\":\"ReadAction\",\"target\":[\"https:\/\/travindy.com\/news\/2020\/09\/viajando-con-los-pueblos-originarios-consejos-desde-las-intimidades-de-colombia\/\"]}]},{\"@type\":\"BreadcrumbList\",\"@id\":\"https:\/\/travindy.com\/news\/2020\/09\/viajando-con-los-pueblos-originarios-consejos-desde-las-intimidades-de-colombia\/#breadcrumb\",\"itemListElement\":[{\"@type\":\"ListItem\",\"position\":1,\"name\":\"Home\",\"item\":\"https:\/\/travindy.com\/news\/\"},{\"@type\":\"ListItem\",\"position\":2,\"name\":\"Viajando con los pueblos originarios: consejos desde las intimidades de Colombia\"}]},{\"@type\":\"WebSite\",\"@id\":\"https:\/\/travindy.com\/news\/#website\",\"url\":\"https:\/\/travindy.com\/news\/\",\"name\":\"Travindy\",\"description\":\"sustainable tourism consulting, news and resources\",\"publisher\":{\"@id\":\"https:\/\/travindy.com\/news\/#organization\"},\"potentialAction\":[{\"@type\":\"SearchAction\",\"target\":{\"@type\":\"EntryPoint\",\"urlTemplate\":\"https:\/\/travindy.com\/news\/?s={search_term_string}\"},\"query-input\":\"required name=search_term_string\"}],\"inLanguage\":\"en-US\"},{\"@type\":\"Organization\",\"@id\":\"https:\/\/travindy.com\/news\/#organization\",\"name\":\"Travindy\",\"url\":\"https:\/\/travindy.com\/news\/\",\"logo\":{\"@type\":\"ImageObject\",\"inLanguage\":\"en-US\",\"@id\":\"https:\/\/travindy.com\/news\/#\/schema\/logo\/image\/\",\"url\":\"https:\/\/travindy.com\/wp-content\/uploads\/2022\/08\/cropped-travindy-logo-square.png\",\"contentUrl\":\"https:\/\/travindy.com\/wp-content\/uploads\/2022\/08\/cropped-travindy-logo-square.png\",\"width\":512,\"height\":512,\"caption\":\"Travindy\"},\"image\":{\"@id\":\"https:\/\/travindy.com\/news\/#\/schema\/logo\/image\/\"},\"sameAs\":[\"https:\/\/www.facebook.com\/travindy\",\"https:\/\/twitter.com\/Travindy\"]},{\"@type\":\"Person\",\"@id\":\"https:\/\/travindy.com\/news\/#\/schema\/person\/049eb0da61456a51c2731200749d6c2f\",\"name\":\"\u00c1ngela Rodr\u00edguez\",\"image\":{\"@type\":\"ImageObject\",\"inLanguage\":\"en-US\",\"@id\":\"https:\/\/travindy.com\/news\/#\/schema\/person\/image\/\",\"url\":\"https:\/\/secure.gravatar.com\/avatar\/4eae426bbd8c5b1c62508fa5ba06ff55?s=96&d=mm&r=g\",\"contentUrl\":\"https:\/\/secure.gravatar.com\/avatar\/4eae426bbd8c5b1c62508fa5ba06ff55?s=96&d=mm&r=g\",\"caption\":\"\u00c1ngela Rodr\u00edguez\"},\"description\":\"Advocate for positive impact travel. Flexible, hard-working and passionated person who puts collaboration and inspiration at the heart of her work. Extensive experience in marketing and communication of sustainable tourism in Spain and Latin America. Avid traveller and climate activist.\",\"url\":\"https:\/\/www.linkedin.com\/in\/lorenagomezr\/?originalSubdomain=co\"}]}<\/script>\n<!-- \/ Yoast SEO plugin. -->","yoast_head_json":{"title":"Viajando con los pueblos originarios: consejos desde las intimidades de Colombia","description":"Lorena G\u00f3mez comparte aprendizajes vitales de su experiencia trabajando con pueblos originarios en Colombia","robots":{"index":"index","follow":"follow","max-snippet":"max-snippet:-1","max-image-preview":"max-image-preview:large","max-video-preview":"max-video-preview:-1"},"canonical":"https:\/\/travindy.com\/news\/2020\/09\/viajando-con-los-pueblos-originarios-consejos-desde-las-intimidades-de-colombia\/","og_locale":"en_US","og_type":"article","og_title":"Viajando con los pueblos originarios: consejos desde las intimidades de Colombia","og_description":"Lorena G\u00f3mez comparte aprendizajes vitales de su experiencia trabajando con pueblos originarios en Colombia","og_url":"https:\/\/travindy.com\/news\/2020\/09\/viajando-con-los-pueblos-originarios-consejos-desde-las-intimidades-de-colombia\/","og_site_name":"Travindy","article_publisher":"https:\/\/www.facebook.com\/travindy","article_published_time":"2020-09-07T14:17:40+00:00","article_modified_time":"2020-09-14T13:17:51+00:00","og_image":[{"width":977,"height":532,"url":"https:\/\/travindy.com\/news\/wp-content\/uploads\/2020\/09\/WhatsApp-Image-2020-09-12-at-11.55.24-PM.jpeg","type":"image\/jpeg"}],"author":"\u00c1ngela Rodr\u00edguez","twitter_card":"summary_large_image","twitter_creator":"@Travindy","twitter_site":"@Travindy","twitter_misc":{"Written by":"Lorena G\u00f3mez Ram\u00edrez","Est. reading time":"6 minutes"},"schema":{"@context":"https:\/\/schema.org","@graph":[{"@type":"Article","@id":"https:\/\/travindy.com\/news\/2020\/09\/viajando-con-los-pueblos-originarios-consejos-desde-las-intimidades-de-colombia\/#article","isPartOf":{"@id":"https:\/\/travindy.com\/news\/2020\/09\/viajando-con-los-pueblos-originarios-consejos-desde-las-intimidades-de-colombia\/"},"author":{"name":"\u00c1ngela Rodr\u00edguez","@id":"https:\/\/travindy.com\/news\/#\/schema\/person\/049eb0da61456a51c2731200749d6c2f"},"headline":"Viajando con los pueblos originarios: consejos desde las intimidades de Colombia","datePublished":"2020-09-07T14:17:40+00:00","dateModified":"2020-09-14T13:17:51+00:00","mainEntityOfPage":{"@id":"https:\/\/travindy.com\/news\/2020\/09\/viajando-con-los-pueblos-originarios-consejos-desde-las-intimidades-de-colombia\/"},"wordCount":1112,"commentCount":0,"publisher":{"@id":"https:\/\/travindy.com\/news\/#organization"},"keywords":["Colombia","Encuentro Digital de Turismo Comunitario","Pueblos Originarios"],"articleSection":["News"],"inLanguage":"en-US","potentialAction":[{"@type":"CommentAction","name":"Comment","target":["https:\/\/travindy.com\/news\/2020\/09\/viajando-con-los-pueblos-originarios-consejos-desde-las-intimidades-de-colombia\/#respond"]}]},{"@type":"WebPage","@id":"https:\/\/travindy.com\/news\/2020\/09\/viajando-con-los-pueblos-originarios-consejos-desde-las-intimidades-de-colombia\/","url":"https:\/\/travindy.com\/news\/2020\/09\/viajando-con-los-pueblos-originarios-consejos-desde-las-intimidades-de-colombia\/","name":"Viajando con los pueblos originarios: consejos desde las intimidades de Colombia","isPartOf":{"@id":"https:\/\/travindy.com\/news\/#website"},"datePublished":"2020-09-07T14:17:40+00:00","dateModified":"2020-09-14T13:17:51+00:00","description":"Lorena G\u00f3mez comparte aprendizajes vitales de su experiencia trabajando con pueblos originarios en Colombia","breadcrumb":{"@id":"https:\/\/travindy.com\/news\/2020\/09\/viajando-con-los-pueblos-originarios-consejos-desde-las-intimidades-de-colombia\/#breadcrumb"},"inLanguage":"en-US","potentialAction":[{"@type":"ReadAction","target":["https:\/\/travindy.com\/news\/2020\/09\/viajando-con-los-pueblos-originarios-consejos-desde-las-intimidades-de-colombia\/"]}]},{"@type":"BreadcrumbList","@id":"https:\/\/travindy.com\/news\/2020\/09\/viajando-con-los-pueblos-originarios-consejos-desde-las-intimidades-de-colombia\/#breadcrumb","itemListElement":[{"@type":"ListItem","position":1,"name":"Home","item":"https:\/\/travindy.com\/news\/"},{"@type":"ListItem","position":2,"name":"Viajando con los pueblos originarios: consejos desde las intimidades de Colombia"}]},{"@type":"WebSite","@id":"https:\/\/travindy.com\/news\/#website","url":"https:\/\/travindy.com\/news\/","name":"Travindy","description":"sustainable tourism consulting, news and resources","publisher":{"@id":"https:\/\/travindy.com\/news\/#organization"},"potentialAction":[{"@type":"SearchAction","target":{"@type":"EntryPoint","urlTemplate":"https:\/\/travindy.com\/news\/?s={search_term_string}"},"query-input":"required name=search_term_string"}],"inLanguage":"en-US"},{"@type":"Organization","@id":"https:\/\/travindy.com\/news\/#organization","name":"Travindy","url":"https:\/\/travindy.com\/news\/","logo":{"@type":"ImageObject","inLanguage":"en-US","@id":"https:\/\/travindy.com\/news\/#\/schema\/logo\/image\/","url":"https:\/\/travindy.com\/wp-content\/uploads\/2022\/08\/cropped-travindy-logo-square.png","contentUrl":"https:\/\/travindy.com\/wp-content\/uploads\/2022\/08\/cropped-travindy-logo-square.png","width":512,"height":512,"caption":"Travindy"},"image":{"@id":"https:\/\/travindy.com\/news\/#\/schema\/logo\/image\/"},"sameAs":["https:\/\/www.facebook.com\/travindy","https:\/\/twitter.com\/Travindy"]},{"@type":"Person","@id":"https:\/\/travindy.com\/news\/#\/schema\/person\/049eb0da61456a51c2731200749d6c2f","name":"\u00c1ngela Rodr\u00edguez","image":{"@type":"ImageObject","inLanguage":"en-US","@id":"https:\/\/travindy.com\/news\/#\/schema\/person\/image\/","url":"https:\/\/secure.gravatar.com\/avatar\/4eae426bbd8c5b1c62508fa5ba06ff55?s=96&d=mm&r=g","contentUrl":"https:\/\/secure.gravatar.com\/avatar\/4eae426bbd8c5b1c62508fa5ba06ff55?s=96&d=mm&r=g","caption":"\u00c1ngela Rodr\u00edguez"},"description":"Advocate for positive impact travel. Flexible, hard-working and passionated person who puts collaboration and inspiration at the heart of her work. Extensive experience in marketing and communication of sustainable tourism in Spain and Latin America. Avid traveller and climate activist.","url":"https:\/\/www.linkedin.com\/in\/lorenagomezr\/?originalSubdomain=co"}]}},"_links":{"self":[{"href":"https:\/\/travindy.com\/news\/wp-json\/wp\/v2\/posts\/47758"}],"collection":[{"href":"https:\/\/travindy.com\/news\/wp-json\/wp\/v2\/posts"}],"about":[{"href":"https:\/\/travindy.com\/news\/wp-json\/wp\/v2\/types\/post"}],"author":[{"embeddable":true,"href":"https:\/\/travindy.com\/news\/wp-json\/wp\/v2\/users\/7"}],"replies":[{"embeddable":true,"href":"https:\/\/travindy.com\/news\/wp-json\/wp\/v2\/comments?post=47758"}],"version-history":[{"count":1,"href":"https:\/\/travindy.com\/news\/wp-json\/wp\/v2\/posts\/47758\/revisions"}],"predecessor-version":[{"id":48008,"href":"https:\/\/travindy.com\/news\/wp-json\/wp\/v2\/posts\/47758\/revisions\/48008"}],"wp:featuredmedia":[{"embeddable":true,"href":"https:\/\/travindy.com\/news\/wp-json\/wp\/v2\/media\/48004"}],"wp:attachment":[{"href":"https:\/\/travindy.com\/news\/wp-json\/wp\/v2\/media?parent=47758"}],"wp:term":[{"taxonomy":"category","embeddable":true,"href":"https:\/\/travindy.com\/news\/wp-json\/wp\/v2\/categories?post=47758"},{"taxonomy":"post_tag","embeddable":true,"href":"https:\/\/travindy.com\/news\/wp-json\/wp\/v2\/tags?post=47758"}],"curies":[{"name":"wp","href":"https:\/\/api.w.org\/{rel}","templated":true}]}}