{"id":38748,"date":"2020-02-16T16:10:06","date_gmt":"2020-02-16T15:10:06","guid":{"rendered":"https:\/\/travindy.com\/?p=38748"},"modified":"2020-02-16T16:10:11","modified_gmt":"2020-02-16T15:10:11","slug":"la-gestion-del-turismo-debe-basarse-en-evidencias-no-sentimientos-o-modas","status":"publish","type":"post","link":"https:\/\/travindy.com\/news\/2020\/02\/la-gestion-del-turismo-debe-basarse-en-evidencias-no-sentimientos-o-modas\/","title":{"rendered":"La gesti\u00f3n del turismo debe basarse en evidencias, no sentimientos o modas"},"content":{"rendered":"\n<figure class=\"wp-block-image size-large\"><img fetchpriority=\"high\" decoding=\"async\" width=\"1024\" height=\"683\" src=\"https:\/\/travindy.com\/wp-content\/uploads\/2020\/02\/maria-abellanet.jpg\" alt=\"La gesti\u00f3n del turismo debe basarse en evidencias, no sentimientos o modas\" class=\"wp-image-38749\" srcset=\"https:\/\/travindy.com\/news\/wp-content\/uploads\/2020\/02\/maria-abellanet.jpg 1024w, https:\/\/travindy.com\/news\/wp-content\/uploads\/2020\/02\/maria-abellanet-300x200.jpg 300w, https:\/\/travindy.com\/news\/wp-content\/uploads\/2020\/02\/maria-abellanet-768x512.jpg 768w\" sizes=\"(max-width: 1024px) 100vw, 1024px\" \/><figcaption>Foto: Hosteltur<\/figcaption><\/figure>\n\n\n\n<p class=\"has-drop-cap\">En un mundo donde aumentan las voces que reclaman el \u201cdecrecimiento tur\u00edstico\u201d o que las personas viajen menos en avi\u00f3n, las empresas tur\u00edsticas deben mantener la cabeza fr\u00eda pero sin eludir sus responsabilidades sociales y medioambientales. \u201cSi se hacen las cosas bien, se ir\u00e1 generando una mejor complicidad con la sociedad\u201d, dice la experta&nbsp;<strong>Maria Abellanet<\/strong>, CEO del centro universitario&nbsp;<strong>CETT<\/strong>.<\/p>\n\n\n\n<p><strong>Las previsiones de la OMT apuntan a que llegaremos a los 1.800 millones de llegadas internacionales hacia 2030. En 2018 ya se alcanzaron los 1.400 millones, dos a\u00f1os antes de lo previsto \u00bfC\u00f3mo cree que el crecimiento del turismo a nivel global afectar\u00e1 a los destinos en la d\u00e9cada 2020-2030?<\/strong><\/p>\n\n\n\n<p>La tendencia al alza del turismo en los pr\u00f3ximos a\u00f1os tiene una afectaci\u00f3n directa en el mercado global ya que no habr\u00e1 ninguna regi\u00f3n tur\u00edstica, seg\u00fan la OMT, que presente variaciones negativas desde un punto de vista de crecimiento cuantitativo. Por tipolog\u00edas, se espera que el turismo urbano ser\u00e1 el que experimentar\u00e1 un crecimiento m\u00e1s significativo respecto a otros entornos.<\/p>\n\n\n\n<p><strong>Se ha referido al turismo simplemente como \u201cmovimiento de personas\u201d. \u00bfQuiz\u00e1 en el siglo XXI convendr\u00e1 reformular el concepto cl\u00e1sico de turismo?<\/strong><\/p>\n\n\n\n<p>O podemos ampliar ese concepto, porque al final lo que acaba colapsando los lugares es: mucha gente en el mismo lugar y en el mismo momento. Lo que pasa es que si hilas fino encontr\u00e1s muchos m\u00e1s matices de d\u00f3nde procede la gente, por qu\u00e9 van a esos lugares, etc. Por ejemplo, hay miles de personas que van a estudiar a otro pa\u00eds, o que se desplazan para visitar amigos repartidos por todo el mundo, etc, eso tambi\u00e9n es turismo. O quiz\u00e1 en el futuro nos moveremos menos por temas de sostenibilidad, pero creo que no ser\u00e1 as\u00ed .<\/p>\n\n\n\n<p><strong>Hablando de sostenibilidad, las posturas m\u00e1s radicales dicen que ser\u00eda necesario ir hacia el decrecimiento tur\u00edstico en ciudades como Barcelona, que usted conoce bien \u00bfqu\u00e9 opina? \u00bfqu\u00e9 pros y contras ve?<\/strong><\/p>\n\n\n\n<p>Contras, todos. Tampoco digo crecimiento. Lo que digo es repensar y gestionar. Y si hablamos de Barcelona, no separar\u00eda la gesti\u00f3n del turismo de la gesti\u00f3n de la ciudad, que es un todo que integra movilidad, sostenibilidad, espacios, seguridad, vivienda\u2026 Todo ello afecta al turismo.<\/p>\n\n\n\n<p><strong>Pero tambi\u00e9n surgen otros movimientos, como la verg\u00fcenza a volar.\u00bfCree que estas tendencias sociales podr\u00edan llevar a un crecimiento en las llegadas de turistas por debajo de las previsiones de la OMT ?<\/strong><\/p>\n\n\n\n<p>Creo que en ese caso se producir\u00eda un cambio en el origen de las personas que visitan un lugar determinado. Si por ejemplo alguien decide no ir a Par\u00eds para no coger el avi\u00f3n, quiz\u00e1 viajar\u00e1 a los Pirineos en un coche el\u00e9ctrico. Pero lo que no va a pararse es el deseo de la gente de vivir experiencias con otras personas, en la naturaleza, con otras culturas&#8230; Eso no lo podremos evitar porque es inherente en las personas. A\u00fan as\u00ed no creo que dejemos de volar en avi\u00f3n, creo que se desarrollar\u00e1n tecnolog\u00edas en la aviaci\u00f3n que no contaminen tanto. Y en todo caso, tampoco se puede atribuir toda la contaminaci\u00f3n del planeta al turismo. El turismo debe contribuir sin lugar a dudas a contaminar menos. Pero en la reciente Cumbre del Clima en Madrid apenas se han alcanzando acuerdos y grandes potencias ni han acudido y seguir\u00e1n contaminando. Por tanto, lo que dir\u00eda es menos hipocres\u00eda con todo esto.<\/p>\n\n\n\n<p><strong>Es decir&#8230;<\/strong><\/p>\n\n\n\n<p>Busquemos una gesti\u00f3n integral sostenible en un sentido amplio. Modifiquemos las medidas con las que se eval\u00faan los impactos del turismo. Incorporemos estos tipos de temas socioecon\u00f3micos ambientales. Pero no seamos dr\u00e1sticos porque eso no nos llevar\u00e1 a buen puerto.<\/p>\n\n\n\n<p><strong>Ante estos nuevos retos \u00bfQu\u00e9 objetivos prioritarios deber\u00edan perseguirse?<\/strong><\/p>\n\n\n\n<p>M\u00e1s all\u00e1 de la lectura de un crecimiento global, en los pr\u00f3ximos a\u00f1os tomar\u00e1n fuerza nuevos valores y factores a la hora de viajar. En este sentido, los destinos deben plantear escenarios distintos a los que hoy se presentan. Tendr\u00e1n que adaptarse, principalmente, a la figura de un turista cada vez m\u00e1s exigente, m\u00e1s sensible y atento a los detalles relativos a su experiencia y a la utilizaci\u00f3n responsable de recursos en el marco de su viaje. En este sentido, se trata de un turista que da importancia al consumo de productos locales, consecuente con la huella ecol\u00f3gica que deja, y tecnol\u00f3gicamente preparado en todas las etapas del viaje.<\/p>\n\n\n\n<p><strong>Pero ese turista m\u00e1s respetuoso y tecnol\u00f3gico del que usted habla, me temo que no est\u00e1 suficientemente cuantificado ni estudiado a fondo\u2026\u00bfSabemos realmente si existe?<\/strong><\/p>\n\n\n\n<p>Lo que s\u00ed sabemos es que se est\u00e1n produciendo cambios sociales que hacen que las personas evolucionen y deseen en general otro tipo de experiencias. Efectivamente faltan m\u00e1s estudios en profundidad de este tipo de nuevos perfiles de viajeros. Y tambi\u00e9n faltan datos de impactos que no sean solo el volumen de ingresos, el gasto medio, o el n\u00famero de pernoctaciones.<\/p>\n\n\n\n<p><strong>\u00bfLas empresas tur\u00edsticas deben tener un papel m\u00e1s activo para ser m\u00e1s responsables con su propio destino?<\/strong><\/p>\n\n\n\n<p>Sin lugar a dudas. Creo que la responsabilidad es compartida por todos los actores que participamos en el turismo. Tambi\u00e9n de los propios turistas. Pero las empresas no pueden eludir esa responsabilidad. Si se hacen las cosas bien, si se hacen mejor, se ir\u00e1 generando una mejor complicidad con la sociedad, una mejor comunicaci\u00f3n. Por tanto creo que deben explicarse relatos reales, con ejemplos pr\u00e1cticos del territorio y con resultados tangibles.<\/p>\n\n\n\n<p><strong>Este art\u00edculo es un resumen de la noticia original publicada por Hosteltur:&nbsp;<\/strong><a href=\"https:\/\/www.hosteltur.com\/134355_la-gestion-del-turismo-debe-basarse-en-evidencias-no-sentimientos-o-modas.html\" target=\"_blank\" rel=\"noreferrer noopener\" aria-label=\" (opens in a new tab)\"><strong>\u201c<\/strong>La gesti\u00f3n del turismo debe basarse en evidencias, no sentimientos o modas<strong>\u201d<\/strong><\/a><strong>.<\/strong> <\/p>\n","protected":false},"excerpt":{"rendered":"<p>La responsabilidad es compartida por todos los actores que participamos en el turismo<br \/>\ny no se pueden eludir responsabilidades sociales y medioambientales.<\/p>\n","protected":false},"author":5,"featured_media":38749,"comment_status":"open","ping_status":"open","sticky":false,"template":"","format":"standard","meta":{"footnotes":""},"categories":[534],"tags":[3448,3447,728,773,749],"yoast_head":"<!-- This site is optimized with the Yoast SEO plugin v21.4 - https:\/\/yoast.com\/wordpress\/plugins\/seo\/ -->\n<title>La gesti\u00f3n del turismo debe basarse en evidencias, no sentimientos o modas<\/title>\n<meta name=\"description\" content=\"La responsabilidad es compartida por todos los actores que participamos en el turismo y no se pueden eludir responsabilidades sociales y medioambientales.\" \/>\n<meta name=\"robots\" content=\"index, follow, max-snippet:-1, max-image-preview:large, max-video-preview:-1\" \/>\n<link rel=\"canonical\" href=\"https:\/\/travindy.com\/news\/2020\/02\/la-gestion-del-turismo-debe-basarse-en-evidencias-no-sentimientos-o-modas\/\" \/>\n<meta property=\"og:locale\" content=\"en_US\" \/>\n<meta property=\"og:type\" content=\"article\" \/>\n<meta property=\"og:title\" content=\"La gesti\u00f3n del turismo debe basarse en evidencias, no sentimientos o modas\" \/>\n<meta property=\"og:description\" content=\"La responsabilidad es compartida por todos los actores que participamos en el turismo y no se pueden eludir responsabilidades sociales y medioambientales.\" \/>\n<meta property=\"og:url\" content=\"https:\/\/travindy.com\/news\/2020\/02\/la-gestion-del-turismo-debe-basarse-en-evidencias-no-sentimientos-o-modas\/\" \/>\n<meta property=\"og:site_name\" content=\"Travindy\" \/>\n<meta property=\"article:publisher\" content=\"https:\/\/www.facebook.com\/travindy\" \/>\n<meta property=\"article:author\" content=\"https:\/\/www.facebook.com\/travindy\" \/>\n<meta property=\"article:published_time\" content=\"2020-02-16T15:10:06+00:00\" \/>\n<meta property=\"article:modified_time\" content=\"2020-02-16T15:10:11+00:00\" \/>\n<meta property=\"og:image\" content=\"https:\/\/travindy.com\/news\/wp-content\/uploads\/2020\/02\/maria-abellanet.jpg\" \/>\n\t<meta property=\"og:image:width\" content=\"1024\" \/>\n\t<meta property=\"og:image:height\" content=\"683\" \/>\n\t<meta property=\"og:image:type\" content=\"image\/jpeg\" \/>\n<meta name=\"author\" content=\"Travindy\" \/>\n<meta name=\"twitter:card\" content=\"summary_large_image\" \/>\n<meta name=\"twitter:creator\" content=\"@travindy\" \/>\n<meta name=\"twitter:site\" content=\"@Travindy\" \/>\n<meta name=\"twitter:label1\" content=\"Written by\" \/>\n\t<meta name=\"twitter:data1\" content=\"Travindy\" \/>\n\t<meta name=\"twitter:label2\" content=\"Est. reading time\" \/>\n\t<meta name=\"twitter:data2\" content=\"5 minutes\" \/>\n<script type=\"application\/ld+json\" class=\"yoast-schema-graph\">{\"@context\":\"https:\/\/schema.org\",\"@graph\":[{\"@type\":\"Article\",\"@id\":\"https:\/\/travindy.com\/news\/2020\/02\/la-gestion-del-turismo-debe-basarse-en-evidencias-no-sentimientos-o-modas\/#article\",\"isPartOf\":{\"@id\":\"https:\/\/travindy.com\/news\/2020\/02\/la-gestion-del-turismo-debe-basarse-en-evidencias-no-sentimientos-o-modas\/\"},\"author\":{\"name\":\"Travindy\",\"@id\":\"https:\/\/travindy.com\/news\/#\/schema\/person\/79576b26c03e84ac969c6cf7ad8118bb\"},\"headline\":\"La gesti\u00f3n del turismo debe basarse en evidencias, no sentimientos o modas\",\"datePublished\":\"2020-02-16T15:10:06+00:00\",\"dateModified\":\"2020-02-16T15:10:11+00:00\",\"mainEntityOfPage\":{\"@id\":\"https:\/\/travindy.com\/news\/2020\/02\/la-gestion-del-turismo-debe-basarse-en-evidencias-no-sentimientos-o-modas\/\"},\"wordCount\":1006,\"commentCount\":0,\"publisher\":{\"@id\":\"https:\/\/travindy.com\/news\/#organization\"},\"keywords\":[\"CETT\",\"Maria Abellanet\",\"OMT\",\"sostenibilidad\",\"Turismo\"],\"articleSection\":[\"News\"],\"inLanguage\":\"en-US\",\"potentialAction\":[{\"@type\":\"CommentAction\",\"name\":\"Comment\",\"target\":[\"https:\/\/travindy.com\/news\/2020\/02\/la-gestion-del-turismo-debe-basarse-en-evidencias-no-sentimientos-o-modas\/#respond\"]}]},{\"@type\":\"WebPage\",\"@id\":\"https:\/\/travindy.com\/news\/2020\/02\/la-gestion-del-turismo-debe-basarse-en-evidencias-no-sentimientos-o-modas\/\",\"url\":\"https:\/\/travindy.com\/news\/2020\/02\/la-gestion-del-turismo-debe-basarse-en-evidencias-no-sentimientos-o-modas\/\",\"name\":\"La gesti\u00f3n del turismo debe basarse en evidencias, no sentimientos o modas\",\"isPartOf\":{\"@id\":\"https:\/\/travindy.com\/news\/#website\"},\"datePublished\":\"2020-02-16T15:10:06+00:00\",\"dateModified\":\"2020-02-16T15:10:11+00:00\",\"description\":\"La responsabilidad es compartida por todos los actores que participamos en el turismo y no se pueden eludir responsabilidades sociales y medioambientales.\",\"breadcrumb\":{\"@id\":\"https:\/\/travindy.com\/news\/2020\/02\/la-gestion-del-turismo-debe-basarse-en-evidencias-no-sentimientos-o-modas\/#breadcrumb\"},\"inLanguage\":\"en-US\",\"potentialAction\":[{\"@type\":\"ReadAction\",\"target\":[\"https:\/\/travindy.com\/news\/2020\/02\/la-gestion-del-turismo-debe-basarse-en-evidencias-no-sentimientos-o-modas\/\"]}]},{\"@type\":\"BreadcrumbList\",\"@id\":\"https:\/\/travindy.com\/news\/2020\/02\/la-gestion-del-turismo-debe-basarse-en-evidencias-no-sentimientos-o-modas\/#breadcrumb\",\"itemListElement\":[{\"@type\":\"ListItem\",\"position\":1,\"name\":\"Home\",\"item\":\"https:\/\/travindy.com\/news\/\"},{\"@type\":\"ListItem\",\"position\":2,\"name\":\"La gesti\u00f3n del turismo debe basarse en evidencias, no sentimientos o modas\"}]},{\"@type\":\"WebSite\",\"@id\":\"https:\/\/travindy.com\/news\/#website\",\"url\":\"https:\/\/travindy.com\/news\/\",\"name\":\"Travindy\",\"description\":\"sustainable tourism consulting, news and resources\",\"publisher\":{\"@id\":\"https:\/\/travindy.com\/news\/#organization\"},\"potentialAction\":[{\"@type\":\"SearchAction\",\"target\":{\"@type\":\"EntryPoint\",\"urlTemplate\":\"https:\/\/travindy.com\/news\/?s={search_term_string}\"},\"query-input\":\"required name=search_term_string\"}],\"inLanguage\":\"en-US\"},{\"@type\":\"Organization\",\"@id\":\"https:\/\/travindy.com\/news\/#organization\",\"name\":\"Travindy\",\"url\":\"https:\/\/travindy.com\/news\/\",\"logo\":{\"@type\":\"ImageObject\",\"inLanguage\":\"en-US\",\"@id\":\"https:\/\/travindy.com\/news\/#\/schema\/logo\/image\/\",\"url\":\"https:\/\/travindy.com\/wp-content\/uploads\/2022\/08\/cropped-travindy-logo-square.png\",\"contentUrl\":\"https:\/\/travindy.com\/wp-content\/uploads\/2022\/08\/cropped-travindy-logo-square.png\",\"width\":512,\"height\":512,\"caption\":\"Travindy\"},\"image\":{\"@id\":\"https:\/\/travindy.com\/news\/#\/schema\/logo\/image\/\"},\"sameAs\":[\"https:\/\/www.facebook.com\/travindy\",\"https:\/\/twitter.com\/Travindy\"]},{\"@type\":\"Person\",\"@id\":\"https:\/\/travindy.com\/news\/#\/schema\/person\/79576b26c03e84ac969c6cf7ad8118bb\",\"name\":\"Travindy\",\"image\":{\"@type\":\"ImageObject\",\"inLanguage\":\"en-US\",\"@id\":\"https:\/\/travindy.com\/news\/#\/schema\/person\/image\/\",\"url\":\"https:\/\/secure.gravatar.com\/avatar\/7e8e24b511c9178e320b9eb2226dadb1?s=96&d=mm&r=g\",\"contentUrl\":\"https:\/\/secure.gravatar.com\/avatar\/7e8e24b511c9178e320b9eb2226dadb1?s=96&d=mm&r=g\",\"caption\":\"Travindy\"},\"description\":\"Travindy is an independent website featuring news and opinion on all issues to do with tourism and sustainability. Written primarily for an industry audience, our aim is to support the transformation of the sector into one that is regenerative, restorative and fully inclusive.\",\"sameAs\":[\"https:\/\/www.facebook.com\/travindy\",\"https:\/\/twitter.com\/travindy\"],\"url\":\"https:\/\/travindy.com\/news\/author\/travindy\/\"}]}<\/script>\n<!-- \/ Yoast SEO plugin. -->","yoast_head_json":{"title":"La gesti\u00f3n del turismo debe basarse en evidencias, no sentimientos o modas","description":"La responsabilidad es compartida por todos los actores que participamos en el turismo y no se pueden eludir responsabilidades sociales y medioambientales.","robots":{"index":"index","follow":"follow","max-snippet":"max-snippet:-1","max-image-preview":"max-image-preview:large","max-video-preview":"max-video-preview:-1"},"canonical":"https:\/\/travindy.com\/news\/2020\/02\/la-gestion-del-turismo-debe-basarse-en-evidencias-no-sentimientos-o-modas\/","og_locale":"en_US","og_type":"article","og_title":"La gesti\u00f3n del turismo debe basarse en evidencias, no sentimientos o modas","og_description":"La responsabilidad es compartida por todos los actores que participamos en el turismo y no se pueden eludir responsabilidades sociales y medioambientales.","og_url":"https:\/\/travindy.com\/news\/2020\/02\/la-gestion-del-turismo-debe-basarse-en-evidencias-no-sentimientos-o-modas\/","og_site_name":"Travindy","article_publisher":"https:\/\/www.facebook.com\/travindy","article_author":"https:\/\/www.facebook.com\/travindy","article_published_time":"2020-02-16T15:10:06+00:00","article_modified_time":"2020-02-16T15:10:11+00:00","og_image":[{"width":1024,"height":683,"url":"https:\/\/travindy.com\/news\/wp-content\/uploads\/2020\/02\/maria-abellanet.jpg","type":"image\/jpeg"}],"author":"Travindy","twitter_card":"summary_large_image","twitter_creator":"@travindy","twitter_site":"@Travindy","twitter_misc":{"Written by":"Travindy","Est. reading time":"5 minutes"},"schema":{"@context":"https:\/\/schema.org","@graph":[{"@type":"Article","@id":"https:\/\/travindy.com\/news\/2020\/02\/la-gestion-del-turismo-debe-basarse-en-evidencias-no-sentimientos-o-modas\/#article","isPartOf":{"@id":"https:\/\/travindy.com\/news\/2020\/02\/la-gestion-del-turismo-debe-basarse-en-evidencias-no-sentimientos-o-modas\/"},"author":{"name":"Travindy","@id":"https:\/\/travindy.com\/news\/#\/schema\/person\/79576b26c03e84ac969c6cf7ad8118bb"},"headline":"La gesti\u00f3n del turismo debe basarse en evidencias, no sentimientos o modas","datePublished":"2020-02-16T15:10:06+00:00","dateModified":"2020-02-16T15:10:11+00:00","mainEntityOfPage":{"@id":"https:\/\/travindy.com\/news\/2020\/02\/la-gestion-del-turismo-debe-basarse-en-evidencias-no-sentimientos-o-modas\/"},"wordCount":1006,"commentCount":0,"publisher":{"@id":"https:\/\/travindy.com\/news\/#organization"},"keywords":["CETT","Maria Abellanet","OMT","sostenibilidad","Turismo"],"articleSection":["News"],"inLanguage":"en-US","potentialAction":[{"@type":"CommentAction","name":"Comment","target":["https:\/\/travindy.com\/news\/2020\/02\/la-gestion-del-turismo-debe-basarse-en-evidencias-no-sentimientos-o-modas\/#respond"]}]},{"@type":"WebPage","@id":"https:\/\/travindy.com\/news\/2020\/02\/la-gestion-del-turismo-debe-basarse-en-evidencias-no-sentimientos-o-modas\/","url":"https:\/\/travindy.com\/news\/2020\/02\/la-gestion-del-turismo-debe-basarse-en-evidencias-no-sentimientos-o-modas\/","name":"La gesti\u00f3n del turismo debe basarse en evidencias, no sentimientos o modas","isPartOf":{"@id":"https:\/\/travindy.com\/news\/#website"},"datePublished":"2020-02-16T15:10:06+00:00","dateModified":"2020-02-16T15:10:11+00:00","description":"La responsabilidad es compartida por todos los actores que participamos en el turismo y no se pueden eludir responsabilidades sociales y medioambientales.","breadcrumb":{"@id":"https:\/\/travindy.com\/news\/2020\/02\/la-gestion-del-turismo-debe-basarse-en-evidencias-no-sentimientos-o-modas\/#breadcrumb"},"inLanguage":"en-US","potentialAction":[{"@type":"ReadAction","target":["https:\/\/travindy.com\/news\/2020\/02\/la-gestion-del-turismo-debe-basarse-en-evidencias-no-sentimientos-o-modas\/"]}]},{"@type":"BreadcrumbList","@id":"https:\/\/travindy.com\/news\/2020\/02\/la-gestion-del-turismo-debe-basarse-en-evidencias-no-sentimientos-o-modas\/#breadcrumb","itemListElement":[{"@type":"ListItem","position":1,"name":"Home","item":"https:\/\/travindy.com\/news\/"},{"@type":"ListItem","position":2,"name":"La gesti\u00f3n del turismo debe basarse en evidencias, no sentimientos o modas"}]},{"@type":"WebSite","@id":"https:\/\/travindy.com\/news\/#website","url":"https:\/\/travindy.com\/news\/","name":"Travindy","description":"sustainable tourism consulting, news and resources","publisher":{"@id":"https:\/\/travindy.com\/news\/#organization"},"potentialAction":[{"@type":"SearchAction","target":{"@type":"EntryPoint","urlTemplate":"https:\/\/travindy.com\/news\/?s={search_term_string}"},"query-input":"required name=search_term_string"}],"inLanguage":"en-US"},{"@type":"Organization","@id":"https:\/\/travindy.com\/news\/#organization","name":"Travindy","url":"https:\/\/travindy.com\/news\/","logo":{"@type":"ImageObject","inLanguage":"en-US","@id":"https:\/\/travindy.com\/news\/#\/schema\/logo\/image\/","url":"https:\/\/travindy.com\/wp-content\/uploads\/2022\/08\/cropped-travindy-logo-square.png","contentUrl":"https:\/\/travindy.com\/wp-content\/uploads\/2022\/08\/cropped-travindy-logo-square.png","width":512,"height":512,"caption":"Travindy"},"image":{"@id":"https:\/\/travindy.com\/news\/#\/schema\/logo\/image\/"},"sameAs":["https:\/\/www.facebook.com\/travindy","https:\/\/twitter.com\/Travindy"]},{"@type":"Person","@id":"https:\/\/travindy.com\/news\/#\/schema\/person\/79576b26c03e84ac969c6cf7ad8118bb","name":"Travindy","image":{"@type":"ImageObject","inLanguage":"en-US","@id":"https:\/\/travindy.com\/news\/#\/schema\/person\/image\/","url":"https:\/\/secure.gravatar.com\/avatar\/7e8e24b511c9178e320b9eb2226dadb1?s=96&d=mm&r=g","contentUrl":"https:\/\/secure.gravatar.com\/avatar\/7e8e24b511c9178e320b9eb2226dadb1?s=96&d=mm&r=g","caption":"Travindy"},"description":"Travindy is an independent website featuring news and opinion on all issues to do with tourism and sustainability. Written primarily for an industry audience, our aim is to support the transformation of the sector into one that is regenerative, restorative and fully inclusive.","sameAs":["https:\/\/www.facebook.com\/travindy","https:\/\/twitter.com\/travindy"],"url":"https:\/\/travindy.com\/news\/author\/travindy\/"}]}},"_links":{"self":[{"href":"https:\/\/travindy.com\/news\/wp-json\/wp\/v2\/posts\/38748"}],"collection":[{"href":"https:\/\/travindy.com\/news\/wp-json\/wp\/v2\/posts"}],"about":[{"href":"https:\/\/travindy.com\/news\/wp-json\/wp\/v2\/types\/post"}],"author":[{"embeddable":true,"href":"https:\/\/travindy.com\/news\/wp-json\/wp\/v2\/users\/5"}],"replies":[{"embeddable":true,"href":"https:\/\/travindy.com\/news\/wp-json\/wp\/v2\/comments?post=38748"}],"version-history":[{"count":0,"href":"https:\/\/travindy.com\/news\/wp-json\/wp\/v2\/posts\/38748\/revisions"}],"wp:featuredmedia":[{"embeddable":true,"href":"https:\/\/travindy.com\/news\/wp-json\/wp\/v2\/media\/38749"}],"wp:attachment":[{"href":"https:\/\/travindy.com\/news\/wp-json\/wp\/v2\/media?parent=38748"}],"wp:term":[{"taxonomy":"category","embeddable":true,"href":"https:\/\/travindy.com\/news\/wp-json\/wp\/v2\/categories?post=38748"},{"taxonomy":"post_tag","embeddable":true,"href":"https:\/\/travindy.com\/news\/wp-json\/wp\/v2\/tags?post=38748"}],"curies":[{"name":"wp","href":"https:\/\/api.w.org\/{rel}","templated":true}]}}