{"id":37722,"date":"2019-12-01T19:44:41","date_gmt":"2019-12-01T18:44:41","guid":{"rendered":"https:\/\/travindy.com\/?p=37722"},"modified":"2019-12-15T20:12:49","modified_gmt":"2019-12-15T19:12:49","slug":"si-es-posible-practicar-ecoturismo-en-catalunya-durante-todo-el-ano-que-nos-falta","status":"publish","type":"post","link":"https:\/\/travindy.com\/news\/2019\/12\/si-es-posible-practicar-ecoturismo-en-catalunya-durante-todo-el-ano-que-nos-falta\/","title":{"rendered":"Si es posible practicar ecoturismo en Catalunya durante todo el a\u00f1o, \u00bfqu\u00e9 nos falta?\u00a0 \u00a0"},"content":{"rendered":"\n<div class=\"wp-block-image\"><figure class=\"aligncenter size-large\"><img fetchpriority=\"high\" decoding=\"async\" width=\"1024\" height=\"768\" src=\"https:\/\/travindy.com\/wp-content\/uploads\/2019\/11\/IMG_20191023_120806-1024x768.jpg\" alt=\"Si es posible practicar ecoturismo en Catalunya durante todo el a\u00f1o, \u00bfqu\u00e9 nos falta?\u00a0 \u00a0\" class=\"wp-image-37723\" srcset=\"https:\/\/travindy.com\/news\/wp-content\/uploads\/2019\/11\/IMG_20191023_120806-1024x768.jpg 1024w, https:\/\/travindy.com\/news\/wp-content\/uploads\/2019\/11\/IMG_20191023_120806-300x225.jpg 300w, https:\/\/travindy.com\/news\/wp-content\/uploads\/2019\/11\/IMG_20191023_120806-768x576.jpg 768w, https:\/\/travindy.com\/news\/wp-content\/uploads\/2019\/11\/IMG_20191023_120806.jpg 1456w\" sizes=\"(max-width: 1024px) 100vw, 1024px\" \/><\/figure><\/div>\n\n\n\n<p class=\"has-drop-cap\">Los d\u00edas 23 y 24 de octubre, la <strong>Taula del Ecoturisme<\/strong> organiz\u00f3 en el Delta de l\u2019Ebre el <strong><a rel=\"noreferrer noopener nofollow\" label=\" (opens in a new tab)\" href=\"http:\/\/empresa.gencat.cat\/ca\/treb_ambits_actuacio\/turisme\/turisme_sostenible\/forum-ens-2019\" target=\"_blank\">II F\u00f2rum ENS de Ecoturismo<\/a><\/strong>, un encuentro que reuni\u00f3 a grandes profesionales del sector para debatir c\u00f3mo se puede impulsar el <strong>ecoturismo<\/strong> <strong>en Catalunya durante los 365 d\u00edas del a\u00f1o<\/strong>. <\/p>\n\n\n\n<p>La organizaci\u00f3n del evento fue todo un \u00e9xito y no s\u00f3lo se habl\u00f3 de ecoturismo, sino tambi\u00e9n, se puso en pr\u00e1ctica apoyando la <strong>gastronom\u00eda local<\/strong>, la movilidad sostenible y el conocimiento del territorio a trav\u00e9s de <strong>gu\u00edas de naturaleza<\/strong>. <\/p>\n\n\n\n<div class=\"wp-block-image\"><figure class=\"aligncenter size-large\"><img decoding=\"async\" width=\"1024\" height=\"768\" src=\"https:\/\/travindy.com\/wp-content\/uploads\/2019\/11\/IMG_20191023_180725-1024x768.jpg\" alt=\"Si es posible practicar ecoturismo en Catalunya durante todo el a\u00f1o, \u00bfqu\u00e9 nos falta?\u00a0 \u00a0\" class=\"wp-image-37726\" srcset=\"https:\/\/travindy.com\/news\/wp-content\/uploads\/2019\/11\/IMG_20191023_180725-1024x768.jpg 1024w, https:\/\/travindy.com\/news\/wp-content\/uploads\/2019\/11\/IMG_20191023_180725-300x225.jpg 300w, https:\/\/travindy.com\/news\/wp-content\/uploads\/2019\/11\/IMG_20191023_180725-768x576.jpg 768w, https:\/\/travindy.com\/news\/wp-content\/uploads\/2019\/11\/IMG_20191023_180725.jpg 1040w\" sizes=\"(max-width: 1024px) 100vw, 1024px\" \/><\/figure><\/div>\n\n\n\n<p>Durante los dos d\u00edas que dur\u00f3 el F\u00f2rum qued\u00f3 claro que <strong>Catalunya<\/strong> tiene las caracter\u00edsticas adecuadas para ser un destino de <strong>ecoturismo<\/strong> y que existen <strong>profesionales<\/strong> que saben c\u00f3mo aprovechar los recursos del territorio a lo largo del a\u00f1o para crear <strong>productos de ecoturismo<\/strong>. Adem\u00e1s, tambi\u00e9n se demostr\u00f3 que existe un <strong>turista amante de la naturaleza<\/strong> que le encantar\u00eda hacer ecoturismo en Catalunya. Entonces, \u00bfqu\u00e9 falla?<\/p>\n\n\n\n<div class=\"wp-block-image\"><figure class=\"aligncenter size-large\"><img decoding=\"async\" width=\"1024\" height=\"768\" src=\"https:\/\/travindy.com\/wp-content\/uploads\/2019\/11\/IMG_20191023_102351-1024x768.jpg\" alt=\"Si es posible practicar ecoturismo en Catalunya durante todo el a\u00f1o, \u00bfqu\u00e9 nos falta?\u00a0 \u00a0\" class=\"wp-image-37735\" srcset=\"https:\/\/travindy.com\/news\/wp-content\/uploads\/2019\/11\/IMG_20191023_102351-1024x768.jpg 1024w, https:\/\/travindy.com\/news\/wp-content\/uploads\/2019\/11\/IMG_20191023_102351-300x225.jpg 300w, https:\/\/travindy.com\/news\/wp-content\/uploads\/2019\/11\/IMG_20191023_102351-768x576.jpg 768w, https:\/\/travindy.com\/news\/wp-content\/uploads\/2019\/11\/IMG_20191023_102351.jpg 1040w\" sizes=\"(max-width: 1024px) 100vw, 1024px\" \/><\/figure><\/div>\n\n\n\n<h2 class=\"wp-block-heading\"><strong>Retos importantes<\/strong><\/h2>\n\n\n\n<p>De las intervenciones de los ponentes salieron varios retos a los que hacer frente para conseguir un ecoturismo todo el a\u00f1o:<\/p>\n\n\n\n<ul><li><strong> Espacios naturales accesibles en transporte p\u00fablico<\/strong>. Se trata de una asignatura pendiente que no solo ayudar\u00eda a reducir la acumulaci\u00f3n de coches aparcados en los l\u00edmites de las zonas naturales sino tambi\u00e9n, a facilitar el acceso a aquellas personas que han decidido no tener coche por <strong>conciencia ambiental<\/strong>. Vimos el ejemplo del <a rel=\"noreferrer noopener nofollow\" label=\"Parque\u00a0 Natural del Montseny (opens in a new tab)\" href=\"https:\/\/parcs.diba.cat\/es\/web\/montseny\/transports-publics\" target=\"_blank\">Parque\u00a0 Natural del Montseny<\/a> y del <a rel=\"noreferrer noopener nofollow\" label=\"Parque Natural de Sant Lloren\u00e7 del Munt (opens in a new tab)\" href=\"https:\/\/parcs.diba.cat\/es\/web\/santllorenc\/transports-publics\" target=\"_blank\">Parque Natural de Sant Lloren\u00e7 del Munt<\/a>.<\/li><li><strong>Conocer mejor el perfil del ecoturista<\/strong>. Aunque sabemos qu\u00e9 caracter\u00edsticas tiene el ecoturista, es necesario enmarcarlo en un segmento definido para realizar una <strong>comunicaci\u00f3n<\/strong> m\u00e1s dirigida y asertiva.<\/li><li><strong>Servicios tur\u00edsticos abiertos en temporada baja<\/strong>. A veces parece que el sector del turismo debe estar al servicio del viajero las 24 horas los 365 d\u00edas del a\u00f1o, y est\u00e1 claro que tambi\u00e9n necesitan hacer vacaciones. Por eso es b\u00e1sico encontrar el <strong>equilibro<\/strong> y saber repartirse entre las diferentes empresas de la zona.<\/li><li><strong>Mejor comunicaci\u00f3n entre el sector p\u00fablico y el sector privado<\/strong>. Es el eterno debate y parece mentira que a\u00fan no est\u00e9 resuelto cuando los intereses de ambas partes son los mismos.<\/li><\/ul>\n\n\n\n<div class=\"wp-block-image\"><figure class=\"aligncenter size-large\"><img loading=\"lazy\" decoding=\"async\" width=\"1024\" height=\"768\" src=\"https:\/\/travindy.com\/wp-content\/uploads\/2019\/11\/IMG_20191024_104616-1024x768.jpg\" alt=\"Si es posible practicar ecoturismo en Catalunya durante todo el a\u00f1o, \u00bfqu\u00e9 nos falta?\u00a0 \u00a0\" class=\"wp-image-37732\" srcset=\"https:\/\/travindy.com\/news\/wp-content\/uploads\/2019\/11\/IMG_20191024_104616-1024x768.jpg 1024w, https:\/\/travindy.com\/news\/wp-content\/uploads\/2019\/11\/IMG_20191024_104616-300x225.jpg 300w, https:\/\/travindy.com\/news\/wp-content\/uploads\/2019\/11\/IMG_20191024_104616-768x576.jpg 768w, https:\/\/travindy.com\/news\/wp-content\/uploads\/2019\/11\/IMG_20191024_104616.jpg 1040w\" sizes=\"(max-width: 1024px) 100vw, 1024px\" \/><\/figure><\/div>\n\n\n\n<h2 class=\"wp-block-heading\"><strong>\u00bfSuperar estos retos es la soluci\u00f3n?<\/strong><\/h2>\n\n\n\n<p>Desde mi punto de vista, y despu\u00e9s de escuchar a todos los ponentes, creo que debemos ir m\u00e1s all\u00e1. <strong><a rel=\"noreferrer noopener\" aria-label=\" (opens in a new tab)\" href=\"https:\/\/twitter.com\/xaviercazorla?lang=ca\" target=\"_blank\">Xavier Cazorla<\/a><\/strong>, secretario t\u00e9cnico de la taula del Ecoturismo, dijo algo muy acertado durante las conclusiones del F\u00f2rum ENS: \u201cAhora es momento de <strong>creernos todo el potencial que tenemos en Catalunya<\/strong>\u201d. Ese es el primer paso para sabernos vender fuera, pero tambi\u00e9n que la administraci\u00f3n haga una promoci\u00f3n real de la <strong><a rel=\"noreferrer noopener nofollow\" label=\" (opens in a new tab)\" href=\"http:\/\/act.gencat.cat\/afiliacio-a-marques\/afiliat-marques-act\/ecoturisme\/\" target=\"_blank\">Marca Ecoturismo<\/a><\/strong>. Necesitamos ir m\u00e1s all\u00e1 de debates, de folletos informativos y de gu\u00edas perfectamente maquetadas para <strong>construir un relato<\/strong> que haga que el turista amante de la naturaleza tenga Catalunya en mente cuando planifique un viaje de ecoturismo.  <\/p>\n\n\n\n<p>Como hace 25 a\u00f1os la administraci\u00f3n puso de su parte para que el<a href=\"http:\/\/parcsnaturals.gencat.cat\/ca\/delta-ebre\" target=\"_blank\" rel=\"noreferrer noopener\" aria-label=\" Parque Natural de Delta de l\u2019Ebre (opens in a new tab)\"> <strong>Parque Natural de Delta de l\u2019Ebre<\/strong><\/a> fuera una realidad, ahora tambi\u00e9n es momento de apostar por un <strong>turismo m\u00e1s responsable<\/strong> y <strong>sostenible<\/strong> en nuestro pa\u00eds, para dejar de lado el modelo caduco del sol y playa que ya no es beneficioso para el destino.<\/p>\n","protected":false},"excerpt":{"rendered":"<p>Los d\u00edas 23 y 24 de octubre tuvo lugar el F\u00f2rum Ens d&#8217;Ecoturismo en el que se debati\u00f3 sobre c\u00f3mo practicar ecoturismo en Catalunya durante todo el a\u00f1o.<\/p>\n","protected":false},"author":179,"featured_media":37723,"comment_status":"open","ping_status":"open","sticky":false,"template":"","format":"standard","meta":{"footnotes":""},"categories":[534],"tags":[901,2997,791,3341,3340,3342],"yoast_head":"<!-- This site is optimized with the Yoast SEO plugin v21.4 - https:\/\/yoast.com\/wordpress\/plugins\/seo\/ -->\n<title>Si es posible practicar ecoturismo en Catalunya durante todo el a\u00f1o, \u00bfqu\u00e9 nos falta?\u00a0 \u00a0<\/title>\n<meta name=\"description\" content=\"Los d\u00edas 23 y 24 de octubre tuvo lugar el F\u00f2rum Ens d&#039;Ecoturismo en el que se debati\u00f3 sobre c\u00f3mo practicar ecoturismo en Catalunya durante todo el a\u00f1o.\" \/>\n<meta name=\"robots\" content=\"index, follow, max-snippet:-1, max-image-preview:large, max-video-preview:-1\" \/>\n<link rel=\"canonical\" href=\"https:\/\/travindy.com\/news\/2019\/12\/si-es-posible-practicar-ecoturismo-en-catalunya-durante-todo-el-ano-que-nos-falta\/\" \/>\n<meta property=\"og:locale\" content=\"en_US\" \/>\n<meta property=\"og:type\" content=\"article\" \/>\n<meta property=\"og:title\" content=\"Si es posible practicar ecoturismo en Catalunya durante todo el a\u00f1o, \u00bfqu\u00e9 nos falta?\u00a0 \u00a0\" \/>\n<meta property=\"og:description\" content=\"Los d\u00edas 23 y 24 de octubre tuvo lugar el F\u00f2rum Ens d&#039;Ecoturismo en el que se debati\u00f3 sobre c\u00f3mo practicar ecoturismo en Catalunya durante todo el a\u00f1o.\" \/>\n<meta property=\"og:url\" content=\"https:\/\/travindy.com\/news\/2019\/12\/si-es-posible-practicar-ecoturismo-en-catalunya-durante-todo-el-ano-que-nos-falta\/\" \/>\n<meta property=\"og:site_name\" content=\"Travindy\" \/>\n<meta property=\"article:publisher\" content=\"https:\/\/www.facebook.com\/travindy\" \/>\n<meta property=\"article:published_time\" content=\"2019-12-01T18:44:41+00:00\" \/>\n<meta property=\"article:modified_time\" content=\"2019-12-15T19:12:49+00:00\" \/>\n<meta property=\"og:image\" content=\"https:\/\/travindy.com\/news\/wp-content\/uploads\/2019\/11\/IMG_20191023_120806.jpg\" \/>\n\t<meta property=\"og:image:width\" content=\"1456\" \/>\n\t<meta property=\"og:image:height\" content=\"1092\" \/>\n\t<meta property=\"og:image:type\" content=\"image\/jpeg\" \/>\n<meta name=\"author\" content=\"Cristina Vil\u00e0\" \/>\n<meta name=\"twitter:card\" content=\"summary_large_image\" \/>\n<meta name=\"twitter:creator\" content=\"@Travindy\" \/>\n<meta name=\"twitter:site\" content=\"@Travindy\" \/>\n<meta name=\"twitter:label1\" content=\"Written by\" \/>\n\t<meta name=\"twitter:data1\" content=\"Cristina Vil\u00e0\" \/>\n\t<meta name=\"twitter:label2\" content=\"Est. reading time\" \/>\n\t<meta name=\"twitter:data2\" content=\"3 minutes\" \/>\n<script type=\"application\/ld+json\" class=\"yoast-schema-graph\">{\"@context\":\"https:\/\/schema.org\",\"@graph\":[{\"@type\":\"Article\",\"@id\":\"https:\/\/travindy.com\/news\/2019\/12\/si-es-posible-practicar-ecoturismo-en-catalunya-durante-todo-el-ano-que-nos-falta\/#article\",\"isPartOf\":{\"@id\":\"https:\/\/travindy.com\/news\/2019\/12\/si-es-posible-practicar-ecoturismo-en-catalunya-durante-todo-el-ano-que-nos-falta\/\"},\"author\":{\"name\":\"Cristina Vil\u00e0\",\"@id\":\"https:\/\/travindy.com\/news\/#\/schema\/person\/78721f90c33f382288f207a9dd71caf2\"},\"headline\":\"Si es posible practicar ecoturismo en Catalunya durante todo el a\u00f1o, \u00bfqu\u00e9 nos falta?\u00a0 \u00a0\",\"datePublished\":\"2019-12-01T18:44:41+00:00\",\"dateModified\":\"2019-12-15T19:12:49+00:00\",\"mainEntityOfPage\":{\"@id\":\"https:\/\/travindy.com\/news\/2019\/12\/si-es-posible-practicar-ecoturismo-en-catalunya-durante-todo-el-ano-que-nos-falta\/\"},\"wordCount\":588,\"commentCount\":0,\"publisher\":{\"@id\":\"https:\/\/travindy.com\/news\/#organization\"},\"keywords\":[\"comunicaci\u00f3n\",\"Delta de l'Ebre\",\"ecoturismo\",\"Marca Ecoturisme\",\"Taula del Ecoturisme\",\"Xavier Cazorla\"],\"articleSection\":[\"News\"],\"inLanguage\":\"en-US\",\"potentialAction\":[{\"@type\":\"CommentAction\",\"name\":\"Comment\",\"target\":[\"https:\/\/travindy.com\/news\/2019\/12\/si-es-posible-practicar-ecoturismo-en-catalunya-durante-todo-el-ano-que-nos-falta\/#respond\"]}]},{\"@type\":\"WebPage\",\"@id\":\"https:\/\/travindy.com\/news\/2019\/12\/si-es-posible-practicar-ecoturismo-en-catalunya-durante-todo-el-ano-que-nos-falta\/\",\"url\":\"https:\/\/travindy.com\/news\/2019\/12\/si-es-posible-practicar-ecoturismo-en-catalunya-durante-todo-el-ano-que-nos-falta\/\",\"name\":\"Si es posible practicar ecoturismo en Catalunya durante todo el a\u00f1o, \u00bfqu\u00e9 nos falta?\u00a0 \u00a0\",\"isPartOf\":{\"@id\":\"https:\/\/travindy.com\/news\/#website\"},\"datePublished\":\"2019-12-01T18:44:41+00:00\",\"dateModified\":\"2019-12-15T19:12:49+00:00\",\"description\":\"Los d\u00edas 23 y 24 de octubre tuvo lugar el F\u00f2rum Ens d'Ecoturismo en el que se debati\u00f3 sobre c\u00f3mo practicar ecoturismo en Catalunya durante todo el a\u00f1o.\",\"breadcrumb\":{\"@id\":\"https:\/\/travindy.com\/news\/2019\/12\/si-es-posible-practicar-ecoturismo-en-catalunya-durante-todo-el-ano-que-nos-falta\/#breadcrumb\"},\"inLanguage\":\"en-US\",\"potentialAction\":[{\"@type\":\"ReadAction\",\"target\":[\"https:\/\/travindy.com\/news\/2019\/12\/si-es-posible-practicar-ecoturismo-en-catalunya-durante-todo-el-ano-que-nos-falta\/\"]}]},{\"@type\":\"BreadcrumbList\",\"@id\":\"https:\/\/travindy.com\/news\/2019\/12\/si-es-posible-practicar-ecoturismo-en-catalunya-durante-todo-el-ano-que-nos-falta\/#breadcrumb\",\"itemListElement\":[{\"@type\":\"ListItem\",\"position\":1,\"name\":\"Home\",\"item\":\"https:\/\/travindy.com\/news\/\"},{\"@type\":\"ListItem\",\"position\":2,\"name\":\"Si es posible practicar ecoturismo en Catalunya durante todo el a\u00f1o, \u00bfqu\u00e9 nos falta?\u00a0 \u00a0\"}]},{\"@type\":\"WebSite\",\"@id\":\"https:\/\/travindy.com\/news\/#website\",\"url\":\"https:\/\/travindy.com\/news\/\",\"name\":\"Travindy\",\"description\":\"sustainable tourism consulting, news and resources\",\"publisher\":{\"@id\":\"https:\/\/travindy.com\/news\/#organization\"},\"potentialAction\":[{\"@type\":\"SearchAction\",\"target\":{\"@type\":\"EntryPoint\",\"urlTemplate\":\"https:\/\/travindy.com\/news\/?s={search_term_string}\"},\"query-input\":\"required name=search_term_string\"}],\"inLanguage\":\"en-US\"},{\"@type\":\"Organization\",\"@id\":\"https:\/\/travindy.com\/news\/#organization\",\"name\":\"Travindy\",\"url\":\"https:\/\/travindy.com\/news\/\",\"logo\":{\"@type\":\"ImageObject\",\"inLanguage\":\"en-US\",\"@id\":\"https:\/\/travindy.com\/news\/#\/schema\/logo\/image\/\",\"url\":\"https:\/\/travindy.com\/wp-content\/uploads\/2022\/08\/cropped-travindy-logo-square.png\",\"contentUrl\":\"https:\/\/travindy.com\/wp-content\/uploads\/2022\/08\/cropped-travindy-logo-square.png\",\"width\":512,\"height\":512,\"caption\":\"Travindy\"},\"image\":{\"@id\":\"https:\/\/travindy.com\/news\/#\/schema\/logo\/image\/\"},\"sameAs\":[\"https:\/\/www.facebook.com\/travindy\",\"https:\/\/twitter.com\/Travindy\"]},{\"@type\":\"Person\",\"@id\":\"https:\/\/travindy.com\/news\/#\/schema\/person\/78721f90c33f382288f207a9dd71caf2\",\"name\":\"Cristina Vil\u00e0\",\"image\":{\"@type\":\"ImageObject\",\"inLanguage\":\"en-US\",\"@id\":\"https:\/\/travindy.com\/news\/#\/schema\/person\/image\/\",\"url\":\"https:\/\/secure.gravatar.com\/avatar\/b86fc71331aa7bf7912801a97c260e42?s=96&d=mm&r=g\",\"contentUrl\":\"https:\/\/secure.gravatar.com\/avatar\/b86fc71331aa7bf7912801a97c260e42?s=96&d=mm&r=g\",\"caption\":\"Cristina Vil\u00e0\"},\"description\":\"Cristina Vil\u00e0 es ambient\u00f3loga con un m\u00e1ster en ecoturismo. Es fundadora de EcoTravelDesign y dise\u00f1a viajes dirigidos a turistas que quieren descubrir una Catalunya local de forma responsable. Adem\u00e1s, es experta en desarrollar planes de sostenibilidad para empresas que quieren hacer un cambio en su modelo de negocio.\",\"sameAs\":[\"http:\/\/laecoturista.wordpress.com\"],\"url\":\"https:\/\/travindy.com\/news\/author\/laecoturistagmail-com\/\"}]}<\/script>\n<!-- \/ Yoast SEO plugin. -->","yoast_head_json":{"title":"Si es posible practicar ecoturismo en Catalunya durante todo el a\u00f1o, \u00bfqu\u00e9 nos falta?\u00a0 \u00a0","description":"Los d\u00edas 23 y 24 de octubre tuvo lugar el F\u00f2rum Ens d'Ecoturismo en el que se debati\u00f3 sobre c\u00f3mo practicar ecoturismo en Catalunya durante todo el a\u00f1o.","robots":{"index":"index","follow":"follow","max-snippet":"max-snippet:-1","max-image-preview":"max-image-preview:large","max-video-preview":"max-video-preview:-1"},"canonical":"https:\/\/travindy.com\/news\/2019\/12\/si-es-posible-practicar-ecoturismo-en-catalunya-durante-todo-el-ano-que-nos-falta\/","og_locale":"en_US","og_type":"article","og_title":"Si es posible practicar ecoturismo en Catalunya durante todo el a\u00f1o, \u00bfqu\u00e9 nos falta?\u00a0 \u00a0","og_description":"Los d\u00edas 23 y 24 de octubre tuvo lugar el F\u00f2rum Ens d'Ecoturismo en el que se debati\u00f3 sobre c\u00f3mo practicar ecoturismo en Catalunya durante todo el a\u00f1o.","og_url":"https:\/\/travindy.com\/news\/2019\/12\/si-es-posible-practicar-ecoturismo-en-catalunya-durante-todo-el-ano-que-nos-falta\/","og_site_name":"Travindy","article_publisher":"https:\/\/www.facebook.com\/travindy","article_published_time":"2019-12-01T18:44:41+00:00","article_modified_time":"2019-12-15T19:12:49+00:00","og_image":[{"width":1456,"height":1092,"url":"https:\/\/travindy.com\/news\/wp-content\/uploads\/2019\/11\/IMG_20191023_120806.jpg","type":"image\/jpeg"}],"author":"Cristina Vil\u00e0","twitter_card":"summary_large_image","twitter_creator":"@Travindy","twitter_site":"@Travindy","twitter_misc":{"Written by":"Cristina Vil\u00e0","Est. reading time":"3 minutes"},"schema":{"@context":"https:\/\/schema.org","@graph":[{"@type":"Article","@id":"https:\/\/travindy.com\/news\/2019\/12\/si-es-posible-practicar-ecoturismo-en-catalunya-durante-todo-el-ano-que-nos-falta\/#article","isPartOf":{"@id":"https:\/\/travindy.com\/news\/2019\/12\/si-es-posible-practicar-ecoturismo-en-catalunya-durante-todo-el-ano-que-nos-falta\/"},"author":{"name":"Cristina Vil\u00e0","@id":"https:\/\/travindy.com\/news\/#\/schema\/person\/78721f90c33f382288f207a9dd71caf2"},"headline":"Si es posible practicar ecoturismo en Catalunya durante todo el a\u00f1o, \u00bfqu\u00e9 nos falta?\u00a0 \u00a0","datePublished":"2019-12-01T18:44:41+00:00","dateModified":"2019-12-15T19:12:49+00:00","mainEntityOfPage":{"@id":"https:\/\/travindy.com\/news\/2019\/12\/si-es-posible-practicar-ecoturismo-en-catalunya-durante-todo-el-ano-que-nos-falta\/"},"wordCount":588,"commentCount":0,"publisher":{"@id":"https:\/\/travindy.com\/news\/#organization"},"keywords":["comunicaci\u00f3n","Delta de l'Ebre","ecoturismo","Marca Ecoturisme","Taula del Ecoturisme","Xavier Cazorla"],"articleSection":["News"],"inLanguage":"en-US","potentialAction":[{"@type":"CommentAction","name":"Comment","target":["https:\/\/travindy.com\/news\/2019\/12\/si-es-posible-practicar-ecoturismo-en-catalunya-durante-todo-el-ano-que-nos-falta\/#respond"]}]},{"@type":"WebPage","@id":"https:\/\/travindy.com\/news\/2019\/12\/si-es-posible-practicar-ecoturismo-en-catalunya-durante-todo-el-ano-que-nos-falta\/","url":"https:\/\/travindy.com\/news\/2019\/12\/si-es-posible-practicar-ecoturismo-en-catalunya-durante-todo-el-ano-que-nos-falta\/","name":"Si es posible practicar ecoturismo en Catalunya durante todo el a\u00f1o, \u00bfqu\u00e9 nos falta?\u00a0 \u00a0","isPartOf":{"@id":"https:\/\/travindy.com\/news\/#website"},"datePublished":"2019-12-01T18:44:41+00:00","dateModified":"2019-12-15T19:12:49+00:00","description":"Los d\u00edas 23 y 24 de octubre tuvo lugar el F\u00f2rum Ens d'Ecoturismo en el que se debati\u00f3 sobre c\u00f3mo practicar ecoturismo en Catalunya durante todo el a\u00f1o.","breadcrumb":{"@id":"https:\/\/travindy.com\/news\/2019\/12\/si-es-posible-practicar-ecoturismo-en-catalunya-durante-todo-el-ano-que-nos-falta\/#breadcrumb"},"inLanguage":"en-US","potentialAction":[{"@type":"ReadAction","target":["https:\/\/travindy.com\/news\/2019\/12\/si-es-posible-practicar-ecoturismo-en-catalunya-durante-todo-el-ano-que-nos-falta\/"]}]},{"@type":"BreadcrumbList","@id":"https:\/\/travindy.com\/news\/2019\/12\/si-es-posible-practicar-ecoturismo-en-catalunya-durante-todo-el-ano-que-nos-falta\/#breadcrumb","itemListElement":[{"@type":"ListItem","position":1,"name":"Home","item":"https:\/\/travindy.com\/news\/"},{"@type":"ListItem","position":2,"name":"Si es posible practicar ecoturismo en Catalunya durante todo el a\u00f1o, \u00bfqu\u00e9 nos falta?\u00a0 \u00a0"}]},{"@type":"WebSite","@id":"https:\/\/travindy.com\/news\/#website","url":"https:\/\/travindy.com\/news\/","name":"Travindy","description":"sustainable tourism consulting, news and resources","publisher":{"@id":"https:\/\/travindy.com\/news\/#organization"},"potentialAction":[{"@type":"SearchAction","target":{"@type":"EntryPoint","urlTemplate":"https:\/\/travindy.com\/news\/?s={search_term_string}"},"query-input":"required name=search_term_string"}],"inLanguage":"en-US"},{"@type":"Organization","@id":"https:\/\/travindy.com\/news\/#organization","name":"Travindy","url":"https:\/\/travindy.com\/news\/","logo":{"@type":"ImageObject","inLanguage":"en-US","@id":"https:\/\/travindy.com\/news\/#\/schema\/logo\/image\/","url":"https:\/\/travindy.com\/wp-content\/uploads\/2022\/08\/cropped-travindy-logo-square.png","contentUrl":"https:\/\/travindy.com\/wp-content\/uploads\/2022\/08\/cropped-travindy-logo-square.png","width":512,"height":512,"caption":"Travindy"},"image":{"@id":"https:\/\/travindy.com\/news\/#\/schema\/logo\/image\/"},"sameAs":["https:\/\/www.facebook.com\/travindy","https:\/\/twitter.com\/Travindy"]},{"@type":"Person","@id":"https:\/\/travindy.com\/news\/#\/schema\/person\/78721f90c33f382288f207a9dd71caf2","name":"Cristina Vil\u00e0","image":{"@type":"ImageObject","inLanguage":"en-US","@id":"https:\/\/travindy.com\/news\/#\/schema\/person\/image\/","url":"https:\/\/secure.gravatar.com\/avatar\/b86fc71331aa7bf7912801a97c260e42?s=96&d=mm&r=g","contentUrl":"https:\/\/secure.gravatar.com\/avatar\/b86fc71331aa7bf7912801a97c260e42?s=96&d=mm&r=g","caption":"Cristina Vil\u00e0"},"description":"Cristina Vil\u00e0 es ambient\u00f3loga con un m\u00e1ster en ecoturismo. Es fundadora de EcoTravelDesign y dise\u00f1a viajes dirigidos a turistas que quieren descubrir una Catalunya local de forma responsable. Adem\u00e1s, es experta en desarrollar planes de sostenibilidad para empresas que quieren hacer un cambio en su modelo de negocio.","sameAs":["http:\/\/laecoturista.wordpress.com"],"url":"https:\/\/travindy.com\/news\/author\/laecoturistagmail-com\/"}]}},"_links":{"self":[{"href":"https:\/\/travindy.com\/news\/wp-json\/wp\/v2\/posts\/37722"}],"collection":[{"href":"https:\/\/travindy.com\/news\/wp-json\/wp\/v2\/posts"}],"about":[{"href":"https:\/\/travindy.com\/news\/wp-json\/wp\/v2\/types\/post"}],"author":[{"embeddable":true,"href":"https:\/\/travindy.com\/news\/wp-json\/wp\/v2\/users\/179"}],"replies":[{"embeddable":true,"href":"https:\/\/travindy.com\/news\/wp-json\/wp\/v2\/comments?post=37722"}],"version-history":[{"count":0,"href":"https:\/\/travindy.com\/news\/wp-json\/wp\/v2\/posts\/37722\/revisions"}],"wp:featuredmedia":[{"embeddable":true,"href":"https:\/\/travindy.com\/news\/wp-json\/wp\/v2\/media\/37723"}],"wp:attachment":[{"href":"https:\/\/travindy.com\/news\/wp-json\/wp\/v2\/media?parent=37722"}],"wp:term":[{"taxonomy":"category","embeddable":true,"href":"https:\/\/travindy.com\/news\/wp-json\/wp\/v2\/categories?post=37722"},{"taxonomy":"post_tag","embeddable":true,"href":"https:\/\/travindy.com\/news\/wp-json\/wp\/v2\/tags?post=37722"}],"curies":[{"name":"wp","href":"https:\/\/api.w.org\/{rel}","templated":true}]}}