{"id":37595,"date":"2019-11-10T21:35:06","date_gmt":"2019-11-10T20:35:06","guid":{"rendered":"https:\/\/travindy.com\/?p=37595"},"modified":"2019-11-10T21:35:10","modified_gmt":"2019-11-10T20:35:10","slug":"australia-prohibe-escalar-el-monte-uluru","status":"publish","type":"post","link":"https:\/\/travindy.com\/news\/2019\/11\/australia-prohibe-escalar-el-monte-uluru\/","title":{"rendered":"Australia proh\u00edbe escalar el monte Uluru"},"content":{"rendered":"\n<figure class=\"wp-block-image\"><img fetchpriority=\"high\" decoding=\"async\" width=\"960\" height=\"531\" src=\"https:\/\/travindy.com\/wp-content\/uploads\/2019\/11\/uluru.jpg\" alt=\"Australia proh\u00edbe escalar el monte Uluru\" class=\"wp-image-37596\" srcset=\"https:\/\/travindy.com\/news\/wp-content\/uploads\/2019\/11\/uluru.jpg 960w, https:\/\/travindy.com\/news\/wp-content\/uploads\/2019\/11\/uluru-300x166.jpg 300w, https:\/\/travindy.com\/news\/wp-content\/uploads\/2019\/11\/uluru-768x425.jpg 768w\" sizes=\"(max-width: 960px) 100vw, 960px\" \/><\/figure>\n\n\n\n<p class=\"has-drop-cap\">Australia pone fin a la escalada del Uluru. Centenares de turistas apuraban las \u00faltimas horas para acceder por \u00faltima vez a la cima del monte sagrado de los abor\u00edgenes australianos, antes de que entrase en vigor la prohibici\u00f3n de escalarlo.<\/p>\n\n\n\n<p>Tambi\u00e9n conocido como Ayers Rock, el monolito fue declarado en 1987 Patrimonio de la Humanidad.<\/p>\n\n\n\n<p>La prohibici\u00f3n de escalar al monolito de 348 metros de altitud fue decidida en 2017 en reconocimiento a los deseos del pueblo ind\u00edgena Pitjantjatjara. Los ind\u00edgenas creen que Uluru, situado en el coraz\u00f3n del desierto australiano, es el lugar donde viven seres de su mitolog\u00eda que tienen como cometido guiarles por la vida. <\/p>\n\n\n\n<p>Ya ha comenzado el desmantelamiento de la barandilla y se\u00f1ales vinculadas a este sendero.<\/p>\n\n\n\n<p><strong>Este art\u00edculo es un resumen de la noticia original publicada por Euronews:&nbsp;<a href=\"https:\/\/es.euronews.com\/2019\/10\/26\/australia-prohibe-escalar-el-monte-uluru\" target=\"_blank\" rel=\"noreferrer noopener\" aria-label=\"\u201cAustralia proh\u00edbe escalar el monte Uluru\u201d (opens in a new tab)\">\u201c<\/a><\/strong><a href=\"https:\/\/es.euronews.com\/2019\/10\/26\/australia-prohibe-escalar-el-monte-uluru\" target=\"_blank\" rel=\"noreferrer noopener\" aria-label=\"\u201cAustralia proh\u00edbe escalar el monte Uluru\u201d (opens in a new tab)\">Australia proh\u00edbe escalar el monte Uluru<\/a><strong><a href=\"https:\/\/es.euronews.com\/2019\/10\/26\/australia-prohibe-escalar-el-monte-uluru\" target=\"_blank\" rel=\"noreferrer noopener\" aria-label=\"\u201cAustralia proh\u00edbe escalar el monte Uluru\u201d (opens in a new tab)\">\u201d<\/a>.<\/strong> <br><\/p>\n","protected":false},"excerpt":{"rendered":"<p>La prohibici\u00f3n de escalar el monte Uluru de 348 metros de altitud fue decidida en 2017 en reconocimiento a los deseos del pueblo ind\u00edgena Pitjantjatjara. <\/p>\n","protected":false},"author":5,"featured_media":37596,"comment_status":"open","ping_status":"open","sticky":false,"template":"","format":"standard","meta":{"footnotes":""},"categories":[534],"tags":[3309,3308,1150,3310],"yoast_head":"<!-- This site is optimized with the Yoast SEO plugin v21.4 - https:\/\/yoast.com\/wordpress\/plugins\/seo\/ -->\n<title>Australia proh\u00edbe escalar el monte Uluru<\/title>\n<meta name=\"description\" content=\"La prohibici\u00f3n de escalar el monte Uluru de 348 metros de altitud fue decidida en 2017 en reconocimiento a los deseos del pueblo ind\u00edgena Pitjantjatjara.\" \/>\n<meta name=\"robots\" content=\"index, follow, max-snippet:-1, max-image-preview:large, max-video-preview:-1\" \/>\n<link rel=\"canonical\" href=\"https:\/\/travindy.com\/news\/2019\/11\/australia-prohibe-escalar-el-monte-uluru\/\" \/>\n<meta property=\"og:locale\" content=\"en_US\" \/>\n<meta property=\"og:type\" content=\"article\" \/>\n<meta property=\"og:title\" content=\"Australia proh\u00edbe escalar el monte Uluru\" \/>\n<meta property=\"og:description\" content=\"La prohibici\u00f3n de escalar el monte Uluru de 348 metros de altitud fue decidida en 2017 en reconocimiento a los deseos del pueblo ind\u00edgena Pitjantjatjara.\" \/>\n<meta property=\"og:url\" content=\"https:\/\/travindy.com\/news\/2019\/11\/australia-prohibe-escalar-el-monte-uluru\/\" \/>\n<meta property=\"og:site_name\" content=\"Travindy\" \/>\n<meta property=\"article:publisher\" content=\"https:\/\/www.facebook.com\/travindy\" \/>\n<meta property=\"article:author\" content=\"https:\/\/www.facebook.com\/travindy\" \/>\n<meta property=\"article:published_time\" content=\"2019-11-10T20:35:06+00:00\" \/>\n<meta property=\"article:modified_time\" content=\"2019-11-10T20:35:10+00:00\" \/>\n<meta property=\"og:image\" content=\"https:\/\/travindy.com\/news\/wp-content\/uploads\/2019\/11\/uluru.jpg\" \/>\n\t<meta property=\"og:image:width\" content=\"960\" \/>\n\t<meta property=\"og:image:height\" content=\"531\" \/>\n\t<meta property=\"og:image:type\" content=\"image\/jpeg\" \/>\n<meta name=\"author\" content=\"Travindy\" \/>\n<meta name=\"twitter:card\" content=\"summary_large_image\" \/>\n<meta name=\"twitter:creator\" content=\"@travindy\" \/>\n<meta name=\"twitter:site\" content=\"@Travindy\" \/>\n<meta name=\"twitter:label1\" content=\"Written by\" \/>\n\t<meta name=\"twitter:data1\" content=\"Travindy\" \/>\n\t<meta name=\"twitter:label2\" content=\"Est. reading time\" \/>\n\t<meta name=\"twitter:data2\" content=\"1 minute\" \/>\n<script type=\"application\/ld+json\" class=\"yoast-schema-graph\">{\"@context\":\"https:\/\/schema.org\",\"@graph\":[{\"@type\":\"Article\",\"@id\":\"https:\/\/travindy.com\/news\/2019\/11\/australia-prohibe-escalar-el-monte-uluru\/#article\",\"isPartOf\":{\"@id\":\"https:\/\/travindy.com\/news\/2019\/11\/australia-prohibe-escalar-el-monte-uluru\/\"},\"author\":{\"name\":\"Travindy\",\"@id\":\"https:\/\/travindy.com\/news\/#\/schema\/person\/79576b26c03e84ac969c6cf7ad8118bb\"},\"headline\":\"Australia proh\u00edbe escalar el monte Uluru\",\"datePublished\":\"2019-11-10T20:35:06+00:00\",\"dateModified\":\"2019-11-10T20:35:10+00:00\",\"mainEntityOfPage\":{\"@id\":\"https:\/\/travindy.com\/news\/2019\/11\/australia-prohibe-escalar-el-monte-uluru\/\"},\"wordCount\":156,\"commentCount\":0,\"publisher\":{\"@id\":\"https:\/\/travindy.com\/news\/#organization\"},\"keywords\":[\"Australia\",\"Pitjantjatjara\",\"turismo masivo\",\"Uluru\"],\"articleSection\":[\"News\"],\"inLanguage\":\"en-US\",\"potentialAction\":[{\"@type\":\"CommentAction\",\"name\":\"Comment\",\"target\":[\"https:\/\/travindy.com\/news\/2019\/11\/australia-prohibe-escalar-el-monte-uluru\/#respond\"]}]},{\"@type\":\"WebPage\",\"@id\":\"https:\/\/travindy.com\/news\/2019\/11\/australia-prohibe-escalar-el-monte-uluru\/\",\"url\":\"https:\/\/travindy.com\/news\/2019\/11\/australia-prohibe-escalar-el-monte-uluru\/\",\"name\":\"Australia proh\u00edbe escalar el monte Uluru\",\"isPartOf\":{\"@id\":\"https:\/\/travindy.com\/news\/#website\"},\"datePublished\":\"2019-11-10T20:35:06+00:00\",\"dateModified\":\"2019-11-10T20:35:10+00:00\",\"description\":\"La prohibici\u00f3n de escalar el monte Uluru de 348 metros de altitud fue decidida en 2017 en reconocimiento a los deseos del pueblo ind\u00edgena Pitjantjatjara.\",\"breadcrumb\":{\"@id\":\"https:\/\/travindy.com\/news\/2019\/11\/australia-prohibe-escalar-el-monte-uluru\/#breadcrumb\"},\"inLanguage\":\"en-US\",\"potentialAction\":[{\"@type\":\"ReadAction\",\"target\":[\"https:\/\/travindy.com\/news\/2019\/11\/australia-prohibe-escalar-el-monte-uluru\/\"]}]},{\"@type\":\"BreadcrumbList\",\"@id\":\"https:\/\/travindy.com\/news\/2019\/11\/australia-prohibe-escalar-el-monte-uluru\/#breadcrumb\",\"itemListElement\":[{\"@type\":\"ListItem\",\"position\":1,\"name\":\"Home\",\"item\":\"https:\/\/travindy.com\/news\/\"},{\"@type\":\"ListItem\",\"position\":2,\"name\":\"Australia proh\u00edbe escalar el monte Uluru\"}]},{\"@type\":\"WebSite\",\"@id\":\"https:\/\/travindy.com\/news\/#website\",\"url\":\"https:\/\/travindy.com\/news\/\",\"name\":\"Travindy\",\"description\":\"sustainable tourism consulting, news and resources\",\"publisher\":{\"@id\":\"https:\/\/travindy.com\/news\/#organization\"},\"potentialAction\":[{\"@type\":\"SearchAction\",\"target\":{\"@type\":\"EntryPoint\",\"urlTemplate\":\"https:\/\/travindy.com\/news\/?s={search_term_string}\"},\"query-input\":\"required name=search_term_string\"}],\"inLanguage\":\"en-US\"},{\"@type\":\"Organization\",\"@id\":\"https:\/\/travindy.com\/news\/#organization\",\"name\":\"Travindy\",\"url\":\"https:\/\/travindy.com\/news\/\",\"logo\":{\"@type\":\"ImageObject\",\"inLanguage\":\"en-US\",\"@id\":\"https:\/\/travindy.com\/news\/#\/schema\/logo\/image\/\",\"url\":\"https:\/\/travindy.com\/wp-content\/uploads\/2022\/08\/cropped-travindy-logo-square.png\",\"contentUrl\":\"https:\/\/travindy.com\/wp-content\/uploads\/2022\/08\/cropped-travindy-logo-square.png\",\"width\":512,\"height\":512,\"caption\":\"Travindy\"},\"image\":{\"@id\":\"https:\/\/travindy.com\/news\/#\/schema\/logo\/image\/\"},\"sameAs\":[\"https:\/\/www.facebook.com\/travindy\",\"https:\/\/twitter.com\/Travindy\"]},{\"@type\":\"Person\",\"@id\":\"https:\/\/travindy.com\/news\/#\/schema\/person\/79576b26c03e84ac969c6cf7ad8118bb\",\"name\":\"Travindy\",\"image\":{\"@type\":\"ImageObject\",\"inLanguage\":\"en-US\",\"@id\":\"https:\/\/travindy.com\/news\/#\/schema\/person\/image\/\",\"url\":\"https:\/\/secure.gravatar.com\/avatar\/7e8e24b511c9178e320b9eb2226dadb1?s=96&d=mm&r=g\",\"contentUrl\":\"https:\/\/secure.gravatar.com\/avatar\/7e8e24b511c9178e320b9eb2226dadb1?s=96&d=mm&r=g\",\"caption\":\"Travindy\"},\"description\":\"Travindy is an independent website featuring news and opinion on all issues to do with tourism and sustainability. Written primarily for an industry audience, our aim is to support the transformation of the sector into one that is regenerative, restorative and fully inclusive.\",\"sameAs\":[\"https:\/\/www.facebook.com\/travindy\",\"https:\/\/twitter.com\/travindy\"],\"url\":\"https:\/\/travindy.com\/news\/author\/travindy\/\"}]}<\/script>\n<!-- \/ Yoast SEO plugin. -->","yoast_head_json":{"title":"Australia proh\u00edbe escalar el monte Uluru","description":"La prohibici\u00f3n de escalar el monte Uluru de 348 metros de altitud fue decidida en 2017 en reconocimiento a los deseos del pueblo ind\u00edgena Pitjantjatjara.","robots":{"index":"index","follow":"follow","max-snippet":"max-snippet:-1","max-image-preview":"max-image-preview:large","max-video-preview":"max-video-preview:-1"},"canonical":"https:\/\/travindy.com\/news\/2019\/11\/australia-prohibe-escalar-el-monte-uluru\/","og_locale":"en_US","og_type":"article","og_title":"Australia proh\u00edbe escalar el monte Uluru","og_description":"La prohibici\u00f3n de escalar el monte Uluru de 348 metros de altitud fue decidida en 2017 en reconocimiento a los deseos del pueblo ind\u00edgena Pitjantjatjara.","og_url":"https:\/\/travindy.com\/news\/2019\/11\/australia-prohibe-escalar-el-monte-uluru\/","og_site_name":"Travindy","article_publisher":"https:\/\/www.facebook.com\/travindy","article_author":"https:\/\/www.facebook.com\/travindy","article_published_time":"2019-11-10T20:35:06+00:00","article_modified_time":"2019-11-10T20:35:10+00:00","og_image":[{"width":960,"height":531,"url":"https:\/\/travindy.com\/news\/wp-content\/uploads\/2019\/11\/uluru.jpg","type":"image\/jpeg"}],"author":"Travindy","twitter_card":"summary_large_image","twitter_creator":"@travindy","twitter_site":"@Travindy","twitter_misc":{"Written by":"Travindy","Est. reading time":"1 minute"},"schema":{"@context":"https:\/\/schema.org","@graph":[{"@type":"Article","@id":"https:\/\/travindy.com\/news\/2019\/11\/australia-prohibe-escalar-el-monte-uluru\/#article","isPartOf":{"@id":"https:\/\/travindy.com\/news\/2019\/11\/australia-prohibe-escalar-el-monte-uluru\/"},"author":{"name":"Travindy","@id":"https:\/\/travindy.com\/news\/#\/schema\/person\/79576b26c03e84ac969c6cf7ad8118bb"},"headline":"Australia proh\u00edbe escalar el monte Uluru","datePublished":"2019-11-10T20:35:06+00:00","dateModified":"2019-11-10T20:35:10+00:00","mainEntityOfPage":{"@id":"https:\/\/travindy.com\/news\/2019\/11\/australia-prohibe-escalar-el-monte-uluru\/"},"wordCount":156,"commentCount":0,"publisher":{"@id":"https:\/\/travindy.com\/news\/#organization"},"keywords":["Australia","Pitjantjatjara","turismo masivo","Uluru"],"articleSection":["News"],"inLanguage":"en-US","potentialAction":[{"@type":"CommentAction","name":"Comment","target":["https:\/\/travindy.com\/news\/2019\/11\/australia-prohibe-escalar-el-monte-uluru\/#respond"]}]},{"@type":"WebPage","@id":"https:\/\/travindy.com\/news\/2019\/11\/australia-prohibe-escalar-el-monte-uluru\/","url":"https:\/\/travindy.com\/news\/2019\/11\/australia-prohibe-escalar-el-monte-uluru\/","name":"Australia proh\u00edbe escalar el monte Uluru","isPartOf":{"@id":"https:\/\/travindy.com\/news\/#website"},"datePublished":"2019-11-10T20:35:06+00:00","dateModified":"2019-11-10T20:35:10+00:00","description":"La prohibici\u00f3n de escalar el monte Uluru de 348 metros de altitud fue decidida en 2017 en reconocimiento a los deseos del pueblo ind\u00edgena Pitjantjatjara.","breadcrumb":{"@id":"https:\/\/travindy.com\/news\/2019\/11\/australia-prohibe-escalar-el-monte-uluru\/#breadcrumb"},"inLanguage":"en-US","potentialAction":[{"@type":"ReadAction","target":["https:\/\/travindy.com\/news\/2019\/11\/australia-prohibe-escalar-el-monte-uluru\/"]}]},{"@type":"BreadcrumbList","@id":"https:\/\/travindy.com\/news\/2019\/11\/australia-prohibe-escalar-el-monte-uluru\/#breadcrumb","itemListElement":[{"@type":"ListItem","position":1,"name":"Home","item":"https:\/\/travindy.com\/news\/"},{"@type":"ListItem","position":2,"name":"Australia proh\u00edbe escalar el monte Uluru"}]},{"@type":"WebSite","@id":"https:\/\/travindy.com\/news\/#website","url":"https:\/\/travindy.com\/news\/","name":"Travindy","description":"sustainable tourism consulting, news and resources","publisher":{"@id":"https:\/\/travindy.com\/news\/#organization"},"potentialAction":[{"@type":"SearchAction","target":{"@type":"EntryPoint","urlTemplate":"https:\/\/travindy.com\/news\/?s={search_term_string}"},"query-input":"required name=search_term_string"}],"inLanguage":"en-US"},{"@type":"Organization","@id":"https:\/\/travindy.com\/news\/#organization","name":"Travindy","url":"https:\/\/travindy.com\/news\/","logo":{"@type":"ImageObject","inLanguage":"en-US","@id":"https:\/\/travindy.com\/news\/#\/schema\/logo\/image\/","url":"https:\/\/travindy.com\/wp-content\/uploads\/2022\/08\/cropped-travindy-logo-square.png","contentUrl":"https:\/\/travindy.com\/wp-content\/uploads\/2022\/08\/cropped-travindy-logo-square.png","width":512,"height":512,"caption":"Travindy"},"image":{"@id":"https:\/\/travindy.com\/news\/#\/schema\/logo\/image\/"},"sameAs":["https:\/\/www.facebook.com\/travindy","https:\/\/twitter.com\/Travindy"]},{"@type":"Person","@id":"https:\/\/travindy.com\/news\/#\/schema\/person\/79576b26c03e84ac969c6cf7ad8118bb","name":"Travindy","image":{"@type":"ImageObject","inLanguage":"en-US","@id":"https:\/\/travindy.com\/news\/#\/schema\/person\/image\/","url":"https:\/\/secure.gravatar.com\/avatar\/7e8e24b511c9178e320b9eb2226dadb1?s=96&d=mm&r=g","contentUrl":"https:\/\/secure.gravatar.com\/avatar\/7e8e24b511c9178e320b9eb2226dadb1?s=96&d=mm&r=g","caption":"Travindy"},"description":"Travindy is an independent website featuring news and opinion on all issues to do with tourism and sustainability. Written primarily for an industry audience, our aim is to support the transformation of the sector into one that is regenerative, restorative and fully inclusive.","sameAs":["https:\/\/www.facebook.com\/travindy","https:\/\/twitter.com\/travindy"],"url":"https:\/\/travindy.com\/news\/author\/travindy\/"}]}},"_links":{"self":[{"href":"https:\/\/travindy.com\/news\/wp-json\/wp\/v2\/posts\/37595"}],"collection":[{"href":"https:\/\/travindy.com\/news\/wp-json\/wp\/v2\/posts"}],"about":[{"href":"https:\/\/travindy.com\/news\/wp-json\/wp\/v2\/types\/post"}],"author":[{"embeddable":true,"href":"https:\/\/travindy.com\/news\/wp-json\/wp\/v2\/users\/5"}],"replies":[{"embeddable":true,"href":"https:\/\/travindy.com\/news\/wp-json\/wp\/v2\/comments?post=37595"}],"version-history":[{"count":0,"href":"https:\/\/travindy.com\/news\/wp-json\/wp\/v2\/posts\/37595\/revisions"}],"wp:featuredmedia":[{"embeddable":true,"href":"https:\/\/travindy.com\/news\/wp-json\/wp\/v2\/media\/37596"}],"wp:attachment":[{"href":"https:\/\/travindy.com\/news\/wp-json\/wp\/v2\/media?parent=37595"}],"wp:term":[{"taxonomy":"category","embeddable":true,"href":"https:\/\/travindy.com\/news\/wp-json\/wp\/v2\/categories?post=37595"},{"taxonomy":"post_tag","embeddable":true,"href":"https:\/\/travindy.com\/news\/wp-json\/wp\/v2\/tags?post=37595"}],"curies":[{"name":"wp","href":"https:\/\/api.w.org\/{rel}","templated":true}]}}