{"id":30987,"date":"2019-03-24T10:06:41","date_gmt":"2019-03-24T09:06:41","guid":{"rendered":"https:\/\/travindy.com\/?p=30987"},"modified":"2019-03-24T10:06:45","modified_gmt":"2019-03-24T09:06:45","slug":"mural-de-50-metros-visibiliza-la-lucha-de-mujeres-indigenas-en-ecuador","status":"publish","type":"post","link":"https:\/\/travindy.com\/news\/2019\/03\/mural-de-50-metros-visibiliza-la-lucha-de-mujeres-indigenas-en-ecuador\/","title":{"rendered":"Mural de 50 metros visibiliza la lucha de mujeres ind\u00edgenas en Ecuador"},"content":{"rendered":"\n<div class=\"wp-block-image\"><figure class=\"aligncenter\"><img fetchpriority=\"high\" decoding=\"async\" width=\"682\" height=\"454\" src=\"https:\/\/travindy.com\/wp-content\/uploads\/2019\/03\/mujeres-ind\u00edgenas.jpg\" alt=\"Mural de 50 metros visibiliza la lucha de mujeres ind\u00edgenas en Ecuador\" class=\"wp-image-30988\" srcset=\"https:\/\/travindy.com\/news\/wp-content\/uploads\/2019\/03\/mujeres-ind\u00edgenas.jpg 682w, https:\/\/travindy.com\/news\/wp-content\/uploads\/2019\/03\/mujeres-ind\u00edgenas-300x200.jpg 300w\" sizes=\"(max-width: 682px) 100vw, 682px\" \/><\/figure><\/div>\n\n\n\n<p class=\"has-drop-cap\">Seis mujeres de nacionalidades amaz\u00f3nicas y tres andinas aparecen retratadas con sus atributos caracter\u00edsticos en un mural de 50 metros en un edificio de Quito, para recordar a los viandantes que son custodias de la naturaleza.<\/p>\n\n\n\n<p>Estas vig\u00edas se ubican en la base de la obra monumental, con sus vestimentas ancestrales y algunas con sus rostros pintados por ellas mismas, junto a dos elementos fundamentales para su sustento y tradici\u00f3n: la yuca y el ma\u00edz.<\/p>\n\n\n\n<p>Sobre ellas, se alza vegetaci\u00f3n selv\u00e1tica y una ni\u00f1a desde cuyas manos emana agua, tambi\u00e9n una luna llena cenital, un p\u00e1jaro de nombre Iluku relacionado con mitos m\u00e1gicos en la cuenca amaz\u00f3nica, un volc\u00e1n nevado andino y un campo rural incrustado en una hoja desde la que cae una gota a otra que alberga una ciudad.<\/p>\n\n\n\n<p>&#8220;Lo que simboliza es la lucha de las mujeres en resistencia en defensa de la vida de la madre Tierra, de la semilla, de la &#8216;Aipa Mama&#8217; (voz quichua para tierra)&#8221;, explic\u00f3 a Efe Carmen Lozano, una de las retratadas, natural de la provincia de Loja (sur de&nbsp;Ecuador) y representante de los pueblos kichwas saraguros.<\/p>\n\n\n\n<p>Esta dirigente ind\u00edgena figura abrazada en el enorme grafiti a una planta de la que emana una gran mazorca, que explica, &#8220;es fuente de vida, de lucha y reivindicaci\u00f3n de los pueblos&#8221;. <\/p>\n\n\n\n<p>&#8220;Es un elemento muy sagrado porque es s\u00edmbolo de resistencia y de alimentaci\u00f3n de nuestros abuelos, como herencia que nos han dejado&#8221;, afirma sobre el ma\u00edz, que representa tambi\u00e9n la fertilidad y la procreaci\u00f3n con sus m\u00faltiples granos. Lozano defiende su cultivo tradicional frente a la amenaza de los granos transg\u00e9nicos, y enarbola la lucha por el agua, el aire y la tierra, frente a las empresas trasnacionales mineras, petroleras o hidroel\u00e9ctricas. <\/p>\n\n\n\n<p><strong>Este art\u00edculo es un resumen de la noticia original publicada por La Hora: <a href=\"https:\/\/lahora.com.ec\/noticia\/1102220604\/mural-de-50-metros-visibiliza-la-lucha-de-mujeres-indigenas-en-ecuador\" target=\"_blank\" rel=\"noreferrer noopener nofollow\" label=\"\u201cMural de 50 metros visibiliza la lucha de mujeres ind\u00edgenas en Ecuador\u201d. (opens in a new tab)\">\u201c<\/a><\/strong><a href=\"https:\/\/lahora.com.ec\/noticia\/1102220604\/mural-de-50-metros-visibiliza-la-lucha-de-mujeres-indigenas-en-ecuador\" target=\"_blank\" rel=\"noreferrer noopener nofollow\" label=\"\u201cMural de 50 metros visibiliza la lucha de mujeres ind\u00edgenas en Ecuador\u201d. (opens in a new tab)\">Mural de 50 metros visibiliza la lucha de mujeres ind\u00edgenas en Ecuador<\/a><strong><a href=\"https:\/\/lahora.com.ec\/noticia\/1102220604\/mural-de-50-metros-visibiliza-la-lucha-de-mujeres-indigenas-en-ecuador\" target=\"_blank\" rel=\"noreferrer noopener nofollow\" label=\"\u201cMural de 50 metros visibiliza la lucha de mujeres ind\u00edgenas en Ecuador\u201d. (opens in a new tab)\">\u201d.<\/a><\/strong><\/p>\n\n\n\n<p><\/p>\n","protected":false},"excerpt":{"rendered":"<p>Este mural de 50 metros pintado en un edificio de Quito simboliza la lucha de las mujeres ind\u00edgenas en defensa de la vida de la madre Tierra.<\/p>\n","protected":false},"author":5,"featured_media":30991,"comment_status":"open","ping_status":"open","sticky":false,"template":"","format":"standard","meta":{"footnotes":""},"categories":[534],"tags":[319,2956,2955,2954],"yoast_head":"<!-- This site is optimized with the Yoast SEO plugin v21.4 - https:\/\/yoast.com\/wordpress\/plugins\/seo\/ -->\n<title>Mural de 50 metros visibiliza la lucha de mujeres ind\u00edgenas en Ecuador<\/title>\n<meta name=\"description\" content=\"Este mural de 50 metros pintado en un edificio de Quito simboliza la lucha de las mujeres ind\u00edgenas en defensa de la vida de la madre Tierra.\" \/>\n<meta name=\"robots\" content=\"index, follow, max-snippet:-1, max-image-preview:large, max-video-preview:-1\" \/>\n<link rel=\"canonical\" href=\"https:\/\/travindy.com\/news\/2019\/03\/mural-de-50-metros-visibiliza-la-lucha-de-mujeres-indigenas-en-ecuador\/\" \/>\n<meta property=\"og:locale\" content=\"en_US\" \/>\n<meta property=\"og:type\" content=\"article\" \/>\n<meta property=\"og:title\" content=\"Mural de 50 metros visibiliza la lucha de mujeres ind\u00edgenas en Ecuador\" \/>\n<meta property=\"og:description\" content=\"Este mural de 50 metros pintado en un edificio de Quito simboliza la lucha de las mujeres ind\u00edgenas en defensa de la vida de la madre Tierra.\" \/>\n<meta property=\"og:url\" content=\"https:\/\/travindy.com\/news\/2019\/03\/mural-de-50-metros-visibiliza-la-lucha-de-mujeres-indigenas-en-ecuador\/\" \/>\n<meta property=\"og:site_name\" content=\"Travindy\" \/>\n<meta property=\"article:publisher\" content=\"https:\/\/www.facebook.com\/travindy\" \/>\n<meta property=\"article:author\" content=\"https:\/\/www.facebook.com\/travindy\" \/>\n<meta property=\"article:published_time\" content=\"2019-03-24T09:06:41+00:00\" \/>\n<meta property=\"article:modified_time\" content=\"2019-03-24T09:06:45+00:00\" \/>\n<meta property=\"og:image\" content=\"https:\/\/travindy.com\/news\/wp-content\/uploads\/2019\/03\/mujeres-ind\u00edgenas.jpg\" \/>\n\t<meta property=\"og:image:width\" content=\"682\" \/>\n\t<meta property=\"og:image:height\" content=\"454\" \/>\n\t<meta property=\"og:image:type\" content=\"image\/jpeg\" \/>\n<meta name=\"author\" content=\"Travindy\" \/>\n<meta name=\"twitter:card\" content=\"summary_large_image\" \/>\n<meta name=\"twitter:creator\" content=\"@travindy\" \/>\n<meta name=\"twitter:site\" content=\"@Travindy\" \/>\n<meta name=\"twitter:label1\" content=\"Written by\" \/>\n\t<meta name=\"twitter:data1\" content=\"Travindy\" \/>\n\t<meta name=\"twitter:label2\" content=\"Est. reading time\" \/>\n\t<meta name=\"twitter:data2\" content=\"2 minutes\" \/>\n<script type=\"application\/ld+json\" class=\"yoast-schema-graph\">{\"@context\":\"https:\/\/schema.org\",\"@graph\":[{\"@type\":\"Article\",\"@id\":\"https:\/\/travindy.com\/news\/2019\/03\/mural-de-50-metros-visibiliza-la-lucha-de-mujeres-indigenas-en-ecuador\/#article\",\"isPartOf\":{\"@id\":\"https:\/\/travindy.com\/news\/2019\/03\/mural-de-50-metros-visibiliza-la-lucha-de-mujeres-indigenas-en-ecuador\/\"},\"author\":{\"name\":\"Travindy\",\"@id\":\"https:\/\/travindy.com\/news\/#\/schema\/person\/79576b26c03e84ac969c6cf7ad8118bb\"},\"headline\":\"Mural de 50 metros visibiliza la lucha de mujeres ind\u00edgenas en Ecuador\",\"datePublished\":\"2019-03-24T09:06:41+00:00\",\"dateModified\":\"2019-03-24T09:06:45+00:00\",\"mainEntityOfPage\":{\"@id\":\"https:\/\/travindy.com\/news\/2019\/03\/mural-de-50-metros-visibiliza-la-lucha-de-mujeres-indigenas-en-ecuador\/\"},\"wordCount\":352,\"commentCount\":0,\"publisher\":{\"@id\":\"https:\/\/travindy.com\/news\/#organization\"},\"keywords\":[\"Ecuador\",\"ind\u00edgena\",\"madre tierra\",\"Quito\"],\"articleSection\":[\"News\"],\"inLanguage\":\"en-US\",\"potentialAction\":[{\"@type\":\"CommentAction\",\"name\":\"Comment\",\"target\":[\"https:\/\/travindy.com\/news\/2019\/03\/mural-de-50-metros-visibiliza-la-lucha-de-mujeres-indigenas-en-ecuador\/#respond\"]}]},{\"@type\":\"WebPage\",\"@id\":\"https:\/\/travindy.com\/news\/2019\/03\/mural-de-50-metros-visibiliza-la-lucha-de-mujeres-indigenas-en-ecuador\/\",\"url\":\"https:\/\/travindy.com\/news\/2019\/03\/mural-de-50-metros-visibiliza-la-lucha-de-mujeres-indigenas-en-ecuador\/\",\"name\":\"Mural de 50 metros visibiliza la lucha de mujeres ind\u00edgenas en Ecuador\",\"isPartOf\":{\"@id\":\"https:\/\/travindy.com\/news\/#website\"},\"datePublished\":\"2019-03-24T09:06:41+00:00\",\"dateModified\":\"2019-03-24T09:06:45+00:00\",\"description\":\"Este mural de 50 metros pintado en un edificio de Quito simboliza la lucha de las mujeres ind\u00edgenas en defensa de la vida de la madre Tierra.\",\"breadcrumb\":{\"@id\":\"https:\/\/travindy.com\/news\/2019\/03\/mural-de-50-metros-visibiliza-la-lucha-de-mujeres-indigenas-en-ecuador\/#breadcrumb\"},\"inLanguage\":\"en-US\",\"potentialAction\":[{\"@type\":\"ReadAction\",\"target\":[\"https:\/\/travindy.com\/news\/2019\/03\/mural-de-50-metros-visibiliza-la-lucha-de-mujeres-indigenas-en-ecuador\/\"]}]},{\"@type\":\"BreadcrumbList\",\"@id\":\"https:\/\/travindy.com\/news\/2019\/03\/mural-de-50-metros-visibiliza-la-lucha-de-mujeres-indigenas-en-ecuador\/#breadcrumb\",\"itemListElement\":[{\"@type\":\"ListItem\",\"position\":1,\"name\":\"Home\",\"item\":\"https:\/\/travindy.com\/news\/\"},{\"@type\":\"ListItem\",\"position\":2,\"name\":\"Mural de 50 metros visibiliza la lucha de mujeres ind\u00edgenas en Ecuador\"}]},{\"@type\":\"WebSite\",\"@id\":\"https:\/\/travindy.com\/news\/#website\",\"url\":\"https:\/\/travindy.com\/news\/\",\"name\":\"Travindy\",\"description\":\"sustainable tourism consulting, news and resources\",\"publisher\":{\"@id\":\"https:\/\/travindy.com\/news\/#organization\"},\"potentialAction\":[{\"@type\":\"SearchAction\",\"target\":{\"@type\":\"EntryPoint\",\"urlTemplate\":\"https:\/\/travindy.com\/news\/?s={search_term_string}\"},\"query-input\":\"required name=search_term_string\"}],\"inLanguage\":\"en-US\"},{\"@type\":\"Organization\",\"@id\":\"https:\/\/travindy.com\/news\/#organization\",\"name\":\"Travindy\",\"url\":\"https:\/\/travindy.com\/news\/\",\"logo\":{\"@type\":\"ImageObject\",\"inLanguage\":\"en-US\",\"@id\":\"https:\/\/travindy.com\/news\/#\/schema\/logo\/image\/\",\"url\":\"https:\/\/travindy.com\/wp-content\/uploads\/2022\/08\/cropped-travindy-logo-square.png\",\"contentUrl\":\"https:\/\/travindy.com\/wp-content\/uploads\/2022\/08\/cropped-travindy-logo-square.png\",\"width\":512,\"height\":512,\"caption\":\"Travindy\"},\"image\":{\"@id\":\"https:\/\/travindy.com\/news\/#\/schema\/logo\/image\/\"},\"sameAs\":[\"https:\/\/www.facebook.com\/travindy\",\"https:\/\/twitter.com\/Travindy\"]},{\"@type\":\"Person\",\"@id\":\"https:\/\/travindy.com\/news\/#\/schema\/person\/79576b26c03e84ac969c6cf7ad8118bb\",\"name\":\"Travindy\",\"image\":{\"@type\":\"ImageObject\",\"inLanguage\":\"en-US\",\"@id\":\"https:\/\/travindy.com\/news\/#\/schema\/person\/image\/\",\"url\":\"https:\/\/secure.gravatar.com\/avatar\/7e8e24b511c9178e320b9eb2226dadb1?s=96&d=mm&r=g\",\"contentUrl\":\"https:\/\/secure.gravatar.com\/avatar\/7e8e24b511c9178e320b9eb2226dadb1?s=96&d=mm&r=g\",\"caption\":\"Travindy\"},\"description\":\"Travindy is an independent website featuring news and opinion on all issues to do with tourism and sustainability. Written primarily for an industry audience, our aim is to support the transformation of the sector into one that is regenerative, restorative and fully inclusive.\",\"sameAs\":[\"https:\/\/www.facebook.com\/travindy\",\"https:\/\/twitter.com\/travindy\"],\"url\":\"https:\/\/travindy.com\/news\/author\/travindy\/\"}]}<\/script>\n<!-- \/ Yoast SEO plugin. -->","yoast_head_json":{"title":"Mural de 50 metros visibiliza la lucha de mujeres ind\u00edgenas en Ecuador","description":"Este mural de 50 metros pintado en un edificio de Quito simboliza la lucha de las mujeres ind\u00edgenas en defensa de la vida de la madre Tierra.","robots":{"index":"index","follow":"follow","max-snippet":"max-snippet:-1","max-image-preview":"max-image-preview:large","max-video-preview":"max-video-preview:-1"},"canonical":"https:\/\/travindy.com\/news\/2019\/03\/mural-de-50-metros-visibiliza-la-lucha-de-mujeres-indigenas-en-ecuador\/","og_locale":"en_US","og_type":"article","og_title":"Mural de 50 metros visibiliza la lucha de mujeres ind\u00edgenas en Ecuador","og_description":"Este mural de 50 metros pintado en un edificio de Quito simboliza la lucha de las mujeres ind\u00edgenas en defensa de la vida de la madre Tierra.","og_url":"https:\/\/travindy.com\/news\/2019\/03\/mural-de-50-metros-visibiliza-la-lucha-de-mujeres-indigenas-en-ecuador\/","og_site_name":"Travindy","article_publisher":"https:\/\/www.facebook.com\/travindy","article_author":"https:\/\/www.facebook.com\/travindy","article_published_time":"2019-03-24T09:06:41+00:00","article_modified_time":"2019-03-24T09:06:45+00:00","og_image":[{"width":682,"height":454,"url":"https:\/\/travindy.com\/news\/wp-content\/uploads\/2019\/03\/mujeres-ind\u00edgenas.jpg","type":"image\/jpeg"}],"author":"Travindy","twitter_card":"summary_large_image","twitter_creator":"@travindy","twitter_site":"@Travindy","twitter_misc":{"Written by":"Travindy","Est. reading time":"2 minutes"},"schema":{"@context":"https:\/\/schema.org","@graph":[{"@type":"Article","@id":"https:\/\/travindy.com\/news\/2019\/03\/mural-de-50-metros-visibiliza-la-lucha-de-mujeres-indigenas-en-ecuador\/#article","isPartOf":{"@id":"https:\/\/travindy.com\/news\/2019\/03\/mural-de-50-metros-visibiliza-la-lucha-de-mujeres-indigenas-en-ecuador\/"},"author":{"name":"Travindy","@id":"https:\/\/travindy.com\/news\/#\/schema\/person\/79576b26c03e84ac969c6cf7ad8118bb"},"headline":"Mural de 50 metros visibiliza la lucha de mujeres ind\u00edgenas en Ecuador","datePublished":"2019-03-24T09:06:41+00:00","dateModified":"2019-03-24T09:06:45+00:00","mainEntityOfPage":{"@id":"https:\/\/travindy.com\/news\/2019\/03\/mural-de-50-metros-visibiliza-la-lucha-de-mujeres-indigenas-en-ecuador\/"},"wordCount":352,"commentCount":0,"publisher":{"@id":"https:\/\/travindy.com\/news\/#organization"},"keywords":["Ecuador","ind\u00edgena","madre tierra","Quito"],"articleSection":["News"],"inLanguage":"en-US","potentialAction":[{"@type":"CommentAction","name":"Comment","target":["https:\/\/travindy.com\/news\/2019\/03\/mural-de-50-metros-visibiliza-la-lucha-de-mujeres-indigenas-en-ecuador\/#respond"]}]},{"@type":"WebPage","@id":"https:\/\/travindy.com\/news\/2019\/03\/mural-de-50-metros-visibiliza-la-lucha-de-mujeres-indigenas-en-ecuador\/","url":"https:\/\/travindy.com\/news\/2019\/03\/mural-de-50-metros-visibiliza-la-lucha-de-mujeres-indigenas-en-ecuador\/","name":"Mural de 50 metros visibiliza la lucha de mujeres ind\u00edgenas en Ecuador","isPartOf":{"@id":"https:\/\/travindy.com\/news\/#website"},"datePublished":"2019-03-24T09:06:41+00:00","dateModified":"2019-03-24T09:06:45+00:00","description":"Este mural de 50 metros pintado en un edificio de Quito simboliza la lucha de las mujeres ind\u00edgenas en defensa de la vida de la madre Tierra.","breadcrumb":{"@id":"https:\/\/travindy.com\/news\/2019\/03\/mural-de-50-metros-visibiliza-la-lucha-de-mujeres-indigenas-en-ecuador\/#breadcrumb"},"inLanguage":"en-US","potentialAction":[{"@type":"ReadAction","target":["https:\/\/travindy.com\/news\/2019\/03\/mural-de-50-metros-visibiliza-la-lucha-de-mujeres-indigenas-en-ecuador\/"]}]},{"@type":"BreadcrumbList","@id":"https:\/\/travindy.com\/news\/2019\/03\/mural-de-50-metros-visibiliza-la-lucha-de-mujeres-indigenas-en-ecuador\/#breadcrumb","itemListElement":[{"@type":"ListItem","position":1,"name":"Home","item":"https:\/\/travindy.com\/news\/"},{"@type":"ListItem","position":2,"name":"Mural de 50 metros visibiliza la lucha de mujeres ind\u00edgenas en Ecuador"}]},{"@type":"WebSite","@id":"https:\/\/travindy.com\/news\/#website","url":"https:\/\/travindy.com\/news\/","name":"Travindy","description":"sustainable tourism consulting, news and resources","publisher":{"@id":"https:\/\/travindy.com\/news\/#organization"},"potentialAction":[{"@type":"SearchAction","target":{"@type":"EntryPoint","urlTemplate":"https:\/\/travindy.com\/news\/?s={search_term_string}"},"query-input":"required name=search_term_string"}],"inLanguage":"en-US"},{"@type":"Organization","@id":"https:\/\/travindy.com\/news\/#organization","name":"Travindy","url":"https:\/\/travindy.com\/news\/","logo":{"@type":"ImageObject","inLanguage":"en-US","@id":"https:\/\/travindy.com\/news\/#\/schema\/logo\/image\/","url":"https:\/\/travindy.com\/wp-content\/uploads\/2022\/08\/cropped-travindy-logo-square.png","contentUrl":"https:\/\/travindy.com\/wp-content\/uploads\/2022\/08\/cropped-travindy-logo-square.png","width":512,"height":512,"caption":"Travindy"},"image":{"@id":"https:\/\/travindy.com\/news\/#\/schema\/logo\/image\/"},"sameAs":["https:\/\/www.facebook.com\/travindy","https:\/\/twitter.com\/Travindy"]},{"@type":"Person","@id":"https:\/\/travindy.com\/news\/#\/schema\/person\/79576b26c03e84ac969c6cf7ad8118bb","name":"Travindy","image":{"@type":"ImageObject","inLanguage":"en-US","@id":"https:\/\/travindy.com\/news\/#\/schema\/person\/image\/","url":"https:\/\/secure.gravatar.com\/avatar\/7e8e24b511c9178e320b9eb2226dadb1?s=96&d=mm&r=g","contentUrl":"https:\/\/secure.gravatar.com\/avatar\/7e8e24b511c9178e320b9eb2226dadb1?s=96&d=mm&r=g","caption":"Travindy"},"description":"Travindy is an independent website featuring news and opinion on all issues to do with tourism and sustainability. Written primarily for an industry audience, our aim is to support the transformation of the sector into one that is regenerative, restorative and fully inclusive.","sameAs":["https:\/\/www.facebook.com\/travindy","https:\/\/twitter.com\/travindy"],"url":"https:\/\/travindy.com\/news\/author\/travindy\/"}]}},"_links":{"self":[{"href":"https:\/\/travindy.com\/news\/wp-json\/wp\/v2\/posts\/30987"}],"collection":[{"href":"https:\/\/travindy.com\/news\/wp-json\/wp\/v2\/posts"}],"about":[{"href":"https:\/\/travindy.com\/news\/wp-json\/wp\/v2\/types\/post"}],"author":[{"embeddable":true,"href":"https:\/\/travindy.com\/news\/wp-json\/wp\/v2\/users\/5"}],"replies":[{"embeddable":true,"href":"https:\/\/travindy.com\/news\/wp-json\/wp\/v2\/comments?post=30987"}],"version-history":[{"count":2,"href":"https:\/\/travindy.com\/news\/wp-json\/wp\/v2\/posts\/30987\/revisions"}],"predecessor-version":[{"id":31235,"href":"https:\/\/travindy.com\/news\/wp-json\/wp\/v2\/posts\/30987\/revisions\/31235"}],"wp:featuredmedia":[{"embeddable":true,"href":"https:\/\/travindy.com\/news\/wp-json\/wp\/v2\/media\/30991"}],"wp:attachment":[{"href":"https:\/\/travindy.com\/news\/wp-json\/wp\/v2\/media?parent=30987"}],"wp:term":[{"taxonomy":"category","embeddable":true,"href":"https:\/\/travindy.com\/news\/wp-json\/wp\/v2\/categories?post=30987"},{"taxonomy":"post_tag","embeddable":true,"href":"https:\/\/travindy.com\/news\/wp-json\/wp\/v2\/tags?post=30987"}],"curies":[{"name":"wp","href":"https:\/\/api.w.org\/{rel}","templated":true}]}}