{"id":30844,"date":"2019-03-01T09:58:14","date_gmt":"2019-03-01T08:58:14","guid":{"rendered":"https:\/\/travindy.com\/?p=30844"},"modified":"2019-03-11T19:49:24","modified_gmt":"2019-03-11T18:49:24","slug":"aktibatu-2019-turismo-sostenibilidad-y-naturaleza","status":"publish","type":"post","link":"https:\/\/travindy.com\/news\/2019\/03\/aktibatu-2019-turismo-sostenibilidad-y-naturaleza\/","title":{"rendered":"Aktibatu 2019: turismo, sostenibilidad y naturaleza"},"content":{"rendered":"<p><img fetchpriority=\"high\" decoding=\"async\" class=\"aligncenter wp-image-30861\" src=\"https:\/\/travindy.com\/wp-content\/uploads\/2019\/02\/Aktibatu1-1-300x225.jpg\" alt=\"Aktibatu 2019: turismo, sostenibilidad y naturaleza\" width=\"590\" height=\"444\" \/><\/p>\n<p class=\"has-drop-cap\">El pasado 7 de febrero tuvo lugar la <a href=\"\/?p=28937\" target=\"_blank\" rel=\"noreferrer noopener nofollow\" label=\"VII edici\u00f3n (opens in a new tab)\">VII edici\u00f3n<\/a> de <a href=\"\/?p=29849\" target=\"_blank\" rel=\"noreferrer noopener nofollow\" label=\"Aktibatu (opens in a new tab)\">AKTIBATU<\/a> en Tolosa (Gipuzkoa), uno de los encuentros m\u00e1s importantes sobre turismo sostenible en Espa\u00f1a que agrupa muchos profesionales interesados en conocer qu\u00e9 se cuece en este sector. <a href=\"https:\/\/www.bizibiziki.com\/es\/\" target=\"_blank\" rel=\"noreferrer noopener\" aria-label=\"Bizibiziki (opens in a new tab)\">Bizibiziki<\/a> es la empresa encargada de montar estas jornadas, una consultor\u00eda especializada en turismo de naturaleza formada por un equipo de profesionales con ganas de transformar la industria del turismo e inspirar al sector a adoptar la sostenibilidad como forma de trabajo. Desde Travindy estuvimos presentes en este encuentro y por ello te traemos este resumen que recoge las mejores reflexiones de la jornada.<\/p>\n<p>El evento fue inaugurado por autoridades del Gobierno Vasco y por el fundador y gerente de Bizibizki, Ekaitz Zubeltzu. Este fue un momento para contextualizar el encuentro en el territorio y dar cuatro pinceladas sobre los objetivos de la jornada. Todos coincidieron en que no est\u00e1n dispuestos a aceptar cualquier turismo para Gipuzkoa, sino que quieren que sea sostenible y de calidad, es decir, quieren mostrar la gastronom\u00eda, la lengua y la naturaleza, a la vez que conservan su identidad y se tiene en cuenta el desarrollo econ\u00f3mico de la zona. Toda una declaraci\u00f3n de intenciones que a veces parece dif\u00edcil de cumplir, pero no imposible, y si no, miremos los casos de \u00e9xito que se presentaron durante la jornada.<\/p>\n<h2>Casos de \u00e9xito internacionales<\/h2>\n<p>Empezamos con Sierra Gorda, en el estado de Quer\u00e9taro, M\u00e9xico, un destino de ecoturismo y reserva de la Biosfera que fue presentado por Olga Rold\u00e1n desde la visi\u00f3n de <a href=\"https:\/\/sierragordaecotours.com\/\" target=\"_blank\" rel=\"noreferrer noopener\" aria-label=\"Sierra Gorda Ecotours (opens in a new tab)\">Sierra Gorda Ecotours<\/a>. Olga hizo frente a una reflexi\u00f3n importante: el uso compatible del turismo, de las comunidades locales y de la conservaci\u00f3n de la naturaleza en un \u00e1rea de gran biodiversidad. Para lograr que estas tres variables fluyan conjuntamente, hay que\u00a0poner en el centro la participaci\u00f3n de la comunidad y la preservaci\u00f3n del medio, el turismo se va dando paulatinamente y de forma sostenible si las dos primeras variables trabajan al un\u00edsono.<\/p>\n<p>En Sierra Gorda, el constante trabajo de muchos a\u00f1os se ha visto recientemente recompensado con varios premios y reconocimientos nacionales e internacionales. No obstante, su recompensa m\u00e1s grande ha sido ver c\u00f3mo a trav\u00e9s del turismo, se ha empoderado a las mujeres, fijando la poblaci\u00f3n al medio rural y disminuyendo el alto \u00edndice de migraci\u00f3n. Olga tiene el privilegio de vivir all\u00ed y contaba con orgullo todo lo que han conseguido por desarrollar una actividad tur\u00edstica adaptada a su realidad local.<\/p>\n<div class=\"wp-block-image\">\n<figure class=\"aligncenter\"><img decoding=\"async\" class=\"alignnone wp-image-30865\" src=\"https:\/\/i0.wp.com\/www.travindy.com\/wp-content\/uploads\/2019\/02\/Aktibatu2.jpg?zoom=0.8999999761581421&amp;fit=1024%2C768&amp;ssl=1\" alt=\"Aktibatu 2019: turismo, sostenibilidad y naturaleza\" width=\"503\" height=\"377\" \/><figcaption><\/figcaption><\/figure>\n<\/div>\n<p>De M\u00e9xico nos fuimos a Nueva Zelanda, un destino que lleva a\u00f1os muy \u00a0bien posicionado en el mercado internacional gracias a su exuberante naturaleza, paisajes de ensue\u00f1o y la interesante cultura maor\u00ed. Para los maor\u00eds la Tierra es como si fuera una persona y la tratan como tal. Por lo tanto, en este contexto la conservaci\u00f3n es la clave para compatibilizar el entorno con el turismo.<\/p>\n<p>Lynnell Greer, del Departamento de Conservaci\u00f3n del Gobierno de Nueva Zelanda, explic\u00f3 en qu\u00e9 consiste el proyecto de los <a href=\"https:\/\/www.doc.govt.nz\/parks-and-recreation\/things-to-do\/walking-and-tramping\/great-walks\/\" target=\"_blank\" rel=\"noreferrer noopener\" aria-label=\"Great Walks (opens in a new tab)\">Great Walks<\/a> y c\u00f3mo lo gestionan de forma sostenible con el objetivo de permitir que las generaciones futuras, tanto de locales como de turistas, puedan seguir disfrutando del entorno. Lynnell apunt\u00f3 que desde el sector p\u00fablico son conscientes que si se ofrecen facilidades para visitar el pa\u00eds, se requiere una alta responsabilidad a nivel de seguridad y de conservaci\u00f3n del medio ambiente. Esto es algo que no muchos gestores de destinos ser\u00edan capaces de asumir, ya que estamos acostumbrados a escuchar pol\u00edticas tur\u00edsticas p\u00fablicas enfocadas en cantidad en lugar de calidad. En Nueva Zelanda, adem\u00e1s han creado la <a href=\"https:\/\/tiakinewzealand.com\/\" target=\"_blank\" rel=\"noreferrer noopener nofollow\" label=\"promesa Tiaki (opens in a new tab)\">promesa Tiaki, <\/a>donde hacen \u00a0firmar al visitante para crear mayor conciencia sobre los impactos del turismo en las \u00e1reas naturales del pa\u00eds.<\/p>\n<h2>Turismo sostenible en el Pa\u00eds Vasco<\/h2>\n<p>Los casos internacionales de buenas pr\u00e1cticas inspiran mucho, pero en ocasiones tendemos a fijamos m\u00e1s en lo que pasa en el extranjero que en nuestro propio pa\u00eds porque parece que el turismo sostenible se aplica mejor en otros lugares. No obstante, esta segunda parte del encuentro, nos permiti\u00f3 conocer casos exitosos del Pa\u00eds Vasco que sin duda nos mostraron c\u00f3mo Espa\u00f1a tambi\u00e9n puede ser referente. Hablamos de Chalets de Iraty, Traves\u00eda Pirenaica y Slow Walking.<\/p>\n<p>Coralie Artano explic\u00f3 el trabajo que hacen para gestionar los <a href=\"http:\/\/www.chalets-iraty.com\/\" target=\"_blank\" rel=\"noreferrer noopener\" aria-label=\"Chalets de Iraty (opens in a new tab)\">Chalets de Iraty<\/a> situados muy cerca del Bosque de Iraty. Hablamos de una zona rural muy conocida por su gran atractivo y afluencia tur\u00edstica, donde llevan a\u00f1os trabajando el balance entre el turismo, la conservaci\u00f3n y el desarrollo socioecon\u00f3mico local.<\/p>\n<p>Cerca del Bosque de Iraty pasa el GR11, conocido camino que cruza los Pirineos desde mar Cant\u00e1brico al Oeste hasta el mar Mediterr\u00e1neo al Este. Un experto de esta ruta es Eduardo Azcona, CEO y director editorial de la revista <a href=\"https:\/\/travesiapirenaica.com\/\" target=\"_blank\" rel=\"noreferrer noopener\" aria-label=\"Traves\u00eda Pirenaica (opens in a new tab)\">Traves\u00eda Pirenaica<\/a>. Eduardo cont\u00f3 con orgullo y pasi\u00f3n c\u00f3mo naci\u00f3 la revista: desde que empezaron con un blog compartiendo su experiencia haciendo el GR11 (Senda Pirenaica), hasta que poco a poco se fue creando una comunidad de personas interesadas en el senderismo que consiguieron hacer de Traves\u00eda Pirenaica una de las revistas de referencia en su sector.<\/p>\n<div class=\"wp-block-image\">\n<figure class=\"aligncenter\"><img decoding=\"async\" class=\"alignnone wp-image-30869\" src=\"https:\/\/i1.wp.com\/www.travindy.com\/wp-content\/uploads\/2019\/02\/Aktibatu3.jpg?zoom=0.8999999761581421&amp;fit=1024%2C768&amp;ssl=1\" alt=\"Aktibatu 2019: turismo, sostenibilidad y naturaleza\" width=\"503\" height=\"377\" \/><\/figure>\n<\/div>\n<p>Por su parte, Imanol Goikoetxea de la agencia <a href=\"http:\/\/slow-walking.es\/\" target=\"_blank\" rel=\"noreferrer noopener\" aria-label=\"Slow Walking (opens in a new tab)\">Slow Walking,<\/a> nos propuso viajar a 4km\/h para ense\u00f1arnos la otra cara de Euskal Herria, aquella que prioriza lugares a los que solo se llega andando y donde se combina el paseo con la interpretaci\u00f3n de los usos del paisaje a lo largo de los a\u00f1os. Su propuesta no solo ayuda a la conservaci\u00f3n ambiental, sino tambi\u00e9n al desarrollo social y econ\u00f3mico de la zona; dos variables que seg\u00fan Imanol no podemos olvidar cu\u00e1ndo creamos un proyecto tur\u00edstico.<\/p>\n<h2>Turismo activo<\/h2>\n<p>Despu\u00e9s de la comida, que consisti\u00f3 en la degustaci\u00f3n de productos locales de la tierra a cargo de la asociaci\u00f3n de agricultores <a href=\"http:\/\/www.lurlan.org\/buruz_es.html\" target=\"_blank\" rel=\"noreferrer noopener\" aria-label=\"Lur Lan (opens in a new tab)\">Lur Lan<\/a>, volvimos al centro Topic para escuchar el caso pr\u00e1ctico de Sheffield, Reino Unido. Sheffield tiene un importante pasado industrial que hoy en d\u00eda ha sabido transformar en una de las ciudades m\u00e1s verdes de Inglaterra, caracter\u00edstica que la hace ideal para implantar la marca <a href=\"https:\/\/www.theoutdoorcity.co.uk\/\" target=\"_blank\" rel=\"noreferrer noopener\" aria-label=\"The Outddor City (opens in a new tab)\">The Outdoor City<\/a>. Gill Pomfret, de la Universidad Sheffield Hallam, explic\u00f3 c\u00f3mo el \u00a0principal objetivo de esta marca tur\u00edstica es fomentar un estilo de vida saludable para los ciudadanos, mientras que llaman la atenci\u00f3n de un turista a quien le gusta practicar deporte al aire libre.<\/p>\n<p>Desde Outdoor City han transformado la ciudad en un espacio al aire libre donde se ofrecen lugares para escalar, una red de rutas en bicicleta e incluso un calendario de eventos y festivales en torno a los deportes. Gill destac\u00f3 que en proyectos de esta envergadura con tantos stakeholders p\u00fablicos y privados, las alianzas son indispensables para conseguir el \u00e9xito.<\/p>\n<div class=\"wp-block-image\">\n<figure class=\"aligncenter\"><img loading=\"lazy\" decoding=\"async\" class=\"alignnone wp-image-30873\" src=\"https:\/\/i1.wp.com\/www.travindy.com\/wp-content\/uploads\/2019\/02\/Aktibatu4.jpg?zoom=0.8999999761581421&amp;fit=1024%2C768&amp;ssl=1\" alt=\"Aktibatu 2019: turismo, sostenibilidad y naturaleza\" width=\"503\" height=\"377\" \/><\/figure>\n<\/div>\n<p>Dicen que una imagen vale m\u00e1s que mil palabras y as\u00ed lo demostraron Jabier Baraiazarra y Josean Cabarcos, los responsables del <a href=\"http:\/\/www.mendifilmfestival.com\/\" target=\"_blank\" rel=\"noreferrer noopener\" aria-label=\"Bilbao Mendi Film Festival (opens in a new tab)\">Bilbao Mendi Film Festival<\/a>, el festival internacional de cine de monta\u00f1a y aventura. Durante su intervenci\u00f3n, pudimos visualizar clips de las pel\u00edculas presentadas en el festival que demuestran c\u00f3mo\u00a0el turismo activo tambi\u00e9n puede generar un impacto negativo en el medio ambiente.<\/p>\n<p>Los films escogidos fueron <a href=\"http:\/\/mendifilmfestival.com\/MFF\/index.php\/es\/2017-08-31-17-21-14\/peliculas-2017\/1750-mountain\" target=\"_blank\" rel=\"noreferrer noopener\" aria-label=\"Moutain (opens in a new tab)\">Mountain<\/a>, <a href=\"https:\/\/www.youtube.com\/watch?v=N1ifNnrKzjU\" target=\"_blank\" rel=\"noreferrer noopener\" aria-label=\"Steps (opens in a new tab)\">Steps<\/a> y <a href=\"http:\/\/mendifilmfestival.com\/MFF\/index.php\/es\/bmff-2018\/peliculas-2018\/3103-2018-11-08-14-36-29\" target=\"_blank\" rel=\"noreferrer noopener\" aria-label=\"Evarest Green (opens in a new tab)\">Everest Green. <\/a>En Mountains se puso en evidencia c\u00f3mo se destruye una monta\u00f1a para hacer una enorme pista de esqu\u00ed donde las personas hacen cola para subir a pistas, mientras que en Steps se habl\u00f3 sobre c\u00f3mo es posible y m\u00e1s gratificante esquiar sin necesidad de usar el telesilla. En Everest Green se expuso la acumulaci\u00f3n de residuos s\u00f3lidos en los campos base del Everest, un impacto originado por la gran cantidad de escaladores que visitan esta monta\u00f1a.<\/p>\n<h2>Caminos Naturales<\/h2>\n<p>En Espa\u00f1a disponemos de una extensa red de caminos naturales donde los m\u00e1s conocidos son las v\u00edas verdes, pero hay muchos m\u00e1s. Gracias a Pilar Izquierdo, representante del Ministerio de Agricultura, Pesca y Alimentaci\u00f3n, conocimos un <a href=\"https:\/\/www.aktibatu.com\/eu\/ponentes\/pilar-izquierdo-pinedo\/po-38\/\" target=\"_blank\" rel=\"noreferrer noopener\" aria-label=\"estudio (opens in a new tab)\">estudio<\/a> sobre el uso e impacto de estos caminos.<\/p>\n<p>Este estudio reconoce casos de \u00e9xito del uso compartido de los caminos para servir de referencia y poder aplicarlo en otras zonas, as\u00ed como elaborar un dec\u00e1logo de buenas pr\u00e1cticas. El documento recoge adem\u00e1s el crecimiento de negocios que ofrecen servicios para los visitantes que usan estas v\u00edas como el alquiler de bicicletas, restaurantes y alojamientos.<\/p>\n<p>En el mismo sentido, Miguel \u00c1ngel Crespo, Responsable de la <a href=\"https:\/\/www.gipuzkoa.eus\/es\/inicio\" target=\"_blank\" rel=\"noreferrer noopener\" aria-label=\"Diputaci\u00f3n Foral de Guip\u00fazcoa (opens in a new tab)\">Diputaci\u00f3n Foral de Guip\u00fazcoa<\/a>, habl\u00f3 del plan de rehabilitaci\u00f3n de las v\u00edas verdes en esta provincia que tiene como objetivos descentralizar el turismo de la capital y mantener ordenado el medio rural, para que la gente se quede en el pueblo y no se marche a la ciudad.<\/p>\n<h2>El Euskera<\/h2>\n<p>La parte final de la jornada tuvo el euskera como protagonista. Coincidiendo que es el A\u00f1o Internacional de las Lenguas Ind\u00edgenas, se ha querido mostrar la importancia del euskera como lengua minoritaria dentro del turismo.<\/p>\n<p>Durante los microespacios, Igone Bastarrika destac\u00f3 la necesidad de incluir el euskera dentro de los planes estrat\u00e9gicos de turismo poniendo como ejemplo Lekeitio. Por su parte, Esti Irueta y Josune Herrarte, t\u00e9cnicas del\u00a0 Ayuntamiento de Zumaia, contaron la visita guiada \u201c<a href=\"https:\/\/zumaia.eus\/es\/noticias\/el-gran-enigma-nueva-visita-guiada-fomentada-por-el-ayuntamiento-de-zumaia-en-torno-al-euskera-e-incluida-en-el-programa-de-visitas-guiadas-de-geoparkea\" target=\"_blank\" rel=\"noreferrer noopener\" aria-label=\"El gran enigma (opens in a new tab)\">El gran enigma<\/a>\u201d la cual tiene en cuenta el idioma y lo que se genera alrededor de \u00e9l; y finalmente Luis Mari Zaldua habl\u00f3 de la fenolog\u00eda y el euskera.<\/p>\n<figure class=\"wp-block-image\"><img loading=\"lazy\" decoding=\"async\" class=\"aligncenter wp-image-30877\" src=\"https:\/\/i0.wp.com\/www.travindy.com\/wp-content\/uploads\/2019\/02\/Aktibatu4-1.jpg?zoom=0.8999999761581421&amp;fit=1024%2C768&amp;ssl=1\" alt=\"Aktibatu 2019: turismo, sostenibilidad y naturaleza\" width=\"503\" height=\"377\" \/><\/figure>\n<h2>AKTIBATU emprendedor<\/h2>\n<p>Durante este espacio pudimos conocer a dos emprendedores que est\u00e1n haciendo crecer sus proyectos tur\u00edsticos con el componente sostenible, que tanto se busca poner en valor en Aktibatu. Los emprendedores dispusieron de cuatro minutos para presentar su proyecto y cuatro minutos m\u00e1s para que el p\u00fablico les hiciera preguntas y\/o sugerencias.<\/p>\n<p>As\u00ed conocimos a Matteo Cant\u00f9 que present\u00f3 la <a href=\"https:\/\/www.abatetxe.com\/index.php\/es\/\" target=\"_blank\" rel=\"noreferrer noopener\" aria-label=\"Casa Rural Abatetxe (opens in a new tab)\">Casa Rural Abatetxe<\/a>, un caser\u00edo\u00a0<em>OFF- GRID\u00a0<\/em>en Elgoibar. \u00bfQu\u00e9 significa esto? Que est\u00e1 aislado de cualquier red y servicio municipal para proporcionar al cliente la experiencia de vivir en armon\u00eda con la naturaleza. Adem\u00e1s, propone una cocina ecol\u00f3gica y de km cero abastecido con alimentos producidos en su propio huerto y otros comprados a proveedores cercanos.<\/p>\n<figure id=\"attachment_30881\" aria-describedby=\"caption-attachment-30881\" style=\"width: 598px\" class=\"wp-caption aligncenter\"><img loading=\"lazy\" decoding=\"async\" class=\" wp-image-30881\" src=\"https:\/\/travindy.com\/wp-content\/uploads\/2019\/02\/Aktibatu5-e1551430517735-300x144.jpg\" alt=\"Aktibatu 2019: turismo, sostenibilidad y naturaleza\" width=\"598\" height=\"287\" srcset=\"https:\/\/travindy.com\/news\/wp-content\/uploads\/2019\/02\/Aktibatu5-e1551430517735-300x144.jpg 300w, https:\/\/travindy.com\/news\/wp-content\/uploads\/2019\/02\/Aktibatu5-e1551430517735-768x368.jpg 768w, https:\/\/travindy.com\/news\/wp-content\/uploads\/2019\/02\/Aktibatu5-e1551430517735.jpg 995w\" sizes=\"(max-width: 598px) 100vw, 598px\" \/><figcaption id=\"caption-attachment-30881\" class=\"wp-caption-text\">Matteo Cant\u00f9 presentando su proyecto\u00a0 <a href=\"https:\/\/www.abatetxe.com\/index.php\/es\/\" target=\"_blank\" rel=\"noopener noreferrer\">Casa Rural Abatetxe<\/a>,<\/figcaption><\/figure>\n<p>Por la tarde fue el turno de Pablo P\u00e9rez, que present\u00f3 <a href=\"http:\/\/www.wilextours.com\/\" target=\"_blank\" rel=\"noreferrer noopener nofollow\" label=\"Wilextours (opens in a new tab)\">Wilextours<\/a>, una empresa que ofrece experiencias a la naturaleza con unos valores muy claros: consciencia ambiental, \u00e9tica laboral, respeto del medio y fomentar el turismo sostenible a trav\u00e9s de medidas de compensaci\u00f3n de CO2. Adem\u00e1s de complementar las visitas a la naturaleza con servicios tur\u00edsticos locales (alojamientos, bodegas, restaurantes, etc.).<\/p>\n<figure id=\"attachment_30885\" aria-describedby=\"caption-attachment-30885\" style=\"width: 618px\" class=\"wp-caption aligncenter\"><img loading=\"lazy\" decoding=\"async\" class=\"wp-image-30885 \" src=\"https:\/\/travindy.com\/wp-content\/uploads\/2019\/02\/Aktibatu6-e1551430426306-300x146.jpg\" alt=\"Aktibatu 2019: turismo, sostenibilidad y naturaleza\" width=\"618\" height=\"301\" srcset=\"https:\/\/travindy.com\/news\/wp-content\/uploads\/2019\/02\/Aktibatu6-e1551430426306-300x146.jpg 300w, https:\/\/travindy.com\/news\/wp-content\/uploads\/2019\/02\/Aktibatu6-e1551430426306-768x373.jpg 768w, https:\/\/travindy.com\/news\/wp-content\/uploads\/2019\/02\/Aktibatu6-e1551430426306-1024x497.jpg 1024w, https:\/\/travindy.com\/news\/wp-content\/uploads\/2019\/02\/Aktibatu6-e1551430426306.jpg 1226w\" sizes=\"(max-width: 618px) 100vw, 618px\" \/><figcaption id=\"caption-attachment-30885\" class=\"wp-caption-text\">Pablo P\u00e9rez presentando su proyecto <a href=\"http:\/\/www.wilextours.com\/\" target=\"_blank\" rel=\"noopener noreferrer nofollow\">Wilextours<\/a>.<\/figcaption><\/figure>\n<ul class=\"wp-block-gallery columns-2 is-cropped\">\n<li class=\"blocks-gallery-item\"><\/li>\n<\/ul>\n<p>En Aktibatu tampoco pudo faltar el networking, pieza clave en cualquier encuentro de profesionales, permitiendo que se generen las sinergias adecuadas para crear colaboraciones fruct\u00edferas, y por qu\u00e9 no, reencontrarte con aquellos colegas que hac\u00eda tiempo que no ve\u00edas.<\/p>\n<p>\u00a1No te pierdas la pr\u00f3xima edici\u00f3n de <a href=\"https:\/\/www.aktibatu.com\/\" target=\"_blank\" rel=\"noreferrer noopener\" aria-label=\"Aktibatu (opens in a new tab)\">Aktibatu<\/a>!<\/p>\n","protected":false},"excerpt":{"rendered":"<p>Aqu\u00ed tienes un resumen de lo que fue Aktibatu 2019, que es uno de los encuentros m\u00e1s importantes sobre turismo sostenible y naturaleza en el Pa\u00eds Vasco.<\/p>\n","protected":false},"author":179,"featured_media":30861,"comment_status":"open","ping_status":"open","sticky":false,"template":"","format":"standard","meta":{"footnotes":""},"categories":[534],"tags":[2589,1955,1759,684],"yoast_head":"<!-- This site is optimized with the Yoast SEO plugin v21.4 - https:\/\/yoast.com\/wordpress\/plugins\/seo\/ -->\n<title>Aktibatu 2019: turismo, sostenibilidad y naturaleza<\/title>\n<meta name=\"description\" content=\"Aqu\u00ed tienes un resumen de lo que fue Aktibatu 2019, que es uno de los encuentros m\u00e1s importantes sobre turismo sostenible y naturaleza en el Pa\u00eds Vasco.\" \/>\n<meta name=\"robots\" content=\"index, follow, max-snippet:-1, max-image-preview:large, max-video-preview:-1\" \/>\n<link rel=\"canonical\" href=\"https:\/\/travindy.com\/news\/2019\/03\/aktibatu-2019-turismo-sostenibilidad-y-naturaleza\/\" \/>\n<meta property=\"og:locale\" content=\"en_US\" \/>\n<meta property=\"og:type\" content=\"article\" \/>\n<meta property=\"og:title\" content=\"Aktibatu 2019: turismo, sostenibilidad y naturaleza\" \/>\n<meta property=\"og:description\" content=\"Aqu\u00ed tienes un resumen de lo que fue Aktibatu 2019, que es uno de los encuentros m\u00e1s importantes sobre turismo sostenible y naturaleza en el Pa\u00eds Vasco.\" \/>\n<meta property=\"og:url\" content=\"https:\/\/travindy.com\/news\/2019\/03\/aktibatu-2019-turismo-sostenibilidad-y-naturaleza\/\" \/>\n<meta property=\"og:site_name\" content=\"Travindy\" \/>\n<meta property=\"article:publisher\" content=\"https:\/\/www.facebook.com\/travindy\" \/>\n<meta property=\"article:published_time\" content=\"2019-03-01T08:58:14+00:00\" \/>\n<meta property=\"article:modified_time\" content=\"2019-03-11T18:49:24+00:00\" \/>\n<meta property=\"og:image\" content=\"https:\/\/travindy.com\/news\/wp-content\/uploads\/2019\/02\/Aktibatu1-1-e1551430682415.jpg\" \/>\n\t<meta property=\"og:image:width\" content=\"4087\" \/>\n\t<meta property=\"og:image:height\" content=\"2402\" \/>\n\t<meta property=\"og:image:type\" content=\"image\/jpeg\" \/>\n<meta name=\"author\" content=\"Cristina Vil\u00e0\" \/>\n<meta name=\"twitter:card\" content=\"summary_large_image\" \/>\n<meta name=\"twitter:creator\" content=\"@Travindy\" \/>\n<meta name=\"twitter:site\" content=\"@Travindy\" \/>\n<meta name=\"twitter:label1\" content=\"Written by\" \/>\n\t<meta name=\"twitter:data1\" content=\"Cristina Vil\u00e0\" \/>\n\t<meta name=\"twitter:label2\" content=\"Est. reading time\" \/>\n\t<meta name=\"twitter:data2\" content=\"10 minutes\" \/>\n<script type=\"application\/ld+json\" class=\"yoast-schema-graph\">{\"@context\":\"https:\/\/schema.org\",\"@graph\":[{\"@type\":\"Article\",\"@id\":\"https:\/\/travindy.com\/news\/2019\/03\/aktibatu-2019-turismo-sostenibilidad-y-naturaleza\/#article\",\"isPartOf\":{\"@id\":\"https:\/\/travindy.com\/news\/2019\/03\/aktibatu-2019-turismo-sostenibilidad-y-naturaleza\/\"},\"author\":{\"name\":\"Cristina Vil\u00e0\",\"@id\":\"https:\/\/travindy.com\/news\/#\/schema\/person\/78721f90c33f382288f207a9dd71caf2\"},\"headline\":\"Aktibatu 2019: turismo, sostenibilidad y naturaleza\",\"datePublished\":\"2019-03-01T08:58:14+00:00\",\"dateModified\":\"2019-03-11T18:49:24+00:00\",\"mainEntityOfPage\":{\"@id\":\"https:\/\/travindy.com\/news\/2019\/03\/aktibatu-2019-turismo-sostenibilidad-y-naturaleza\/\"},\"wordCount\":1912,\"commentCount\":0,\"publisher\":{\"@id\":\"https:\/\/travindy.com\/news\/#organization\"},\"keywords\":[\"Guipuzkoa\",\"Naturaleza\",\"Pa\u00eds Vasco\",\"Turismo Sostenible\"],\"articleSection\":[\"News\"],\"inLanguage\":\"en-US\",\"potentialAction\":[{\"@type\":\"CommentAction\",\"name\":\"Comment\",\"target\":[\"https:\/\/travindy.com\/news\/2019\/03\/aktibatu-2019-turismo-sostenibilidad-y-naturaleza\/#respond\"]}]},{\"@type\":\"WebPage\",\"@id\":\"https:\/\/travindy.com\/news\/2019\/03\/aktibatu-2019-turismo-sostenibilidad-y-naturaleza\/\",\"url\":\"https:\/\/travindy.com\/news\/2019\/03\/aktibatu-2019-turismo-sostenibilidad-y-naturaleza\/\",\"name\":\"Aktibatu 2019: turismo, sostenibilidad y naturaleza\",\"isPartOf\":{\"@id\":\"https:\/\/travindy.com\/news\/#website\"},\"datePublished\":\"2019-03-01T08:58:14+00:00\",\"dateModified\":\"2019-03-11T18:49:24+00:00\",\"description\":\"Aqu\u00ed tienes un resumen de lo que fue Aktibatu 2019, que es uno de los encuentros m\u00e1s importantes sobre turismo sostenible y naturaleza en el Pa\u00eds Vasco.\",\"breadcrumb\":{\"@id\":\"https:\/\/travindy.com\/news\/2019\/03\/aktibatu-2019-turismo-sostenibilidad-y-naturaleza\/#breadcrumb\"},\"inLanguage\":\"en-US\",\"potentialAction\":[{\"@type\":\"ReadAction\",\"target\":[\"https:\/\/travindy.com\/news\/2019\/03\/aktibatu-2019-turismo-sostenibilidad-y-naturaleza\/\"]}]},{\"@type\":\"BreadcrumbList\",\"@id\":\"https:\/\/travindy.com\/news\/2019\/03\/aktibatu-2019-turismo-sostenibilidad-y-naturaleza\/#breadcrumb\",\"itemListElement\":[{\"@type\":\"ListItem\",\"position\":1,\"name\":\"Home\",\"item\":\"https:\/\/travindy.com\/news\/\"},{\"@type\":\"ListItem\",\"position\":2,\"name\":\"Aktibatu 2019: turismo, sostenibilidad y naturaleza\"}]},{\"@type\":\"WebSite\",\"@id\":\"https:\/\/travindy.com\/news\/#website\",\"url\":\"https:\/\/travindy.com\/news\/\",\"name\":\"Travindy\",\"description\":\"sustainable tourism consulting, news and resources\",\"publisher\":{\"@id\":\"https:\/\/travindy.com\/news\/#organization\"},\"potentialAction\":[{\"@type\":\"SearchAction\",\"target\":{\"@type\":\"EntryPoint\",\"urlTemplate\":\"https:\/\/travindy.com\/news\/?s={search_term_string}\"},\"query-input\":\"required name=search_term_string\"}],\"inLanguage\":\"en-US\"},{\"@type\":\"Organization\",\"@id\":\"https:\/\/travindy.com\/news\/#organization\",\"name\":\"Travindy\",\"url\":\"https:\/\/travindy.com\/news\/\",\"logo\":{\"@type\":\"ImageObject\",\"inLanguage\":\"en-US\",\"@id\":\"https:\/\/travindy.com\/news\/#\/schema\/logo\/image\/\",\"url\":\"https:\/\/travindy.com\/wp-content\/uploads\/2022\/08\/cropped-travindy-logo-square.png\",\"contentUrl\":\"https:\/\/travindy.com\/wp-content\/uploads\/2022\/08\/cropped-travindy-logo-square.png\",\"width\":512,\"height\":512,\"caption\":\"Travindy\"},\"image\":{\"@id\":\"https:\/\/travindy.com\/news\/#\/schema\/logo\/image\/\"},\"sameAs\":[\"https:\/\/www.facebook.com\/travindy\",\"https:\/\/twitter.com\/Travindy\"]},{\"@type\":\"Person\",\"@id\":\"https:\/\/travindy.com\/news\/#\/schema\/person\/78721f90c33f382288f207a9dd71caf2\",\"name\":\"Cristina Vil\u00e0\",\"image\":{\"@type\":\"ImageObject\",\"inLanguage\":\"en-US\",\"@id\":\"https:\/\/travindy.com\/news\/#\/schema\/person\/image\/\",\"url\":\"https:\/\/secure.gravatar.com\/avatar\/b86fc71331aa7bf7912801a97c260e42?s=96&d=mm&r=g\",\"contentUrl\":\"https:\/\/secure.gravatar.com\/avatar\/b86fc71331aa7bf7912801a97c260e42?s=96&d=mm&r=g\",\"caption\":\"Cristina Vil\u00e0\"},\"description\":\"Cristina Vil\u00e0 es ambient\u00f3loga con un m\u00e1ster en ecoturismo. Es fundadora de EcoTravelDesign y dise\u00f1a viajes dirigidos a turistas que quieren descubrir una Catalunya local de forma responsable. Adem\u00e1s, es experta en desarrollar planes de sostenibilidad para empresas que quieren hacer un cambio en su modelo de negocio.\",\"sameAs\":[\"http:\/\/laecoturista.wordpress.com\"],\"url\":\"https:\/\/travindy.com\/news\/author\/laecoturistagmail-com\/\"}]}<\/script>\n<!-- \/ Yoast SEO plugin. -->","yoast_head_json":{"title":"Aktibatu 2019: turismo, sostenibilidad y naturaleza","description":"Aqu\u00ed tienes un resumen de lo que fue Aktibatu 2019, que es uno de los encuentros m\u00e1s importantes sobre turismo sostenible y naturaleza en el Pa\u00eds Vasco.","robots":{"index":"index","follow":"follow","max-snippet":"max-snippet:-1","max-image-preview":"max-image-preview:large","max-video-preview":"max-video-preview:-1"},"canonical":"https:\/\/travindy.com\/news\/2019\/03\/aktibatu-2019-turismo-sostenibilidad-y-naturaleza\/","og_locale":"en_US","og_type":"article","og_title":"Aktibatu 2019: turismo, sostenibilidad y naturaleza","og_description":"Aqu\u00ed tienes un resumen de lo que fue Aktibatu 2019, que es uno de los encuentros m\u00e1s importantes sobre turismo sostenible y naturaleza en el Pa\u00eds Vasco.","og_url":"https:\/\/travindy.com\/news\/2019\/03\/aktibatu-2019-turismo-sostenibilidad-y-naturaleza\/","og_site_name":"Travindy","article_publisher":"https:\/\/www.facebook.com\/travindy","article_published_time":"2019-03-01T08:58:14+00:00","article_modified_time":"2019-03-11T18:49:24+00:00","og_image":[{"width":4087,"height":2402,"url":"https:\/\/travindy.com\/news\/wp-content\/uploads\/2019\/02\/Aktibatu1-1-e1551430682415.jpg","type":"image\/jpeg"}],"author":"Cristina Vil\u00e0","twitter_card":"summary_large_image","twitter_creator":"@Travindy","twitter_site":"@Travindy","twitter_misc":{"Written by":"Cristina Vil\u00e0","Est. reading time":"10 minutes"},"schema":{"@context":"https:\/\/schema.org","@graph":[{"@type":"Article","@id":"https:\/\/travindy.com\/news\/2019\/03\/aktibatu-2019-turismo-sostenibilidad-y-naturaleza\/#article","isPartOf":{"@id":"https:\/\/travindy.com\/news\/2019\/03\/aktibatu-2019-turismo-sostenibilidad-y-naturaleza\/"},"author":{"name":"Cristina Vil\u00e0","@id":"https:\/\/travindy.com\/news\/#\/schema\/person\/78721f90c33f382288f207a9dd71caf2"},"headline":"Aktibatu 2019: turismo, sostenibilidad y naturaleza","datePublished":"2019-03-01T08:58:14+00:00","dateModified":"2019-03-11T18:49:24+00:00","mainEntityOfPage":{"@id":"https:\/\/travindy.com\/news\/2019\/03\/aktibatu-2019-turismo-sostenibilidad-y-naturaleza\/"},"wordCount":1912,"commentCount":0,"publisher":{"@id":"https:\/\/travindy.com\/news\/#organization"},"keywords":["Guipuzkoa","Naturaleza","Pa\u00eds Vasco","Turismo Sostenible"],"articleSection":["News"],"inLanguage":"en-US","potentialAction":[{"@type":"CommentAction","name":"Comment","target":["https:\/\/travindy.com\/news\/2019\/03\/aktibatu-2019-turismo-sostenibilidad-y-naturaleza\/#respond"]}]},{"@type":"WebPage","@id":"https:\/\/travindy.com\/news\/2019\/03\/aktibatu-2019-turismo-sostenibilidad-y-naturaleza\/","url":"https:\/\/travindy.com\/news\/2019\/03\/aktibatu-2019-turismo-sostenibilidad-y-naturaleza\/","name":"Aktibatu 2019: turismo, sostenibilidad y naturaleza","isPartOf":{"@id":"https:\/\/travindy.com\/news\/#website"},"datePublished":"2019-03-01T08:58:14+00:00","dateModified":"2019-03-11T18:49:24+00:00","description":"Aqu\u00ed tienes un resumen de lo que fue Aktibatu 2019, que es uno de los encuentros m\u00e1s importantes sobre turismo sostenible y naturaleza en el Pa\u00eds Vasco.","breadcrumb":{"@id":"https:\/\/travindy.com\/news\/2019\/03\/aktibatu-2019-turismo-sostenibilidad-y-naturaleza\/#breadcrumb"},"inLanguage":"en-US","potentialAction":[{"@type":"ReadAction","target":["https:\/\/travindy.com\/news\/2019\/03\/aktibatu-2019-turismo-sostenibilidad-y-naturaleza\/"]}]},{"@type":"BreadcrumbList","@id":"https:\/\/travindy.com\/news\/2019\/03\/aktibatu-2019-turismo-sostenibilidad-y-naturaleza\/#breadcrumb","itemListElement":[{"@type":"ListItem","position":1,"name":"Home","item":"https:\/\/travindy.com\/news\/"},{"@type":"ListItem","position":2,"name":"Aktibatu 2019: turismo, sostenibilidad y naturaleza"}]},{"@type":"WebSite","@id":"https:\/\/travindy.com\/news\/#website","url":"https:\/\/travindy.com\/news\/","name":"Travindy","description":"sustainable tourism consulting, news and resources","publisher":{"@id":"https:\/\/travindy.com\/news\/#organization"},"potentialAction":[{"@type":"SearchAction","target":{"@type":"EntryPoint","urlTemplate":"https:\/\/travindy.com\/news\/?s={search_term_string}"},"query-input":"required name=search_term_string"}],"inLanguage":"en-US"},{"@type":"Organization","@id":"https:\/\/travindy.com\/news\/#organization","name":"Travindy","url":"https:\/\/travindy.com\/news\/","logo":{"@type":"ImageObject","inLanguage":"en-US","@id":"https:\/\/travindy.com\/news\/#\/schema\/logo\/image\/","url":"https:\/\/travindy.com\/wp-content\/uploads\/2022\/08\/cropped-travindy-logo-square.png","contentUrl":"https:\/\/travindy.com\/wp-content\/uploads\/2022\/08\/cropped-travindy-logo-square.png","width":512,"height":512,"caption":"Travindy"},"image":{"@id":"https:\/\/travindy.com\/news\/#\/schema\/logo\/image\/"},"sameAs":["https:\/\/www.facebook.com\/travindy","https:\/\/twitter.com\/Travindy"]},{"@type":"Person","@id":"https:\/\/travindy.com\/news\/#\/schema\/person\/78721f90c33f382288f207a9dd71caf2","name":"Cristina Vil\u00e0","image":{"@type":"ImageObject","inLanguage":"en-US","@id":"https:\/\/travindy.com\/news\/#\/schema\/person\/image\/","url":"https:\/\/secure.gravatar.com\/avatar\/b86fc71331aa7bf7912801a97c260e42?s=96&d=mm&r=g","contentUrl":"https:\/\/secure.gravatar.com\/avatar\/b86fc71331aa7bf7912801a97c260e42?s=96&d=mm&r=g","caption":"Cristina Vil\u00e0"},"description":"Cristina Vil\u00e0 es ambient\u00f3loga con un m\u00e1ster en ecoturismo. Es fundadora de EcoTravelDesign y dise\u00f1a viajes dirigidos a turistas que quieren descubrir una Catalunya local de forma responsable. Adem\u00e1s, es experta en desarrollar planes de sostenibilidad para empresas que quieren hacer un cambio en su modelo de negocio.","sameAs":["http:\/\/laecoturista.wordpress.com"],"url":"https:\/\/travindy.com\/news\/author\/laecoturistagmail-com\/"}]}},"_links":{"self":[{"href":"https:\/\/travindy.com\/news\/wp-json\/wp\/v2\/posts\/30844"}],"collection":[{"href":"https:\/\/travindy.com\/news\/wp-json\/wp\/v2\/posts"}],"about":[{"href":"https:\/\/travindy.com\/news\/wp-json\/wp\/v2\/types\/post"}],"author":[{"embeddable":true,"href":"https:\/\/travindy.com\/news\/wp-json\/wp\/v2\/users\/179"}],"replies":[{"embeddable":true,"href":"https:\/\/travindy.com\/news\/wp-json\/wp\/v2\/comments?post=30844"}],"version-history":[{"count":26,"href":"https:\/\/travindy.com\/news\/wp-json\/wp\/v2\/posts\/30844\/revisions"}],"predecessor-version":[{"id":31051,"href":"https:\/\/travindy.com\/news\/wp-json\/wp\/v2\/posts\/30844\/revisions\/31051"}],"wp:featuredmedia":[{"embeddable":true,"href":"https:\/\/travindy.com\/news\/wp-json\/wp\/v2\/media\/30861"}],"wp:attachment":[{"href":"https:\/\/travindy.com\/news\/wp-json\/wp\/v2\/media?parent=30844"}],"wp:term":[{"taxonomy":"category","embeddable":true,"href":"https:\/\/travindy.com\/news\/wp-json\/wp\/v2\/categories?post=30844"},{"taxonomy":"post_tag","embeddable":true,"href":"https:\/\/travindy.com\/news\/wp-json\/wp\/v2\/tags?post=30844"}],"curies":[{"name":"wp","href":"https:\/\/api.w.org\/{rel}","templated":true}]}}