{"id":30305,"date":"2019-02-22T20:21:54","date_gmt":"2019-02-22T19:21:54","guid":{"rendered":"https:\/\/travindy.com\/?p=30305"},"modified":"2019-02-22T20:21:59","modified_gmt":"2019-02-22T19:21:59","slug":"cinelab-turisme-el-festival-que-aborda-el-turismo-desde-una-mirada-antropologica","status":"publish","type":"post","link":"https:\/\/travindy.com\/news\/2019\/02\/cinelab-turisme-el-festival-que-aborda-el-turismo-desde-una-mirada-antropologica\/","title":{"rendered":"Cinelab Turisme: el festival que aborda el turismo desde una mirada antropol\u00f3gica"},"content":{"rendered":"<div class=\"wp-block-image\">\n<figure class=\"alignleft is-resized\"><img decoding=\"async\" class=\"wp-image-30307\" src=\"https:\/\/travindy.com\/wp-content\/uploads\/2019\/02\/cinelab.jpg\" alt=\"Cinelab Turisme: el festival que aborda el turismo desde una mirada antropol\u00f3gica\" width=\"112\" height=\"112\"><figcaption>Fabiola Mancinelli<\/figcaption><\/figure>\n<\/div>\n<p>El festival \u201cCinelab Turisme: mirades des de l\u2019antropologia\u201d, que tuvo lugar entre octubre y diciembre de 2018 en Barcelona, surge del deseo de crear un espacio abierto para debatir en torno al turismo a partir de una mirada antropol\u00f3gica, facilitada por el visionado de pel\u00edculas tem\u00e1ticas y documentales etnogr\u00e1ficos.<\/p>\n<p>El \u201clab\u201d evoca justamente eso: la idea del taller, de la producci\u00f3n compartida de conocimiento cr\u00edtico. Aunque se trate siempre de interpretaciones, es decir, visiones subjetivas y concretas, los documentales nos permiten \u201cviajar sin movernos\u201d y traer a la realidad alguna situaciones tur\u00edsticas, en contextos diversos, pr\u00f3ximos y lejanos, dando voz a sus protagonistas.<\/p>\n<p>Hablamos con Fabiola Mancinelli, Investigadora y Profesora Asociada en el Departamento de Antropolog\u00eda de la Universidad de Barcelona, Gu\u00eda Acompa\u00f1ante de turistas internacionales y Directora del Cinelab Turisme, sobre esta primera edici\u00f3n del festival y sobre la mirada antropol\u00f3gica tan necesaria para entender el turismo.<\/p>\n<hr>\n<h4><strong>Laura: \u00bfQu\u00e9 caracter\u00edsticas tienen las pel\u00edculas proyectadas en el Cinelab Turisme?<\/strong><\/h4>\n<p><img fetchpriority=\"high\" decoding=\"async\" class=\"aligncenter size-full wp-image-30405\" src=\"https:\/\/travindy.com\/wp-content\/uploads\/2019\/02\/bali-2163431_1280.jpg-e1550342595944.png\" alt=\"Cinelab Turisme: el festival que aborda el turismo desde una mirada antropol\u00f3gica\" width=\"900\" height=\"627\"><\/p>\n<p>Fabiola: Las pel\u00edculas que forman parte del Cinelab abordan el viaje tur\u00edstico desde perspectivas diversas. En una gran mayor\u00eda de casos, interrogan representaciones e imaginarios, problem\u00e1ticas que a\u00fanan tanto al cine, como al turismo y a la antropolog\u00eda.<\/p>\n<p>Son documentales que nos invitan a reflexionar sobre c\u00f3mo representamos al \u201cotro\u201d, es decir la poblaci\u00f3n residente en los lugares que visitamos, pero tambi\u00e9n sobre ese Otro que somos nosotros cuando viajamos. De hecho, otro de los impulsos del Cinelab Turisme es la idea de estimular empat\u00eda. El turismo contempor\u00e1neo, sobre todo para los que vivimos en las grandes ciudades europeas, es un fen\u00f3meno omnipresente y familiar, pero resulta dif\u00edcil de elaborar completamente, pues nos implica a la vez como anfitriones, y otras como viajeros.<\/p>\n<p>De aqu\u00ed surgen representaciones contradictorias: el turismo es al mismo tiempo una b\u00fasqueda de conocimiento y una experiencia mercantilizada de consumo; es un motor de la econom\u00eda pero tambi\u00e9n una industria extractiva y generadoras de desigualdades sociales; es un productor de lugares y de imaginarios, pero coloniza los espacios p\u00fablicos. Estas tensiones pueden provocar una erosi\u00f3n de la empat\u00eda hacia los turistas, esos Otros que a veces tambi\u00e9n somos nosotros.<\/p>\n<h4><strong>Laura: \u00bfC\u00f3mo consiguen las pel\u00edculas tem\u00e1ticas y los documentales etnogr\u00e1ficos generar esta empat\u00eda?<\/strong><\/h4>\n<p><img decoding=\"async\" class=\"aligncenter size-full wp-image-30413\" src=\"https:\/\/travindy.com\/wp-content\/uploads\/2019\/02\/festival-3973776_1280.jpg\" alt=\"Cinelab Turisme: el festival que aborda el turismo desde una mirada antropol\u00f3gica\" width=\"1000\" height=\"602\" srcset=\"https:\/\/travindy.com\/news\/wp-content\/uploads\/2019\/02\/festival-3973776_1280.jpg 1000w, https:\/\/travindy.com\/news\/wp-content\/uploads\/2019\/02\/festival-3973776_1280-300x181.jpg 300w, https:\/\/travindy.com\/news\/wp-content\/uploads\/2019\/02\/festival-3973776_1280-768x462.jpg 768w, https:\/\/travindy.com\/news\/wp-content\/uploads\/2019\/02\/festival-3973776_1280-116x70.jpg 116w\" sizes=\"(max-width: 1000px) 100vw, 1000px\" \/><\/p>\n<p><strong>F<\/strong><strong>abiola:<\/strong> Los documentales acercan el mundo a sus espectadores de forma muy real. Nos permiten acercarnos a historias concretas y as\u00ed crear conexiones a trav\u00e9s del tiempo, de lugares y culturas diversas. Crean mensajes que llegan m\u00e1s r\u00e1pidamente que cualquier otro tipo de texto. Ahora m\u00e1s que nunca, necesitamos historias que nos ayuden a entender y conectar con este mundo que cambia r\u00e1pidamente.<\/p>\n<p>Los documentales, y sobre todo las etnograf\u00edas visuales, nos ayudan a expandir nuestro mundo, present\u00e1ndonos valores, luchas, innovaciones y creencias m\u00e1s all\u00e1 de nuestra experiencia diaria. Nos ayudan a tomar conciencia, social y emocionalmente, y a conectar con eventos y contextos actuales. El turismo, como marco de encuentros y din\u00e1micas que atraviesan muchos \u00e1mbitos de la vida de nuestra sociedad contempor\u00e1nea \u2013 pol\u00edtica, econom\u00eda, medioambiente, historia, psicolog\u00eda, cultura etc.- se presta muy bien a este tipo de aproximaci\u00f3n.<\/p>\n<p>A trav\u00e9s de los documentales se puede tomar perspectiva, situarnos en un punto externo: ver a otros pero tambi\u00e9n a nosotros mismos. A partir de esta conexi\u00f3n, y a trav\u00e9s del debate posterior, facilitado por la intervenci\u00f3n de expertos y expertas cuyas intervenciones nos han ayudado a pensar m\u00e1s all\u00e1, en el Cinelab Turisme hemos hecho un ejercicio de comprensi\u00f3n antropol\u00f3gica, tratando de suspender el juicio, para llegar a una comprensi\u00f3n realmente m\u00e1s profunda de algunas pr\u00e1cticas y discursos que hoy en d\u00eda se generan en un contexto tur\u00edstico.<\/p>\n<p>En muchos sentidos ha sido revelador. Varios asistentes me han comentado que los documentales les han hecho mirar cr\u00edticamente a algunos de los comportamientos que hab\u00edan tenido en viaje y que, a pesar de las mejores intenciones, iban acompa\u00f1ados de prejuicios occidentales, o bien de una mirada esencialista, o poscolonial.<\/p>\n<h4><strong>Laura \u00bfQu\u00e9 temas hab\u00e9is tratado durante el Cinelab Turisme?<\/strong><\/h4>\n<p><strong>Fabiola:<\/strong> La idea del Cinelab es mirar al fen\u00f3meno tur\u00edstico desde distintas facetas, &nbsp;como en una especie de caleidoscopio. En un sentido metaf\u00f3rico, el ciclo mismo ha sido un viaje, a trav\u00e9s de experiencias y contextos diversos.<\/p>\n<p>Con \u201cFraming the Other\u201d, el documental de la primera sesi\u00f3n, hemos abordado el tema del turismo \u00e9tnico como lugar de encuentros, representaciones a menudo estereotipadas, y conflictos. En la segunda noche hemos hablado del viaje como momento sagrado, desarrollando un paralelismo entre los \u201ccaminos comunes\u201d que unen una peregrina-turista por el camino de Santiago y una mochilera que da la vuelta por el sureste asi\u00e1tico.<\/p>\n<p><img loading=\"lazy\" decoding=\"async\" class=\"aligncenter size-full wp-image-30311\" src=\"https:\/\/travindy.com\/wp-content\/uploads\/2019\/02\/cinelab1-e1549729814553.jpg\" alt=\"Cinelab Turisme: el festival que aborda el turismo desde una mirada antropol\u00f3gica\" width=\"945\" height=\"626\" srcset=\"https:\/\/travindy.com\/news\/wp-content\/uploads\/2019\/02\/cinelab1-e1549729814553.jpg 945w, https:\/\/travindy.com\/news\/wp-content\/uploads\/2019\/02\/cinelab1-e1549729814553-300x199.jpg 300w, https:\/\/travindy.com\/news\/wp-content\/uploads\/2019\/02\/cinelab1-e1549729814553-768x509.jpg 768w, https:\/\/travindy.com\/news\/wp-content\/uploads\/2019\/02\/cinelab1-e1549729814553-103x67.jpg 103w\" sizes=\"(max-width: 945px) 100vw, 945px\" \/><\/p>\n<p>La tercera cita, con la pel\u00edcula \u201cGringo Trails\u201d, rodaba en torno al tema de los impactos econ\u00f3micos y medioambientales del turismo, &#8211; el llamado \u201cefecto Lonely Planet\u201d- , por el que la ansiedad de salir de los caminos m\u00e1s trillados acaba plasmando nuevas formas de masificaci\u00f3n. La cuarta sesi\u00f3n ha tocado un tema candente: la relaci\u00f3n de dif\u00edcil convivencia entre el turismo y la ciudad, lugar donde confluyen intereses y usos del espacio diversos y a menudo generadores de conflictos. La realidad de Berl\u00edn, retratada en la pel\u00edcula \u201cWelcome, Goobye\u201d, nos ha permitido reflexionar sobre lo que pasa en otras ciudades europeas, Barcelona entre ellas.<\/p>\n<p>Con la quinta sesi\u00f3n hemos abordado el tema del turismo sexual en clave femenina. Hemos viajado a Bali con <a href=\"https:\/\/youtu.be\/nrf0xHQgGUs\" target=\"_blank\" rel=\"noreferrer noopener\" aria-label=\"Cowboys in Paradise (opens in a new tab)\">Cowboys in Paradise<\/a>, investigando los encuentros entre unas turistas occidentales y chicos de la playa de Kuta. Relaciones informales que surgen al margen de la industria tur\u00edstica, y que mezclan de forma ambigua amistad, amor y dinero.<\/p>\n<p>Finalmente, las dos \u00faltimas sesiones del Cinelab nos han acercado al llamado \u201cturismo de la realidad\u201d, en su vertiente social y en su vertiente m\u00e1s tr\u00e1gica y oscura, la de la muerte y del genocidio. Por una parte, el documental <a href=\"https:\/\/www.youtube.com\/watch?v=CBBUXL5Veg4&amp;t=2060s\" target=\"_blank\" rel=\"noreferrer noopener\" aria-label=\"\u201cNosotros, los de all\u00e1\u201d (opens in a new tab)\">\u201cNosotros, los de all\u00e1\u201d<\/a> nos ha llevado a conocer c\u00f3mo las condiciones de trabajo de los mineros de Potos\u00ed se convierten en objeto de atracci\u00f3n tur\u00edstica. Por otra, \u201cAusterlitz\u201d, pel\u00edcula del director ucraniano Sergei Lonitza, nos ha ofrecido un espejo en el que mirar las pr\u00e1cticas de los visitantes del campo de concentraci\u00f3n de Sachsenhausen, en Alemania.<\/p>\n<p>Podr\u00eda decir que el Cinelab ha sido un viaje con muchas paradas, con ojos abiertos y atenci\u00f3n a los matices, a los discursos, a las miradas. Un viaje como tendr\u00edan que ser como todos los viajes: con mucha conciencia y tratando de detener el juicio para poder comprender con m\u00e1s profundidad.<\/p>\n<h4><strong>Laura: Sin duda son todos aspectos muy interesantes. \u00bfCu\u00e1l dir\u00edas que es el tema o temas que mayor debate han generado entre los participantes? <\/strong><\/h4>\n<p><img loading=\"lazy\" decoding=\"async\" class=\"aligncenter size-full wp-image-30409\" src=\"https:\/\/travindy.com\/wp-content\/uploads\/2019\/02\/boardwalk-1209671_1280.jpg\" alt=\"Cinelab Turisme: el festival que aborda el turismo desde una mirada antropol\u00f3gica\" width=\"1000\" height=\"666\" srcset=\"https:\/\/travindy.com\/news\/wp-content\/uploads\/2019\/02\/boardwalk-1209671_1280.jpg 1000w, https:\/\/travindy.com\/news\/wp-content\/uploads\/2019\/02\/boardwalk-1209671_1280-300x200.jpg 300w, https:\/\/travindy.com\/news\/wp-content\/uploads\/2019\/02\/boardwalk-1209671_1280-768x511.jpg 768w\" sizes=\"(max-width: 1000px) 100vw, 1000px\" \/><\/p>\n<p><strong>Fabiola:<\/strong> El debate se ha ido construyendo a lo largo de las 7 sesiones, llevando a una reflexi\u00f3n org\u00e1nica sobre el fen\u00f3meno tur\u00edstico, din\u00e1mica que ha sido para los organizadores del evento una de las sorpresas m\u00e1s gratas. Me explico: al principio quiz\u00e1s hab\u00eda m\u00e1s reticencia a compartir ideas libremente, pero a medida en que el espacio del Cinelab se convert\u00eda en una cita familiar, y gracias a las interesantes aportaciones de los expertos, que nos han ayudado cada vez a pensar m\u00e1s all\u00e1 del documental, el intercambio de ideas se ha hecho m\u00e1s intenso y las reflexiones m\u00e1s profundas.<\/p>\n<p>Evidentemente, temas como el turismo sexual, los impactos sociales y medioambientales del turismo o el turismo de la realidad han interpelado la conciencia del p\u00fablico. Pero, paralelamente al debate sobre casos concretos, se han esbozado hilos de reflexi\u00f3n que se repet\u00edan a cada sesi\u00f3n: por ejemplo, se ha reflexionado mucho sobre las sociedades emisoras de turistas, cuya estructura y funcionamiento determina lo que el turista busca en sus vacaciones y, en consecuencia, sus pr\u00e1cticas en el lugar de destino; del rol de la fotograf\u00eda tur\u00edstica y de c\u00f3mo marca las asimetr\u00edas \u2013 tecnol\u00f3gicas y de poder- &nbsp;entre visitantes y residentes; se ha debatido cr\u00edticamente entorno a la idea de turismo como derecho, y se ha reflexionado sobre la posibilidad de encuentros tur\u00edsticos que vayan m\u00e1s all\u00e1 de relaciones de puro consumo.<\/p>\n<h4><strong>Laura: Es importante que existan estos espacios de debate en torno al fen\u00f3meno tur\u00edstico. \u00bfHabr\u00e1 una segunda edici\u00f3n del Cinelab Turisme?<\/strong><\/h4>\n<p><img loading=\"lazy\" decoding=\"async\" class=\"aligncenter size-full wp-image-30315\" src=\"https:\/\/travindy.com\/wp-content\/uploads\/2019\/02\/Cinelab2.jpg\" alt=\"Cinelab Turisme: el festival que aborda el turismo desde una mirada antropol\u00f3gica\" width=\"1000\" height=\"750\" srcset=\"https:\/\/travindy.com\/news\/wp-content\/uploads\/2019\/02\/Cinelab2.jpg 1000w, https:\/\/travindy.com\/news\/wp-content\/uploads\/2019\/02\/Cinelab2-300x225.jpg 300w, https:\/\/travindy.com\/news\/wp-content\/uploads\/2019\/02\/Cinelab2-768x576.jpg 768w\" sizes=\"(max-width: 1000px) 100vw, 1000px\" \/><\/p>\n<p><strong>Fabiola: <\/strong>Ya estamos trabajando en la pr\u00f3xima edici\u00f3n del Cinelab Turisme, para el oto\u00f1o de 2019, donde seguiremos explorando las m\u00faltiples facetas de este fen\u00f3meno y esperamos dedicar un espacio a las condiciones de los trabajadores del turismo.<\/p>\n<p>Asimismo, queremos reflexionar sobre la l\u00ednea cada vez m\u00e1s delgada que hoy en d\u00eda separa la experiencia de viajeros y migrantes, poniendo el foco en el creciente fen\u00f3meno del turismo residencial, por ejemplo, o de los n\u00f3madas digitales. Hablaremos de viajes inici\u00e1ticos y parques tem\u00e1ticos, y volveremos a observar c\u00f3mo el turismo lleva a puestas en escena de la \u201cautenticidad\u201d.<\/p>\n<p>Queremos seguir alimentando este espacio cr\u00edtico, y esperamos que lleve a pensar en una idea de turismo m\u00e1s \u00e9tico y respetuoso del entorno y de la gente que lo habita. De momento, estamos buscando documentales que relatan experiencias de turismo comunitario en los pa\u00edses de Am\u00e9rica Latina, as\u00ed que si entre los lectores de Travindy hay alguien que nos quiera enviar sugerencias, estaremos muy interesados en recibirlas.<\/p>\n<p><strong>\u00a1Muchas gracias Fabiola! Puedes encontrar m\u00e1s informaci\u00f3n del Cinelab Turisme en la web del <\/strong><a href=\"http:\/\/festivalvilamon.com\/es\/home-cinelab\/cinelab\/\" target=\"_blank\" rel=\"noreferrer noopener nofollow\" label=\"Festival Vilamon (opens in a new tab)\"><strong>Festival Vilamon<\/strong><\/a><strong> , en la web del <\/strong><a href=\"http:\/\/www.antropologia.cat \" target=\"_blank\" rel=\"noreferrer noopener\" aria-label=\"Institut Catal\u00e0 d\u2019Antropologia (opens in a new tab)\"><strong>Institut Catal\u00e0 d\u2019Antropologia<\/strong><\/a><strong> y tambi\u00e9n puedes seguirlo en <\/strong><a href=\"https:\/\/twitter.com\/vilamonbcn?lang=en\" target=\"_blank\" rel=\"noreferrer noopener\" aria-label=\"Twitter (opens in a new tab)\"><strong>Twitter.<\/strong><\/a><\/p>\n","protected":false},"excerpt":{"rendered":"<p>El festival \u201cCinelab Turisme&#8221; surge del deseo de crear un espacio abierto para debatir en torno al turismo a partir de una mirada antropol\u00f3gica.<\/p>\n","protected":false},"author":55,"featured_media":30405,"comment_status":"open","ping_status":"open","sticky":false,"template":"","format":"standard","meta":{"footnotes":""},"categories":[534],"tags":[2646],"yoast_head":"<!-- This site is optimized with the Yoast SEO plugin v21.4 - https:\/\/yoast.com\/wordpress\/plugins\/seo\/ -->\n<title>Cinelab Turisme: el festival que aborda el turismo desde una mirada antropol\u00f3gica<\/title>\n<meta name=\"description\" content=\"El festival \u201cCinelab Turisme&quot; surge del deseo de crear un espacio abierto para debatir en torno al turismo a partir de una mirada antropol\u00f3gica.\" \/>\n<meta name=\"robots\" content=\"index, follow, max-snippet:-1, max-image-preview:large, max-video-preview:-1\" \/>\n<link rel=\"canonical\" href=\"https:\/\/travindy.com\/news\/2019\/02\/cinelab-turisme-el-festival-que-aborda-el-turismo-desde-una-mirada-antropologica\/\" \/>\n<meta property=\"og:locale\" content=\"en_US\" \/>\n<meta property=\"og:type\" content=\"article\" \/>\n<meta property=\"og:title\" content=\"Cinelab Turisme: el festival que aborda el turismo desde una mirada antropol\u00f3gica\" \/>\n<meta property=\"og:description\" content=\"El festival \u201cCinelab Turisme&quot; surge del deseo de crear un espacio abierto para debatir en torno al turismo a partir de una mirada antropol\u00f3gica.\" \/>\n<meta property=\"og:url\" content=\"https:\/\/travindy.com\/news\/2019\/02\/cinelab-turisme-el-festival-que-aborda-el-turismo-desde-una-mirada-antropologica\/\" \/>\n<meta property=\"og:site_name\" content=\"Travindy\" \/>\n<meta property=\"article:publisher\" content=\"https:\/\/www.facebook.com\/travindy\" \/>\n<meta property=\"article:published_time\" content=\"2019-02-22T19:21:54+00:00\" \/>\n<meta property=\"article:modified_time\" content=\"2019-02-22T19:21:59+00:00\" \/>\n<meta property=\"og:image\" content=\"https:\/\/travindy.com\/news\/wp-content\/uploads\/2019\/02\/bali-2163431_1280.jpg-e1550342983358.png\" \/>\n\t<meta property=\"og:image:width\" content=\"800\" \/>\n\t<meta property=\"og:image:height\" content=\"557\" \/>\n\t<meta property=\"og:image:type\" content=\"image\/png\" \/>\n<meta name=\"author\" content=\"Laura Basaga\u00f1a Illa\" \/>\n<meta name=\"twitter:card\" content=\"summary_large_image\" \/>\n<meta name=\"twitter:creator\" content=\"@Travindy\" \/>\n<meta name=\"twitter:site\" content=\"@Travindy\" \/>\n<meta name=\"twitter:label1\" content=\"Written by\" \/>\n\t<meta name=\"twitter:data1\" content=\"Laura Basaga\u00f1a Illa\" \/>\n\t<meta name=\"twitter:label2\" content=\"Est. reading time\" \/>\n\t<meta name=\"twitter:data2\" content=\"8 minutes\" \/>\n<script type=\"application\/ld+json\" class=\"yoast-schema-graph\">{\"@context\":\"https:\/\/schema.org\",\"@graph\":[{\"@type\":\"Article\",\"@id\":\"https:\/\/travindy.com\/news\/2019\/02\/cinelab-turisme-el-festival-que-aborda-el-turismo-desde-una-mirada-antropologica\/#article\",\"isPartOf\":{\"@id\":\"https:\/\/travindy.com\/news\/2019\/02\/cinelab-turisme-el-festival-que-aborda-el-turismo-desde-una-mirada-antropologica\/\"},\"author\":{\"name\":\"Laura Basaga\u00f1a Illa\",\"@id\":\"https:\/\/travindy.com\/news\/#\/schema\/person\/4e174bea5d57426cbc41e34a5ba4cc03\"},\"headline\":\"Cinelab Turisme: el festival que aborda el turismo desde una mirada antropol\u00f3gica\",\"datePublished\":\"2019-02-22T19:21:54+00:00\",\"dateModified\":\"2019-02-22T19:21:59+00:00\",\"mainEntityOfPage\":{\"@id\":\"https:\/\/travindy.com\/news\/2019\/02\/cinelab-turisme-el-festival-que-aborda-el-turismo-desde-una-mirada-antropologica\/\"},\"wordCount\":1702,\"commentCount\":0,\"publisher\":{\"@id\":\"https:\/\/travindy.com\/news\/#organization\"},\"keywords\":[\"Barcelona\"],\"articleSection\":[\"News\"],\"inLanguage\":\"en-US\",\"potentialAction\":[{\"@type\":\"CommentAction\",\"name\":\"Comment\",\"target\":[\"https:\/\/travindy.com\/news\/2019\/02\/cinelab-turisme-el-festival-que-aborda-el-turismo-desde-una-mirada-antropologica\/#respond\"]}]},{\"@type\":\"WebPage\",\"@id\":\"https:\/\/travindy.com\/news\/2019\/02\/cinelab-turisme-el-festival-que-aborda-el-turismo-desde-una-mirada-antropologica\/\",\"url\":\"https:\/\/travindy.com\/news\/2019\/02\/cinelab-turisme-el-festival-que-aborda-el-turismo-desde-una-mirada-antropologica\/\",\"name\":\"Cinelab Turisme: el festival que aborda el turismo desde una mirada antropol\u00f3gica\",\"isPartOf\":{\"@id\":\"https:\/\/travindy.com\/news\/#website\"},\"datePublished\":\"2019-02-22T19:21:54+00:00\",\"dateModified\":\"2019-02-22T19:21:59+00:00\",\"description\":\"El festival \u201cCinelab Turisme\\\" surge del deseo de crear un espacio abierto para debatir en torno al turismo a partir de una mirada antropol\u00f3gica.\",\"breadcrumb\":{\"@id\":\"https:\/\/travindy.com\/news\/2019\/02\/cinelab-turisme-el-festival-que-aborda-el-turismo-desde-una-mirada-antropologica\/#breadcrumb\"},\"inLanguage\":\"en-US\",\"potentialAction\":[{\"@type\":\"ReadAction\",\"target\":[\"https:\/\/travindy.com\/news\/2019\/02\/cinelab-turisme-el-festival-que-aborda-el-turismo-desde-una-mirada-antropologica\/\"]}]},{\"@type\":\"BreadcrumbList\",\"@id\":\"https:\/\/travindy.com\/news\/2019\/02\/cinelab-turisme-el-festival-que-aborda-el-turismo-desde-una-mirada-antropologica\/#breadcrumb\",\"itemListElement\":[{\"@type\":\"ListItem\",\"position\":1,\"name\":\"Home\",\"item\":\"https:\/\/travindy.com\/news\/\"},{\"@type\":\"ListItem\",\"position\":2,\"name\":\"Cinelab Turisme: el festival que aborda el turismo desde una mirada antropol\u00f3gica\"}]},{\"@type\":\"WebSite\",\"@id\":\"https:\/\/travindy.com\/news\/#website\",\"url\":\"https:\/\/travindy.com\/news\/\",\"name\":\"Travindy\",\"description\":\"sustainable tourism consulting, news and resources\",\"publisher\":{\"@id\":\"https:\/\/travindy.com\/news\/#organization\"},\"potentialAction\":[{\"@type\":\"SearchAction\",\"target\":{\"@type\":\"EntryPoint\",\"urlTemplate\":\"https:\/\/travindy.com\/news\/?s={search_term_string}\"},\"query-input\":\"required name=search_term_string\"}],\"inLanguage\":\"en-US\"},{\"@type\":\"Organization\",\"@id\":\"https:\/\/travindy.com\/news\/#organization\",\"name\":\"Travindy\",\"url\":\"https:\/\/travindy.com\/news\/\",\"logo\":{\"@type\":\"ImageObject\",\"inLanguage\":\"en-US\",\"@id\":\"https:\/\/travindy.com\/news\/#\/schema\/logo\/image\/\",\"url\":\"https:\/\/travindy.com\/wp-content\/uploads\/2022\/08\/cropped-travindy-logo-square.png\",\"contentUrl\":\"https:\/\/travindy.com\/wp-content\/uploads\/2022\/08\/cropped-travindy-logo-square.png\",\"width\":512,\"height\":512,\"caption\":\"Travindy\"},\"image\":{\"@id\":\"https:\/\/travindy.com\/news\/#\/schema\/logo\/image\/\"},\"sameAs\":[\"https:\/\/www.facebook.com\/travindy\",\"https:\/\/twitter.com\/Travindy\"]},{\"@type\":\"Person\",\"@id\":\"https:\/\/travindy.com\/news\/#\/schema\/person\/4e174bea5d57426cbc41e34a5ba4cc03\",\"name\":\"Laura Basaga\u00f1a Illa\",\"image\":{\"@type\":\"ImageObject\",\"inLanguage\":\"en-US\",\"@id\":\"https:\/\/travindy.com\/news\/#\/schema\/person\/image\/\",\"url\":\"https:\/\/secure.gravatar.com\/avatar\/a61c7a6af62f6cb223b4f6e55351288b?s=96&d=mm&r=g\",\"contentUrl\":\"https:\/\/secure.gravatar.com\/avatar\/a61c7a6af62f6cb223b4f6e55351288b?s=96&d=mm&r=g\",\"caption\":\"Laura Basaga\u00f1a Illa\"},\"description\":\"Actualmente trabaja como Coordinadora de la Agencia de Viajes de Oxineu, empresa de turismo activo especializada en experiencias de monta\u00f1a. Su inter\u00e9s por el turismo sostenible la llev\u00f3 a estudiar el M\u00e1ster en Gesti\u00f3n y Estrategia de Destinos Tur\u00edsticos en la UOC, donde emple\u00f3 el concepto de geoturismo para elaborar su tesis.\",\"url\":\"https:\/\/travindy.com\/news\/author\/laurabasaganya\/\"}]}<\/script>\n<!-- \/ Yoast SEO plugin. -->","yoast_head_json":{"title":"Cinelab Turisme: el festival que aborda el turismo desde una mirada antropol\u00f3gica","description":"El festival \u201cCinelab Turisme\" surge del deseo de crear un espacio abierto para debatir en torno al turismo a partir de una mirada antropol\u00f3gica.","robots":{"index":"index","follow":"follow","max-snippet":"max-snippet:-1","max-image-preview":"max-image-preview:large","max-video-preview":"max-video-preview:-1"},"canonical":"https:\/\/travindy.com\/news\/2019\/02\/cinelab-turisme-el-festival-que-aborda-el-turismo-desde-una-mirada-antropologica\/","og_locale":"en_US","og_type":"article","og_title":"Cinelab Turisme: el festival que aborda el turismo desde una mirada antropol\u00f3gica","og_description":"El festival \u201cCinelab Turisme\" surge del deseo de crear un espacio abierto para debatir en torno al turismo a partir de una mirada antropol\u00f3gica.","og_url":"https:\/\/travindy.com\/news\/2019\/02\/cinelab-turisme-el-festival-que-aborda-el-turismo-desde-una-mirada-antropologica\/","og_site_name":"Travindy","article_publisher":"https:\/\/www.facebook.com\/travindy","article_published_time":"2019-02-22T19:21:54+00:00","article_modified_time":"2019-02-22T19:21:59+00:00","og_image":[{"width":800,"height":557,"url":"https:\/\/travindy.com\/news\/wp-content\/uploads\/2019\/02\/bali-2163431_1280.jpg-e1550342983358.png","type":"image\/png"}],"author":"Laura Basaga\u00f1a Illa","twitter_card":"summary_large_image","twitter_creator":"@Travindy","twitter_site":"@Travindy","twitter_misc":{"Written by":"Laura Basaga\u00f1a Illa","Est. reading time":"8 minutes"},"schema":{"@context":"https:\/\/schema.org","@graph":[{"@type":"Article","@id":"https:\/\/travindy.com\/news\/2019\/02\/cinelab-turisme-el-festival-que-aborda-el-turismo-desde-una-mirada-antropologica\/#article","isPartOf":{"@id":"https:\/\/travindy.com\/news\/2019\/02\/cinelab-turisme-el-festival-que-aborda-el-turismo-desde-una-mirada-antropologica\/"},"author":{"name":"Laura Basaga\u00f1a Illa","@id":"https:\/\/travindy.com\/news\/#\/schema\/person\/4e174bea5d57426cbc41e34a5ba4cc03"},"headline":"Cinelab Turisme: el festival que aborda el turismo desde una mirada antropol\u00f3gica","datePublished":"2019-02-22T19:21:54+00:00","dateModified":"2019-02-22T19:21:59+00:00","mainEntityOfPage":{"@id":"https:\/\/travindy.com\/news\/2019\/02\/cinelab-turisme-el-festival-que-aborda-el-turismo-desde-una-mirada-antropologica\/"},"wordCount":1702,"commentCount":0,"publisher":{"@id":"https:\/\/travindy.com\/news\/#organization"},"keywords":["Barcelona"],"articleSection":["News"],"inLanguage":"en-US","potentialAction":[{"@type":"CommentAction","name":"Comment","target":["https:\/\/travindy.com\/news\/2019\/02\/cinelab-turisme-el-festival-que-aborda-el-turismo-desde-una-mirada-antropologica\/#respond"]}]},{"@type":"WebPage","@id":"https:\/\/travindy.com\/news\/2019\/02\/cinelab-turisme-el-festival-que-aborda-el-turismo-desde-una-mirada-antropologica\/","url":"https:\/\/travindy.com\/news\/2019\/02\/cinelab-turisme-el-festival-que-aborda-el-turismo-desde-una-mirada-antropologica\/","name":"Cinelab Turisme: el festival que aborda el turismo desde una mirada antropol\u00f3gica","isPartOf":{"@id":"https:\/\/travindy.com\/news\/#website"},"datePublished":"2019-02-22T19:21:54+00:00","dateModified":"2019-02-22T19:21:59+00:00","description":"El festival \u201cCinelab Turisme\" surge del deseo de crear un espacio abierto para debatir en torno al turismo a partir de una mirada antropol\u00f3gica.","breadcrumb":{"@id":"https:\/\/travindy.com\/news\/2019\/02\/cinelab-turisme-el-festival-que-aborda-el-turismo-desde-una-mirada-antropologica\/#breadcrumb"},"inLanguage":"en-US","potentialAction":[{"@type":"ReadAction","target":["https:\/\/travindy.com\/news\/2019\/02\/cinelab-turisme-el-festival-que-aborda-el-turismo-desde-una-mirada-antropologica\/"]}]},{"@type":"BreadcrumbList","@id":"https:\/\/travindy.com\/news\/2019\/02\/cinelab-turisme-el-festival-que-aborda-el-turismo-desde-una-mirada-antropologica\/#breadcrumb","itemListElement":[{"@type":"ListItem","position":1,"name":"Home","item":"https:\/\/travindy.com\/news\/"},{"@type":"ListItem","position":2,"name":"Cinelab Turisme: el festival que aborda el turismo desde una mirada antropol\u00f3gica"}]},{"@type":"WebSite","@id":"https:\/\/travindy.com\/news\/#website","url":"https:\/\/travindy.com\/news\/","name":"Travindy","description":"sustainable tourism consulting, news and resources","publisher":{"@id":"https:\/\/travindy.com\/news\/#organization"},"potentialAction":[{"@type":"SearchAction","target":{"@type":"EntryPoint","urlTemplate":"https:\/\/travindy.com\/news\/?s={search_term_string}"},"query-input":"required name=search_term_string"}],"inLanguage":"en-US"},{"@type":"Organization","@id":"https:\/\/travindy.com\/news\/#organization","name":"Travindy","url":"https:\/\/travindy.com\/news\/","logo":{"@type":"ImageObject","inLanguage":"en-US","@id":"https:\/\/travindy.com\/news\/#\/schema\/logo\/image\/","url":"https:\/\/travindy.com\/wp-content\/uploads\/2022\/08\/cropped-travindy-logo-square.png","contentUrl":"https:\/\/travindy.com\/wp-content\/uploads\/2022\/08\/cropped-travindy-logo-square.png","width":512,"height":512,"caption":"Travindy"},"image":{"@id":"https:\/\/travindy.com\/news\/#\/schema\/logo\/image\/"},"sameAs":["https:\/\/www.facebook.com\/travindy","https:\/\/twitter.com\/Travindy"]},{"@type":"Person","@id":"https:\/\/travindy.com\/news\/#\/schema\/person\/4e174bea5d57426cbc41e34a5ba4cc03","name":"Laura Basaga\u00f1a Illa","image":{"@type":"ImageObject","inLanguage":"en-US","@id":"https:\/\/travindy.com\/news\/#\/schema\/person\/image\/","url":"https:\/\/secure.gravatar.com\/avatar\/a61c7a6af62f6cb223b4f6e55351288b?s=96&d=mm&r=g","contentUrl":"https:\/\/secure.gravatar.com\/avatar\/a61c7a6af62f6cb223b4f6e55351288b?s=96&d=mm&r=g","caption":"Laura Basaga\u00f1a Illa"},"description":"Actualmente trabaja como Coordinadora de la Agencia de Viajes de Oxineu, empresa de turismo activo especializada en experiencias de monta\u00f1a. Su inter\u00e9s por el turismo sostenible la llev\u00f3 a estudiar el M\u00e1ster en Gesti\u00f3n y Estrategia de Destinos Tur\u00edsticos en la UOC, donde emple\u00f3 el concepto de geoturismo para elaborar su tesis.","url":"https:\/\/travindy.com\/news\/author\/laurabasaganya\/"}]}},"_links":{"self":[{"href":"https:\/\/travindy.com\/news\/wp-json\/wp\/v2\/posts\/30305"}],"collection":[{"href":"https:\/\/travindy.com\/news\/wp-json\/wp\/v2\/posts"}],"about":[{"href":"https:\/\/travindy.com\/news\/wp-json\/wp\/v2\/types\/post"}],"author":[{"embeddable":true,"href":"https:\/\/travindy.com\/news\/wp-json\/wp\/v2\/users\/55"}],"replies":[{"embeddable":true,"href":"https:\/\/travindy.com\/news\/wp-json\/wp\/v2\/comments?post=30305"}],"version-history":[{"count":5,"href":"https:\/\/travindy.com\/news\/wp-json\/wp\/v2\/posts\/30305\/revisions"}],"predecessor-version":[{"id":30891,"href":"https:\/\/travindy.com\/news\/wp-json\/wp\/v2\/posts\/30305\/revisions\/30891"}],"wp:featuredmedia":[{"embeddable":true,"href":"https:\/\/travindy.com\/news\/wp-json\/wp\/v2\/media\/30405"}],"wp:attachment":[{"href":"https:\/\/travindy.com\/news\/wp-json\/wp\/v2\/media?parent=30305"}],"wp:term":[{"taxonomy":"category","embeddable":true,"href":"https:\/\/travindy.com\/news\/wp-json\/wp\/v2\/categories?post=30305"},{"taxonomy":"post_tag","embeddable":true,"href":"https:\/\/travindy.com\/news\/wp-json\/wp\/v2\/tags?post=30305"}],"curies":[{"name":"wp","href":"https:\/\/api.w.org\/{rel}","templated":true}]}}