{"id":29914,"date":"2019-02-22T20:22:43","date_gmt":"2019-02-22T19:22:43","guid":{"rendered":"https:\/\/travindy.com\/?p=29914"},"modified":"2019-02-22T20:22:47","modified_gmt":"2019-02-22T19:22:47","slug":"el-primer-parque-natural-catalan-reserva-y-destino-starlight","status":"publish","type":"post","link":"https:\/\/travindy.com\/news\/2019\/02\/el-primer-parque-natural-catalan-reserva-y-destino-starlight\/","title":{"rendered":"El primer parque natural catal\u00e1n reserva y destino Starlight"},"content":{"rendered":"<figure class=\"wp-block-image\"><img fetchpriority=\"high\" decoding=\"async\" width=\"960\" height=\"625\" src=\"https:\/\/travindy.com\/wp-content\/uploads\/2019\/01\/starlight.jpg\" alt=\"El primer parque natural catal\u00e1n reserva y destino Starlight\" class=\"wp-image-29920\" srcset=\"https:\/\/travindy.com\/news\/wp-content\/uploads\/2019\/01\/starlight.jpg 960w, https:\/\/travindy.com\/news\/wp-content\/uploads\/2019\/01\/starlight-300x195.jpg 300w, https:\/\/travindy.com\/news\/wp-content\/uploads\/2019\/01\/starlight-768x500.jpg 768w, https:\/\/travindy.com\/news\/wp-content\/uploads\/2019\/01\/starlight-103x67.jpg 103w\" sizes=\"(max-width: 960px) 100vw, 960px\" \/><\/figure>\n<p class=\"has-drop-cap\">El Parque Nacional de Aig\u00fcestortes i Estany de Sant Maurici recibi\u00f3 el mes de octubre de 2018, coincidiendo con su 63\u00ba aniversario, la certificaci\u00f3n como Reserva y Destino Tur\u00edstico Starlight, reconocimientos que se otorgan a zonas que adoptan medidas de protecci\u00f3n y tienen unos niveles de calidad excepcionales, adem\u00e1s de contar con infraestructura para impulsar el turismo astron\u00f3mico.<\/p>\n<p> Durante el proceso se ha realizado una evaluaci\u00f3n del estado actual del cielo en cuanto a niveles de oscuridad, para poder as\u00ed determinar medidas de prevenci\u00f3n que permitan la conservaci\u00f3n y mejora de las condiciones ambientales en el espacio protegido.<\/p>\n<p>Con una superficie de 14.199 ha, m\u00e1s 26.733 ha de la zona perif\u00e9rica, este espacio natural se reparte entre el Pallars Sobir\u00e0, el Pallars Juss\u00e0, la Alta Ribagor\u00e7a y la Val d\u2019Aran, constituyendo la representaci\u00f3n m\u00e1s genuina de la alta monta\u00f1a. El parque es \u00fanico por la majestuosidad de sus paisajes y por la riqueza de la flora y la fauna que alberga. Fue el primero del pa\u00eds en obtener la certificaci\u00f3n Q de Calidad Tur\u00edstica, en 2006.<\/p>\n<p><strong>Este art\u00edculo es un resumen de la noticia original publicada por Comunicatur:&nbsp;<a href=\"http:\/\/www.comunicatur.info\/es\/el-primer-parque-natural-catalan-reserva-y-destino-turistico-starlight\/\" target=\"_blank\" rel=\"noreferrer noopener\" aria-label=\"\u201cEl primer parque natural catal\u00e1n reserva y destino Starlight\u201d.  (opens in a new tab)\">\u201c<\/a><\/strong><a href=\"http:\/\/www.comunicatur.info\/es\/el-primer-parque-natural-catalan-reserva-y-destino-turistico-starlight\/\" target=\"_blank\" rel=\"noreferrer noopener\" aria-label=\"\u201cEl primer parque natural catal\u00e1n reserva y destino Starlight\u201d.  (opens in a new tab)\">El primer parque natural catal\u00e1n reserva y destino Starlight<\/a><strong><a href=\"http:\/\/www.comunicatur.info\/es\/el-primer-parque-natural-catalan-reserva-y-destino-turistico-starlight\/\" target=\"_blank\" rel=\"noreferrer noopener\" aria-label=\"\u201cEl primer parque natural catal\u00e1n reserva y destino Starlight\u201d.  (opens in a new tab)\">\u201d.<\/a><\/strong><a href=\"http:\/\/www.comunicatur.info\/es\/el-primer-parque-natural-catalan-reserva-y-destino-turistico-starlight\/\" target=\"_blank\" rel=\"noreferrer noopener\" aria-label=\"\u201cEl primer parque natural catal\u00e1n reserva y destino Starlight\u201d.  (opens in a new tab)\"> <\/a><\/p>\n","protected":false},"excerpt":{"rendered":"<p>La Fundaci\u00f3n Starlight concede este reconocimiento a zonas que adoptan medidas de protecci\u00f3n y tienen unos niveles de calidad excepcionales.<\/p>\n","protected":false},"author":5,"featured_media":29920,"comment_status":"open","ping_status":"open","sticky":false,"template":"","format":"standard","meta":{"footnotes":""},"categories":[534],"tags":[2905,2906,2246,2903],"yoast_head":"<!-- This site is optimized with the Yoast SEO plugin v21.4 - https:\/\/yoast.com\/wordpress\/plugins\/seo\/ -->\n<title>El primer parque natural catal\u00e1n reserva y destino Starlight<\/title>\n<meta name=\"description\" content=\"La Fundaci\u00f3n Starlight concede este reconocimiento a zonas que adoptan medidas de protecci\u00f3n y tienen unos niveles de calidad excepcionales.\" \/>\n<meta name=\"robots\" content=\"index, follow, max-snippet:-1, max-image-preview:large, max-video-preview:-1\" \/>\n<link rel=\"canonical\" href=\"https:\/\/travindy.com\/news\/2019\/02\/el-primer-parque-natural-catalan-reserva-y-destino-starlight\/\" \/>\n<meta property=\"og:locale\" content=\"en_US\" \/>\n<meta property=\"og:type\" content=\"article\" \/>\n<meta property=\"og:title\" content=\"El primer parque natural catal\u00e1n reserva y destino Starlight\" \/>\n<meta property=\"og:description\" content=\"La Fundaci\u00f3n Starlight concede este reconocimiento a zonas que adoptan medidas de protecci\u00f3n y tienen unos niveles de calidad excepcionales.\" \/>\n<meta property=\"og:url\" content=\"https:\/\/travindy.com\/news\/2019\/02\/el-primer-parque-natural-catalan-reserva-y-destino-starlight\/\" \/>\n<meta property=\"og:site_name\" content=\"Travindy\" \/>\n<meta property=\"article:publisher\" content=\"https:\/\/www.facebook.com\/travindy\" \/>\n<meta property=\"article:author\" content=\"https:\/\/www.facebook.com\/travindy\" \/>\n<meta property=\"article:published_time\" content=\"2019-02-22T19:22:43+00:00\" \/>\n<meta property=\"article:modified_time\" content=\"2019-02-22T19:22:47+00:00\" \/>\n<meta property=\"og:image\" content=\"https:\/\/travindy.com\/news\/wp-content\/uploads\/2019\/01\/starlight.jpg\" \/>\n\t<meta property=\"og:image:width\" content=\"960\" \/>\n\t<meta property=\"og:image:height\" content=\"625\" \/>\n\t<meta property=\"og:image:type\" content=\"image\/jpeg\" \/>\n<meta name=\"author\" content=\"Travindy\" \/>\n<meta name=\"twitter:card\" content=\"summary_large_image\" \/>\n<meta name=\"twitter:creator\" content=\"@travindy\" \/>\n<meta name=\"twitter:site\" content=\"@Travindy\" \/>\n<meta name=\"twitter:label1\" content=\"Written by\" \/>\n\t<meta name=\"twitter:data1\" content=\"Travindy\" \/>\n\t<meta name=\"twitter:label2\" content=\"Est. reading time\" \/>\n\t<meta name=\"twitter:data2\" content=\"1 minute\" \/>\n<script type=\"application\/ld+json\" class=\"yoast-schema-graph\">{\"@context\":\"https:\/\/schema.org\",\"@graph\":[{\"@type\":\"Article\",\"@id\":\"https:\/\/travindy.com\/news\/2019\/02\/el-primer-parque-natural-catalan-reserva-y-destino-starlight\/#article\",\"isPartOf\":{\"@id\":\"https:\/\/travindy.com\/news\/2019\/02\/el-primer-parque-natural-catalan-reserva-y-destino-starlight\/\"},\"author\":{\"name\":\"Travindy\",\"@id\":\"https:\/\/travindy.com\/news\/#\/schema\/person\/79576b26c03e84ac969c6cf7ad8118bb\"},\"headline\":\"El primer parque natural catal\u00e1n reserva y destino Starlight\",\"datePublished\":\"2019-02-22T19:22:43+00:00\",\"dateModified\":\"2019-02-22T19:22:47+00:00\",\"mainEntityOfPage\":{\"@id\":\"https:\/\/travindy.com\/news\/2019\/02\/el-primer-parque-natural-catalan-reserva-y-destino-starlight\/\"},\"wordCount\":224,\"commentCount\":0,\"publisher\":{\"@id\":\"https:\/\/travindy.com\/news\/#organization\"},\"keywords\":[\"Calidad tur\u00edstica\",\"Fundaci\u00f3n Starlight\",\"Lleida\",\"Parque Nacional de Aig\u00fcestortes i Estany de Sant Maurici\"],\"articleSection\":[\"News\"],\"inLanguage\":\"en-US\",\"potentialAction\":[{\"@type\":\"CommentAction\",\"name\":\"Comment\",\"target\":[\"https:\/\/travindy.com\/news\/2019\/02\/el-primer-parque-natural-catalan-reserva-y-destino-starlight\/#respond\"]}]},{\"@type\":\"WebPage\",\"@id\":\"https:\/\/travindy.com\/news\/2019\/02\/el-primer-parque-natural-catalan-reserva-y-destino-starlight\/\",\"url\":\"https:\/\/travindy.com\/news\/2019\/02\/el-primer-parque-natural-catalan-reserva-y-destino-starlight\/\",\"name\":\"El primer parque natural catal\u00e1n reserva y destino Starlight\",\"isPartOf\":{\"@id\":\"https:\/\/travindy.com\/news\/#website\"},\"datePublished\":\"2019-02-22T19:22:43+00:00\",\"dateModified\":\"2019-02-22T19:22:47+00:00\",\"description\":\"La Fundaci\u00f3n Starlight concede este reconocimiento a zonas que adoptan medidas de protecci\u00f3n y tienen unos niveles de calidad excepcionales.\",\"breadcrumb\":{\"@id\":\"https:\/\/travindy.com\/news\/2019\/02\/el-primer-parque-natural-catalan-reserva-y-destino-starlight\/#breadcrumb\"},\"inLanguage\":\"en-US\",\"potentialAction\":[{\"@type\":\"ReadAction\",\"target\":[\"https:\/\/travindy.com\/news\/2019\/02\/el-primer-parque-natural-catalan-reserva-y-destino-starlight\/\"]}]},{\"@type\":\"BreadcrumbList\",\"@id\":\"https:\/\/travindy.com\/news\/2019\/02\/el-primer-parque-natural-catalan-reserva-y-destino-starlight\/#breadcrumb\",\"itemListElement\":[{\"@type\":\"ListItem\",\"position\":1,\"name\":\"Home\",\"item\":\"https:\/\/travindy.com\/news\/\"},{\"@type\":\"ListItem\",\"position\":2,\"name\":\"El primer parque natural catal\u00e1n reserva y destino Starlight\"}]},{\"@type\":\"WebSite\",\"@id\":\"https:\/\/travindy.com\/news\/#website\",\"url\":\"https:\/\/travindy.com\/news\/\",\"name\":\"Travindy\",\"description\":\"sustainable tourism consulting, news and resources\",\"publisher\":{\"@id\":\"https:\/\/travindy.com\/news\/#organization\"},\"potentialAction\":[{\"@type\":\"SearchAction\",\"target\":{\"@type\":\"EntryPoint\",\"urlTemplate\":\"https:\/\/travindy.com\/news\/?s={search_term_string}\"},\"query-input\":\"required name=search_term_string\"}],\"inLanguage\":\"en-US\"},{\"@type\":\"Organization\",\"@id\":\"https:\/\/travindy.com\/news\/#organization\",\"name\":\"Travindy\",\"url\":\"https:\/\/travindy.com\/news\/\",\"logo\":{\"@type\":\"ImageObject\",\"inLanguage\":\"en-US\",\"@id\":\"https:\/\/travindy.com\/news\/#\/schema\/logo\/image\/\",\"url\":\"https:\/\/travindy.com\/wp-content\/uploads\/2022\/08\/cropped-travindy-logo-square.png\",\"contentUrl\":\"https:\/\/travindy.com\/wp-content\/uploads\/2022\/08\/cropped-travindy-logo-square.png\",\"width\":512,\"height\":512,\"caption\":\"Travindy\"},\"image\":{\"@id\":\"https:\/\/travindy.com\/news\/#\/schema\/logo\/image\/\"},\"sameAs\":[\"https:\/\/www.facebook.com\/travindy\",\"https:\/\/twitter.com\/Travindy\"]},{\"@type\":\"Person\",\"@id\":\"https:\/\/travindy.com\/news\/#\/schema\/person\/79576b26c03e84ac969c6cf7ad8118bb\",\"name\":\"Travindy\",\"image\":{\"@type\":\"ImageObject\",\"inLanguage\":\"en-US\",\"@id\":\"https:\/\/travindy.com\/news\/#\/schema\/person\/image\/\",\"url\":\"https:\/\/secure.gravatar.com\/avatar\/7e8e24b511c9178e320b9eb2226dadb1?s=96&d=mm&r=g\",\"contentUrl\":\"https:\/\/secure.gravatar.com\/avatar\/7e8e24b511c9178e320b9eb2226dadb1?s=96&d=mm&r=g\",\"caption\":\"Travindy\"},\"description\":\"Travindy is an independent website featuring news and opinion on all issues to do with tourism and sustainability. Written primarily for an industry audience, our aim is to support the transformation of the sector into one that is regenerative, restorative and fully inclusive.\",\"sameAs\":[\"https:\/\/www.facebook.com\/travindy\",\"https:\/\/twitter.com\/travindy\"],\"url\":\"https:\/\/travindy.com\/news\/author\/travindy\/\"}]}<\/script>\n<!-- \/ Yoast SEO plugin. -->","yoast_head_json":{"title":"El primer parque natural catal\u00e1n reserva y destino Starlight","description":"La Fundaci\u00f3n Starlight concede este reconocimiento a zonas que adoptan medidas de protecci\u00f3n y tienen unos niveles de calidad excepcionales.","robots":{"index":"index","follow":"follow","max-snippet":"max-snippet:-1","max-image-preview":"max-image-preview:large","max-video-preview":"max-video-preview:-1"},"canonical":"https:\/\/travindy.com\/news\/2019\/02\/el-primer-parque-natural-catalan-reserva-y-destino-starlight\/","og_locale":"en_US","og_type":"article","og_title":"El primer parque natural catal\u00e1n reserva y destino Starlight","og_description":"La Fundaci\u00f3n Starlight concede este reconocimiento a zonas que adoptan medidas de protecci\u00f3n y tienen unos niveles de calidad excepcionales.","og_url":"https:\/\/travindy.com\/news\/2019\/02\/el-primer-parque-natural-catalan-reserva-y-destino-starlight\/","og_site_name":"Travindy","article_publisher":"https:\/\/www.facebook.com\/travindy","article_author":"https:\/\/www.facebook.com\/travindy","article_published_time":"2019-02-22T19:22:43+00:00","article_modified_time":"2019-02-22T19:22:47+00:00","og_image":[{"width":960,"height":625,"url":"https:\/\/travindy.com\/news\/wp-content\/uploads\/2019\/01\/starlight.jpg","type":"image\/jpeg"}],"author":"Travindy","twitter_card":"summary_large_image","twitter_creator":"@travindy","twitter_site":"@Travindy","twitter_misc":{"Written by":"Travindy","Est. reading time":"1 minute"},"schema":{"@context":"https:\/\/schema.org","@graph":[{"@type":"Article","@id":"https:\/\/travindy.com\/news\/2019\/02\/el-primer-parque-natural-catalan-reserva-y-destino-starlight\/#article","isPartOf":{"@id":"https:\/\/travindy.com\/news\/2019\/02\/el-primer-parque-natural-catalan-reserva-y-destino-starlight\/"},"author":{"name":"Travindy","@id":"https:\/\/travindy.com\/news\/#\/schema\/person\/79576b26c03e84ac969c6cf7ad8118bb"},"headline":"El primer parque natural catal\u00e1n reserva y destino Starlight","datePublished":"2019-02-22T19:22:43+00:00","dateModified":"2019-02-22T19:22:47+00:00","mainEntityOfPage":{"@id":"https:\/\/travindy.com\/news\/2019\/02\/el-primer-parque-natural-catalan-reserva-y-destino-starlight\/"},"wordCount":224,"commentCount":0,"publisher":{"@id":"https:\/\/travindy.com\/news\/#organization"},"keywords":["Calidad tur\u00edstica","Fundaci\u00f3n Starlight","Lleida","Parque Nacional de Aig\u00fcestortes i Estany de Sant Maurici"],"articleSection":["News"],"inLanguage":"en-US","potentialAction":[{"@type":"CommentAction","name":"Comment","target":["https:\/\/travindy.com\/news\/2019\/02\/el-primer-parque-natural-catalan-reserva-y-destino-starlight\/#respond"]}]},{"@type":"WebPage","@id":"https:\/\/travindy.com\/news\/2019\/02\/el-primer-parque-natural-catalan-reserva-y-destino-starlight\/","url":"https:\/\/travindy.com\/news\/2019\/02\/el-primer-parque-natural-catalan-reserva-y-destino-starlight\/","name":"El primer parque natural catal\u00e1n reserva y destino Starlight","isPartOf":{"@id":"https:\/\/travindy.com\/news\/#website"},"datePublished":"2019-02-22T19:22:43+00:00","dateModified":"2019-02-22T19:22:47+00:00","description":"La Fundaci\u00f3n Starlight concede este reconocimiento a zonas que adoptan medidas de protecci\u00f3n y tienen unos niveles de calidad excepcionales.","breadcrumb":{"@id":"https:\/\/travindy.com\/news\/2019\/02\/el-primer-parque-natural-catalan-reserva-y-destino-starlight\/#breadcrumb"},"inLanguage":"en-US","potentialAction":[{"@type":"ReadAction","target":["https:\/\/travindy.com\/news\/2019\/02\/el-primer-parque-natural-catalan-reserva-y-destino-starlight\/"]}]},{"@type":"BreadcrumbList","@id":"https:\/\/travindy.com\/news\/2019\/02\/el-primer-parque-natural-catalan-reserva-y-destino-starlight\/#breadcrumb","itemListElement":[{"@type":"ListItem","position":1,"name":"Home","item":"https:\/\/travindy.com\/news\/"},{"@type":"ListItem","position":2,"name":"El primer parque natural catal\u00e1n reserva y destino Starlight"}]},{"@type":"WebSite","@id":"https:\/\/travindy.com\/news\/#website","url":"https:\/\/travindy.com\/news\/","name":"Travindy","description":"sustainable tourism consulting, news and resources","publisher":{"@id":"https:\/\/travindy.com\/news\/#organization"},"potentialAction":[{"@type":"SearchAction","target":{"@type":"EntryPoint","urlTemplate":"https:\/\/travindy.com\/news\/?s={search_term_string}"},"query-input":"required name=search_term_string"}],"inLanguage":"en-US"},{"@type":"Organization","@id":"https:\/\/travindy.com\/news\/#organization","name":"Travindy","url":"https:\/\/travindy.com\/news\/","logo":{"@type":"ImageObject","inLanguage":"en-US","@id":"https:\/\/travindy.com\/news\/#\/schema\/logo\/image\/","url":"https:\/\/travindy.com\/wp-content\/uploads\/2022\/08\/cropped-travindy-logo-square.png","contentUrl":"https:\/\/travindy.com\/wp-content\/uploads\/2022\/08\/cropped-travindy-logo-square.png","width":512,"height":512,"caption":"Travindy"},"image":{"@id":"https:\/\/travindy.com\/news\/#\/schema\/logo\/image\/"},"sameAs":["https:\/\/www.facebook.com\/travindy","https:\/\/twitter.com\/Travindy"]},{"@type":"Person","@id":"https:\/\/travindy.com\/news\/#\/schema\/person\/79576b26c03e84ac969c6cf7ad8118bb","name":"Travindy","image":{"@type":"ImageObject","inLanguage":"en-US","@id":"https:\/\/travindy.com\/news\/#\/schema\/person\/image\/","url":"https:\/\/secure.gravatar.com\/avatar\/7e8e24b511c9178e320b9eb2226dadb1?s=96&d=mm&r=g","contentUrl":"https:\/\/secure.gravatar.com\/avatar\/7e8e24b511c9178e320b9eb2226dadb1?s=96&d=mm&r=g","caption":"Travindy"},"description":"Travindy is an independent website featuring news and opinion on all issues to do with tourism and sustainability. Written primarily for an industry audience, our aim is to support the transformation of the sector into one that is regenerative, restorative and fully inclusive.","sameAs":["https:\/\/www.facebook.com\/travindy","https:\/\/twitter.com\/travindy"],"url":"https:\/\/travindy.com\/news\/author\/travindy\/"}]}},"_links":{"self":[{"href":"https:\/\/travindy.com\/news\/wp-json\/wp\/v2\/posts\/29914"}],"collection":[{"href":"https:\/\/travindy.com\/news\/wp-json\/wp\/v2\/posts"}],"about":[{"href":"https:\/\/travindy.com\/news\/wp-json\/wp\/v2\/types\/post"}],"author":[{"embeddable":true,"href":"https:\/\/travindy.com\/news\/wp-json\/wp\/v2\/users\/5"}],"replies":[{"embeddable":true,"href":"https:\/\/travindy.com\/news\/wp-json\/wp\/v2\/comments?post=29914"}],"version-history":[{"count":3,"href":"https:\/\/travindy.com\/news\/wp-json\/wp\/v2\/posts\/29914\/revisions"}],"predecessor-version":[{"id":30301,"href":"https:\/\/travindy.com\/news\/wp-json\/wp\/v2\/posts\/29914\/revisions\/30301"}],"wp:featuredmedia":[{"embeddable":true,"href":"https:\/\/travindy.com\/news\/wp-json\/wp\/v2\/media\/29920"}],"wp:attachment":[{"href":"https:\/\/travindy.com\/news\/wp-json\/wp\/v2\/media?parent=29914"}],"wp:term":[{"taxonomy":"category","embeddable":true,"href":"https:\/\/travindy.com\/news\/wp-json\/wp\/v2\/categories?post=29914"},{"taxonomy":"post_tag","embeddable":true,"href":"https:\/\/travindy.com\/news\/wp-json\/wp\/v2\/tags?post=29914"}],"curies":[{"name":"wp","href":"https:\/\/api.w.org\/{rel}","templated":true}]}}