{"id":29009,"date":"2018-12-13T23:52:22","date_gmt":"2018-12-13T22:52:22","guid":{"rendered":"https:\/\/travindy.com\/?p=29009"},"modified":"2018-12-13T23:52:41","modified_gmt":"2018-12-13T22:52:41","slug":"congreso-nacional-de-ecoturismo-punto-de-inflexion-para-el-ecoturismo-en-espana","status":"publish","type":"post","link":"https:\/\/travindy.com\/news\/2018\/12\/congreso-nacional-de-ecoturismo-punto-de-inflexion-para-el-ecoturismo-en-espana\/","title":{"rendered":"Congreso Nacional de Ecoturismo: Punto de inflexi\u00f3n para el ecoturismo en Espa\u00f1a"},"content":{"rendered":"<p><img fetchpriority=\"high\" decoding=\"async\" class=\" wp-image-29010 aligncenter\" src=\"https:\/\/travindy.com\/wp-content\/uploads\/2018\/12\/congreso-ecoturismo-1-300x169.jpg\" alt=\"Congreso Nacional de Ecoturismo: Punto de inflexi\u00f3n para el ecoturismo en Espa\u00f1a\" width=\"967\" height=\"545\" srcset=\"https:\/\/travindy.com\/news\/wp-content\/uploads\/2018\/12\/congreso-ecoturismo-1-300x169.jpg 300w, https:\/\/travindy.com\/news\/wp-content\/uploads\/2018\/12\/congreso-ecoturismo-1-768x432.jpg 768w, https:\/\/travindy.com\/news\/wp-content\/uploads\/2018\/12\/congreso-ecoturismo-1.jpg 1024w\" sizes=\"(max-width: 967px) 100vw, 967px\" \/><\/p>\n<p><span class=\"wpsdc-drop-cap\">E<\/span>l <a href=\"http:\/\/www.congresonacionaldeecoturismo.es\/\" target=\"_blank\" rel=\"noopener\">III Congreso Nacional de Ecoturismo<\/a> celebrado del 13 al 15 de noviembre en Cangas del Narcea, reuni\u00f3 a m\u00e1s de 200 participantes de todo el territorio nacional en el Parador Nacional de Corias. La Asociaci\u00f3n de Turismo Rural Fuentes del Narcea, Ayuntamiento de Cangas del Narcea y Principado de Asturias han respaldado el evento, entre otros, poniendo a disposici\u00f3n, uno de sus mayores tesoros: las personas.<\/p>\n<p>El viraje que ha ocasionado este evento es irrebatible. A la frescura de su programa y su car\u00e1cter participativo, ha acompa\u00f1ado una nueva perspectiva desde la que abordar el ecoturismo en Espa\u00f1a. Se ha hablado de consolidar un sector que es real, existe y que implica algo m\u00e1s que la prestaci\u00f3n de un servicio a turistas. Nuestros <em>\u201cpaisajes y paisanajes est\u00e1n en peligro de extinci\u00f3n\u201d<\/em>, reiteraba Jaime Izquierdo.<\/p>\n<p>El modelo \u201cfast food\u201d no encaja aqu\u00ed. El ecoturismo abarca ecosistemas fr\u00e1giles y especies vulnerables, y un medio rural que languidece y para el que el este tipo de turismo supone una gran oportunidad de desarrollo.<\/p>\n<p><img decoding=\"async\" class=\" wp-image-29016 aligncenter\" src=\"https:\/\/travindy.com\/wp-content\/uploads\/2018\/12\/congreso-ecoturismo-2-300x200.jpg\" alt=\"Congreso Nacional de Ecoturismo: Punto de inflexi\u00f3n para el ecoturismo en Espa\u00f1a\" width=\"682\" height=\"454\" srcset=\"https:\/\/travindy.com\/news\/wp-content\/uploads\/2018\/12\/congreso-ecoturismo-2-300x200.jpg 300w, https:\/\/travindy.com\/news\/wp-content\/uploads\/2018\/12\/congreso-ecoturismo-2-768x512.jpg 768w, https:\/\/travindy.com\/news\/wp-content\/uploads\/2018\/12\/congreso-ecoturismo-2.jpg 900w\" sizes=\"(max-width: 682px) 100vw, 682px\" \/><\/p>\n<p>La programaci\u00f3n ha girado en torno a cuatro ejes tem\u00e1ticos. Hablando de <strong>gesti\u00f3n de destinos<\/strong>, se han presentado buenos referentes, si bien, a\u00fan nos falta recorrido en planificaci\u00f3n del turismo sostenible. Ser\u00eda muy positivo que gestores de destinos y espacios naturales protegidos facilitaran el trabajo, motivaran a la poblaci\u00f3n local y a las empresas y colectivos. Comunicaci\u00f3n, transparencia, colaboraci\u00f3n y participaci\u00f3n real. Porque ya hay \u201cproducto\u201d con la suficiente calidad y profundidad susceptible de ser atractivo para viajeros nacionales e internacionales. As\u00ed, la <strong>comercializaci\u00f3n<\/strong>, pasa por dar prioridad a aquellos que trabajan como artesanos del territorio, tejiendo con responsabilidad y poniendo en valor \u201clo local\u201d. Edi Pic\u00f3n de <a href=\"https:\/\/www.spainadventures.com\/\" target=\"_blank\" rel=\"noopener\">Spain Adventures<\/a>, incid\u00eda en que <em>\u201clos americanos vendr\u00edan s\u00ed o s\u00ed, pero es que no os conocen\u201d<\/em>. Importante reforzar los servicios de incoming, retomar la idea de recepci\u00f3n de viajeros, como apuntaba Javier Pedrosa de <a href=\"https:\/\/geoface.es\/\" target=\"_blank\" rel=\"noopener\">Geoface.<\/a><\/p>\n<p>Desde la mesa de debate de <strong>promoci\u00f3n<\/strong>, se ha hecho un llamamiento a la responsabilidad. Se recalca la importancia de promocionar destinos poco conocidos y salir de los \u201cTop 10\u201d.\u00a0 Salir de los mensajes \u201csostenibilistas\u201d y tecnicismos, buscando la originalidad y cercan\u00eda para que cale en la sociedad.<\/p>\n<p><img decoding=\"async\" class=\"wp-image-29020 aligncenter\" src=\"https:\/\/travindy.com\/wp-content\/uploads\/2018\/12\/congreso-ecoturismo-3-300x200.jpg\" alt=\"Congreso Nacional de Ecoturismo: Punto de inflexi\u00f3n para el ecoturismo en Espa\u00f1a\" width=\"681\" height=\"454\" srcset=\"https:\/\/travindy.com\/news\/wp-content\/uploads\/2018\/12\/congreso-ecoturismo-3-300x200.jpg 300w, https:\/\/travindy.com\/news\/wp-content\/uploads\/2018\/12\/congreso-ecoturismo-3-768x512.jpg 768w, https:\/\/travindy.com\/news\/wp-content\/uploads\/2018\/12\/congreso-ecoturismo-3-1024x683.jpg 1024w, https:\/\/travindy.com\/news\/wp-content\/uploads\/2018\/12\/congreso-ecoturismo-3.jpg 1050w\" sizes=\"(max-width: 681px) 100vw, 681px\" \/><\/p>\n<p>La tem\u00e1tica m\u00e1s relevante fue sin duda la <strong>formaci\u00f3n<\/strong>. Tan intenso y productivo que desde la organizaci\u00f3n se mostr\u00f3 el compromiso por desarrollar un trabajo m\u00e1s profundo. El debate gir\u00f3 en torno a qu\u00e9 unidades de competencia son necesarias para trabajar en ecoturismo, qu\u00e9 formaci\u00f3n ya cuenta con aval y reconocimiento a nivel europeo y qu\u00e9 ser\u00eda interesante introducir. La interpretaci\u00f3n del patrimonio y los idiomas se posicionan como requisitos indispensables.<\/p>\n<p>Innovador el <a href=\"http:\/\/www.congresonacionaldeecoturismo.es\/intercambio-de-experiencias\/\" target=\"_blank\" rel=\"noopener\">Intercambio de Experiencias<\/a>, entre empresas por un lado y destinos por otro. De la primera constatamos que ya hay proyectos suficientes en funcionamiento con recorrido y repartidos a nivel geogr\u00e1fico.\u00a0 Parece que la hibridaci\u00f3n es una de las formas de crear valor a\u00f1adido: <a href=\"http:\/\/www.tierradelagua.es\/experiencias\/\" target=\"_blank\" rel=\"noopener\">alojamiento rural y waterbliss<\/a> , visitas guiadas interpretativas al <a href=\"https:\/\/www.caminosdelguadiana.es\/tours\/las-tablas-de-daimiel-y-almagro-ecoturismo-ciudad-real\/\" target=\"_blank\" rel=\"noopener nofollow\">Parque Nacional de las Tablas de Daimiel<\/a> y gastronom\u00eda como ejemplos.<\/p>\n<p><img loading=\"lazy\" decoding=\"async\" class=\"wp-image-29029 aligncenter\" src=\"https:\/\/travindy.com\/wp-content\/uploads\/2018\/12\/congreso-ecoturismo-5-300x199.jpg\" alt=\"Congreso Nacional de Ecoturismo: Punto de inflexi\u00f3n para el ecoturismo en Espa\u00f1a\" width=\"682\" height=\"452\" srcset=\"https:\/\/travindy.com\/news\/wp-content\/uploads\/2018\/12\/congreso-ecoturismo-5-300x199.jpg 300w, https:\/\/travindy.com\/news\/wp-content\/uploads\/2018\/12\/congreso-ecoturismo-5-768x509.jpg 768w, https:\/\/travindy.com\/news\/wp-content\/uploads\/2018\/12\/congreso-ecoturismo-5-1024x679.jpg 1024w, https:\/\/travindy.com\/news\/wp-content\/uploads\/2018\/12\/congreso-ecoturismo-5-103x67.jpg 103w, https:\/\/travindy.com\/news\/wp-content\/uploads\/2018\/12\/congreso-ecoturismo-5.jpg 1050w\" sizes=\"(max-width: 682px) 100vw, 682px\" \/><\/p>\n<p>De la tem\u00e1tica de <strong>destinos<\/strong>, se desprende: que hay modelos de gesti\u00f3n replicables y otros que deben responder a la propia idiosincrasia del destino. Para muestra, un bot\u00f3n. En el caso de Menorca el ecoturismo es la forma en la que limitamos la sobreexplotaci\u00f3n de recursos y reducimos el n\u00famero de visitas y en otros destinos, sin embargo, el ecoturismo es una herramienta para incrementar el n\u00famero de visitantes.<\/p>\n<p>Esta tercera edici\u00f3n del Congreso Nacional de Ecoturismo confirma que los proyectos con una vocaci\u00f3n m\u00e1s modesta y que surgen desde la base, tendr\u00e1n y tienen bastante m\u00e1s recorrido. Porque tienen una visi\u00f3n local y participativa. Tal y como apuntaba Bel\u00e9n Liste, Gerente del <a href=\"http:\/\/www.altonarceamuniellos.org\/Index2.asp?M=1&amp;S=4\" target=\"_blank\" rel=\"noopener nofollow\">Grupo de Desarrollo Rural Alto Narcea-Muniellos<\/a> \u201c<em>desde la participaci\u00f3n y el consenso es desde donde se consiguen cosas, representar a un colectivo es ser la voz de personas con diferentes sensibilidades unidas por un proyecto colaborativo que tiene el compromiso de trabajar por el bien com\u00fan\u201d.<\/em><\/p>\n<p><img loading=\"lazy\" decoding=\"async\" class=\" wp-image-29025 aligncenter\" src=\"https:\/\/travindy.com\/wp-content\/uploads\/2018\/12\/congreso-ecoturismo-4-300x193.jpg\" alt=\"Congreso Nacional de Ecoturismo: Punto de inflexi\u00f3n para el ecoturismo en Espa\u00f1a\" width=\"683\" height=\"439\" srcset=\"https:\/\/travindy.com\/news\/wp-content\/uploads\/2018\/12\/congreso-ecoturismo-4-300x193.jpg 300w, https:\/\/travindy.com\/news\/wp-content\/uploads\/2018\/12\/congreso-ecoturismo-4-768x494.jpg 768w, https:\/\/travindy.com\/news\/wp-content\/uploads\/2018\/12\/congreso-ecoturismo-4-1024x658.jpg 1024w, https:\/\/travindy.com\/news\/wp-content\/uploads\/2018\/12\/congreso-ecoturismo-4-103x67.jpg 103w, https:\/\/travindy.com\/news\/wp-content\/uploads\/2018\/12\/congreso-ecoturismo-4.jpg 1050w\" sizes=\"(max-width: 683px) 100vw, 683px\" \/><\/p>\n<p>Afortunadamente el ecoturismo en Espa\u00f1a se muestra como un crisol de iniciativas, diversas y muchas innovadoras que a menudo se reinventan a s\u00ed mismas y aprenden de los errores de otros. Se extrae que el m\u00e9todo que funciona es el \u201censayo-error\u201d planificado: equiv\u00f3cate r\u00e1pido y as\u00ed avanzar\u00e1s. Porque no existen f\u00f3rmulas ni estructuras que hagan saltar de la idea de proyecto a la siguiente fase en la que el negocio se posiciona.<\/p>\n<p>Exprimir estas ideas nos lleva a otra conclusi\u00f3n, y es que la escala de trabajo clave del \u00e9xito es siempre la local o de proximidad, con apoyo y no control, por escalas superiores. El gran reto no solo lo tienen las \u201cpeque\u00f1as\u201d empresas de ecoturismo, la viabilidad y sostenibilidad del sector depende de \u201cgrandes\u201d estructuras de coordinaci\u00f3n, promoci\u00f3n y planificaci\u00f3n. Es el momento de que reconozcan esa inmensa diversidad y se puedan as\u00ed atender sus necesidades estructurales, proyectando una visi\u00f3n de Espa\u00f1a m\u00e1s all\u00e1 de los t\u00f3picos.<\/p>\n<p>El ecoturismo en Espa\u00f1a pone un punto y a parte, ha pulsado la tecla \u201center\u201d y comienza un nuevo p\u00e1rrafo cuya idea principal son las claves para consolidar el sector en base a la colaboraci\u00f3n, corresponsabilidad, participaci\u00f3n y promoci\u00f3n responsable.<\/p>\n","protected":false},"excerpt":{"rendered":"<p>El congreso, que se celebr\u00f3 del 13 al 15 de noviembre en Cangas del Narcea, reuni\u00f3 a m\u00e1s de 200 participantes de todo el territorio nacional.<\/p>\n","protected":false},"author":66,"featured_media":29010,"comment_status":"open","ping_status":"open","sticky":false,"template":"","format":"standard","meta":{"footnotes":""},"categories":[534],"tags":[1229,2786,2822],"yoast_head":"<!-- This site is optimized with the Yoast SEO plugin v21.4 - https:\/\/yoast.com\/wordpress\/plugins\/seo\/ -->\n<title>Congreso Nacional de Ecoturismo: Punto de inflexi\u00f3n para el ecoturismo en Espa\u00f1a<\/title>\n<meta name=\"description\" content=\"El congreso, que se celebr\u00f3 del 13 al 15 de noviembre en Cangas del Narcea, reuni\u00f3 a m\u00e1s de 200 participantes de todo el territorio nacional.\" \/>\n<meta name=\"robots\" content=\"index, follow, max-snippet:-1, max-image-preview:large, max-video-preview:-1\" \/>\n<link rel=\"canonical\" href=\"https:\/\/travindy.com\/news\/2018\/12\/congreso-nacional-de-ecoturismo-punto-de-inflexion-para-el-ecoturismo-en-espana\/\" \/>\n<meta property=\"og:locale\" content=\"en_US\" \/>\n<meta property=\"og:type\" content=\"article\" \/>\n<meta property=\"og:title\" content=\"Congreso Nacional de Ecoturismo: Punto de inflexi\u00f3n para el ecoturismo en Espa\u00f1a\" \/>\n<meta property=\"og:description\" content=\"El congreso, que se celebr\u00f3 del 13 al 15 de noviembre en Cangas del Narcea, reuni\u00f3 a m\u00e1s de 200 participantes de todo el territorio nacional.\" \/>\n<meta property=\"og:url\" content=\"https:\/\/travindy.com\/news\/2018\/12\/congreso-nacional-de-ecoturismo-punto-de-inflexion-para-el-ecoturismo-en-espana\/\" \/>\n<meta property=\"og:site_name\" content=\"Travindy\" \/>\n<meta property=\"article:publisher\" content=\"https:\/\/www.facebook.com\/travindy\" \/>\n<meta property=\"article:published_time\" content=\"2018-12-13T22:52:22+00:00\" \/>\n<meta property=\"article:modified_time\" content=\"2018-12-13T22:52:41+00:00\" \/>\n<meta property=\"og:image\" content=\"https:\/\/travindy.com\/news\/wp-content\/uploads\/2018\/12\/congreso-ecoturismo-1.jpg\" \/>\n\t<meta property=\"og:image:width\" content=\"1024\" \/>\n\t<meta property=\"og:image:height\" content=\"576\" \/>\n\t<meta property=\"og:image:type\" content=\"image\/jpeg\" \/>\n<meta name=\"author\" content=\"Nuria Mohedano\" \/>\n<meta name=\"twitter:card\" content=\"summary_large_image\" \/>\n<meta name=\"twitter:creator\" content=\"@Travindy\" \/>\n<meta name=\"twitter:site\" content=\"@Travindy\" \/>\n<meta name=\"twitter:label1\" content=\"Written by\" \/>\n\t<meta name=\"twitter:data1\" content=\"Nuria Mohedano\" \/>\n\t<meta name=\"twitter:label2\" content=\"Est. reading time\" \/>\n\t<meta name=\"twitter:data2\" content=\"5 minutes\" \/>\n<script type=\"application\/ld+json\" class=\"yoast-schema-graph\">{\"@context\":\"https:\/\/schema.org\",\"@graph\":[{\"@type\":\"Article\",\"@id\":\"https:\/\/travindy.com\/news\/2018\/12\/congreso-nacional-de-ecoturismo-punto-de-inflexion-para-el-ecoturismo-en-espana\/#article\",\"isPartOf\":{\"@id\":\"https:\/\/travindy.com\/news\/2018\/12\/congreso-nacional-de-ecoturismo-punto-de-inflexion-para-el-ecoturismo-en-espana\/\"},\"author\":{\"name\":\"Nuria Mohedano\",\"@id\":\"https:\/\/travindy.com\/news\/#\/schema\/person\/03e6f92c0d151f770d489abb40ac78a2\"},\"headline\":\"Congreso Nacional de Ecoturismo: Punto de inflexi\u00f3n para el ecoturismo en Espa\u00f1a\",\"datePublished\":\"2018-12-13T22:52:22+00:00\",\"dateModified\":\"2018-12-13T22:52:41+00:00\",\"mainEntityOfPage\":{\"@id\":\"https:\/\/travindy.com\/news\/2018\/12\/congreso-nacional-de-ecoturismo-punto-de-inflexion-para-el-ecoturismo-en-espana\/\"},\"wordCount\":944,\"commentCount\":0,\"publisher\":{\"@id\":\"https:\/\/travindy.com\/news\/#organization\"},\"keywords\":[\"Asturias\",\"Cangas del Narcea\",\"Congreso Nacional de Ecoturismo\"],\"articleSection\":[\"News\"],\"inLanguage\":\"en-US\",\"potentialAction\":[{\"@type\":\"CommentAction\",\"name\":\"Comment\",\"target\":[\"https:\/\/travindy.com\/news\/2018\/12\/congreso-nacional-de-ecoturismo-punto-de-inflexion-para-el-ecoturismo-en-espana\/#respond\"]}]},{\"@type\":\"WebPage\",\"@id\":\"https:\/\/travindy.com\/news\/2018\/12\/congreso-nacional-de-ecoturismo-punto-de-inflexion-para-el-ecoturismo-en-espana\/\",\"url\":\"https:\/\/travindy.com\/news\/2018\/12\/congreso-nacional-de-ecoturismo-punto-de-inflexion-para-el-ecoturismo-en-espana\/\",\"name\":\"Congreso Nacional de Ecoturismo: Punto de inflexi\u00f3n para el ecoturismo en Espa\u00f1a\",\"isPartOf\":{\"@id\":\"https:\/\/travindy.com\/news\/#website\"},\"datePublished\":\"2018-12-13T22:52:22+00:00\",\"dateModified\":\"2018-12-13T22:52:41+00:00\",\"description\":\"El congreso, que se celebr\u00f3 del 13 al 15 de noviembre en Cangas del Narcea, reuni\u00f3 a m\u00e1s de 200 participantes de todo el territorio nacional.\",\"breadcrumb\":{\"@id\":\"https:\/\/travindy.com\/news\/2018\/12\/congreso-nacional-de-ecoturismo-punto-de-inflexion-para-el-ecoturismo-en-espana\/#breadcrumb\"},\"inLanguage\":\"en-US\",\"potentialAction\":[{\"@type\":\"ReadAction\",\"target\":[\"https:\/\/travindy.com\/news\/2018\/12\/congreso-nacional-de-ecoturismo-punto-de-inflexion-para-el-ecoturismo-en-espana\/\"]}]},{\"@type\":\"BreadcrumbList\",\"@id\":\"https:\/\/travindy.com\/news\/2018\/12\/congreso-nacional-de-ecoturismo-punto-de-inflexion-para-el-ecoturismo-en-espana\/#breadcrumb\",\"itemListElement\":[{\"@type\":\"ListItem\",\"position\":1,\"name\":\"Home\",\"item\":\"https:\/\/travindy.com\/news\/\"},{\"@type\":\"ListItem\",\"position\":2,\"name\":\"Congreso Nacional de Ecoturismo: Punto de inflexi\u00f3n para el ecoturismo en Espa\u00f1a\"}]},{\"@type\":\"WebSite\",\"@id\":\"https:\/\/travindy.com\/news\/#website\",\"url\":\"https:\/\/travindy.com\/news\/\",\"name\":\"Travindy\",\"description\":\"sustainable tourism consulting, news and resources\",\"publisher\":{\"@id\":\"https:\/\/travindy.com\/news\/#organization\"},\"potentialAction\":[{\"@type\":\"SearchAction\",\"target\":{\"@type\":\"EntryPoint\",\"urlTemplate\":\"https:\/\/travindy.com\/news\/?s={search_term_string}\"},\"query-input\":\"required name=search_term_string\"}],\"inLanguage\":\"en-US\"},{\"@type\":\"Organization\",\"@id\":\"https:\/\/travindy.com\/news\/#organization\",\"name\":\"Travindy\",\"url\":\"https:\/\/travindy.com\/news\/\",\"logo\":{\"@type\":\"ImageObject\",\"inLanguage\":\"en-US\",\"@id\":\"https:\/\/travindy.com\/news\/#\/schema\/logo\/image\/\",\"url\":\"https:\/\/travindy.com\/wp-content\/uploads\/2022\/08\/cropped-travindy-logo-square.png\",\"contentUrl\":\"https:\/\/travindy.com\/wp-content\/uploads\/2022\/08\/cropped-travindy-logo-square.png\",\"width\":512,\"height\":512,\"caption\":\"Travindy\"},\"image\":{\"@id\":\"https:\/\/travindy.com\/news\/#\/schema\/logo\/image\/\"},\"sameAs\":[\"https:\/\/www.facebook.com\/travindy\",\"https:\/\/twitter.com\/Travindy\"]},{\"@type\":\"Person\",\"@id\":\"https:\/\/travindy.com\/news\/#\/schema\/person\/03e6f92c0d151f770d489abb40ac78a2\",\"name\":\"Nuria Mohedano\",\"image\":{\"@type\":\"ImageObject\",\"inLanguage\":\"en-US\",\"@id\":\"https:\/\/travindy.com\/news\/#\/schema\/person\/image\/\",\"url\":\"https:\/\/secure.gravatar.com\/avatar\/dc431ebbe8e8c3dd5c208ae74a93a1c7?s=96&d=mm&r=g\",\"contentUrl\":\"https:\/\/secure.gravatar.com\/avatar\/dc431ebbe8e8c3dd5c208ae74a93a1c7?s=96&d=mm&r=g\",\"caption\":\"Nuria Mohedano\"},\"description\":\"Es formadora y consultora freelance de turismo sostenible. Su \u00faltimo proyecto ha sido el dise\u00f1o y ejecuci\u00f3n del Plan de Comunicaci\u00f3n del III Congreso Nacional de Ecoturismo en Espa\u00f1a. Apuesta por la interpretaci\u00f3n del patrimonio como herramienta de puesta en valor de destinos y es una apasionada del paisaje y el paisanaje de Castilla-La Mancha, su tierra natal.\",\"url\":\"https:\/\/travindy.com\/news\/author\/nuriam\/\"}]}<\/script>\n<!-- \/ Yoast SEO plugin. -->","yoast_head_json":{"title":"Congreso Nacional de Ecoturismo: Punto de inflexi\u00f3n para el ecoturismo en Espa\u00f1a","description":"El congreso, que se celebr\u00f3 del 13 al 15 de noviembre en Cangas del Narcea, reuni\u00f3 a m\u00e1s de 200 participantes de todo el territorio nacional.","robots":{"index":"index","follow":"follow","max-snippet":"max-snippet:-1","max-image-preview":"max-image-preview:large","max-video-preview":"max-video-preview:-1"},"canonical":"https:\/\/travindy.com\/news\/2018\/12\/congreso-nacional-de-ecoturismo-punto-de-inflexion-para-el-ecoturismo-en-espana\/","og_locale":"en_US","og_type":"article","og_title":"Congreso Nacional de Ecoturismo: Punto de inflexi\u00f3n para el ecoturismo en Espa\u00f1a","og_description":"El congreso, que se celebr\u00f3 del 13 al 15 de noviembre en Cangas del Narcea, reuni\u00f3 a m\u00e1s de 200 participantes de todo el territorio nacional.","og_url":"https:\/\/travindy.com\/news\/2018\/12\/congreso-nacional-de-ecoturismo-punto-de-inflexion-para-el-ecoturismo-en-espana\/","og_site_name":"Travindy","article_publisher":"https:\/\/www.facebook.com\/travindy","article_published_time":"2018-12-13T22:52:22+00:00","article_modified_time":"2018-12-13T22:52:41+00:00","og_image":[{"width":1024,"height":576,"url":"https:\/\/travindy.com\/news\/wp-content\/uploads\/2018\/12\/congreso-ecoturismo-1.jpg","type":"image\/jpeg"}],"author":"Nuria Mohedano","twitter_card":"summary_large_image","twitter_creator":"@Travindy","twitter_site":"@Travindy","twitter_misc":{"Written by":"Nuria Mohedano","Est. reading time":"5 minutes"},"schema":{"@context":"https:\/\/schema.org","@graph":[{"@type":"Article","@id":"https:\/\/travindy.com\/news\/2018\/12\/congreso-nacional-de-ecoturismo-punto-de-inflexion-para-el-ecoturismo-en-espana\/#article","isPartOf":{"@id":"https:\/\/travindy.com\/news\/2018\/12\/congreso-nacional-de-ecoturismo-punto-de-inflexion-para-el-ecoturismo-en-espana\/"},"author":{"name":"Nuria Mohedano","@id":"https:\/\/travindy.com\/news\/#\/schema\/person\/03e6f92c0d151f770d489abb40ac78a2"},"headline":"Congreso Nacional de Ecoturismo: Punto de inflexi\u00f3n para el ecoturismo en Espa\u00f1a","datePublished":"2018-12-13T22:52:22+00:00","dateModified":"2018-12-13T22:52:41+00:00","mainEntityOfPage":{"@id":"https:\/\/travindy.com\/news\/2018\/12\/congreso-nacional-de-ecoturismo-punto-de-inflexion-para-el-ecoturismo-en-espana\/"},"wordCount":944,"commentCount":0,"publisher":{"@id":"https:\/\/travindy.com\/news\/#organization"},"keywords":["Asturias","Cangas del Narcea","Congreso Nacional de Ecoturismo"],"articleSection":["News"],"inLanguage":"en-US","potentialAction":[{"@type":"CommentAction","name":"Comment","target":["https:\/\/travindy.com\/news\/2018\/12\/congreso-nacional-de-ecoturismo-punto-de-inflexion-para-el-ecoturismo-en-espana\/#respond"]}]},{"@type":"WebPage","@id":"https:\/\/travindy.com\/news\/2018\/12\/congreso-nacional-de-ecoturismo-punto-de-inflexion-para-el-ecoturismo-en-espana\/","url":"https:\/\/travindy.com\/news\/2018\/12\/congreso-nacional-de-ecoturismo-punto-de-inflexion-para-el-ecoturismo-en-espana\/","name":"Congreso Nacional de Ecoturismo: Punto de inflexi\u00f3n para el ecoturismo en Espa\u00f1a","isPartOf":{"@id":"https:\/\/travindy.com\/news\/#website"},"datePublished":"2018-12-13T22:52:22+00:00","dateModified":"2018-12-13T22:52:41+00:00","description":"El congreso, que se celebr\u00f3 del 13 al 15 de noviembre en Cangas del Narcea, reuni\u00f3 a m\u00e1s de 200 participantes de todo el territorio nacional.","breadcrumb":{"@id":"https:\/\/travindy.com\/news\/2018\/12\/congreso-nacional-de-ecoturismo-punto-de-inflexion-para-el-ecoturismo-en-espana\/#breadcrumb"},"inLanguage":"en-US","potentialAction":[{"@type":"ReadAction","target":["https:\/\/travindy.com\/news\/2018\/12\/congreso-nacional-de-ecoturismo-punto-de-inflexion-para-el-ecoturismo-en-espana\/"]}]},{"@type":"BreadcrumbList","@id":"https:\/\/travindy.com\/news\/2018\/12\/congreso-nacional-de-ecoturismo-punto-de-inflexion-para-el-ecoturismo-en-espana\/#breadcrumb","itemListElement":[{"@type":"ListItem","position":1,"name":"Home","item":"https:\/\/travindy.com\/news\/"},{"@type":"ListItem","position":2,"name":"Congreso Nacional de Ecoturismo: Punto de inflexi\u00f3n para el ecoturismo en Espa\u00f1a"}]},{"@type":"WebSite","@id":"https:\/\/travindy.com\/news\/#website","url":"https:\/\/travindy.com\/news\/","name":"Travindy","description":"sustainable tourism consulting, news and resources","publisher":{"@id":"https:\/\/travindy.com\/news\/#organization"},"potentialAction":[{"@type":"SearchAction","target":{"@type":"EntryPoint","urlTemplate":"https:\/\/travindy.com\/news\/?s={search_term_string}"},"query-input":"required name=search_term_string"}],"inLanguage":"en-US"},{"@type":"Organization","@id":"https:\/\/travindy.com\/news\/#organization","name":"Travindy","url":"https:\/\/travindy.com\/news\/","logo":{"@type":"ImageObject","inLanguage":"en-US","@id":"https:\/\/travindy.com\/news\/#\/schema\/logo\/image\/","url":"https:\/\/travindy.com\/wp-content\/uploads\/2022\/08\/cropped-travindy-logo-square.png","contentUrl":"https:\/\/travindy.com\/wp-content\/uploads\/2022\/08\/cropped-travindy-logo-square.png","width":512,"height":512,"caption":"Travindy"},"image":{"@id":"https:\/\/travindy.com\/news\/#\/schema\/logo\/image\/"},"sameAs":["https:\/\/www.facebook.com\/travindy","https:\/\/twitter.com\/Travindy"]},{"@type":"Person","@id":"https:\/\/travindy.com\/news\/#\/schema\/person\/03e6f92c0d151f770d489abb40ac78a2","name":"Nuria Mohedano","image":{"@type":"ImageObject","inLanguage":"en-US","@id":"https:\/\/travindy.com\/news\/#\/schema\/person\/image\/","url":"https:\/\/secure.gravatar.com\/avatar\/dc431ebbe8e8c3dd5c208ae74a93a1c7?s=96&d=mm&r=g","contentUrl":"https:\/\/secure.gravatar.com\/avatar\/dc431ebbe8e8c3dd5c208ae74a93a1c7?s=96&d=mm&r=g","caption":"Nuria Mohedano"},"description":"Es formadora y consultora freelance de turismo sostenible. Su \u00faltimo proyecto ha sido el dise\u00f1o y ejecuci\u00f3n del Plan de Comunicaci\u00f3n del III Congreso Nacional de Ecoturismo en Espa\u00f1a. Apuesta por la interpretaci\u00f3n del patrimonio como herramienta de puesta en valor de destinos y es una apasionada del paisaje y el paisanaje de Castilla-La Mancha, su tierra natal.","url":"https:\/\/travindy.com\/news\/author\/nuriam\/"}]}},"_links":{"self":[{"href":"https:\/\/travindy.com\/news\/wp-json\/wp\/v2\/posts\/29009"}],"collection":[{"href":"https:\/\/travindy.com\/news\/wp-json\/wp\/v2\/posts"}],"about":[{"href":"https:\/\/travindy.com\/news\/wp-json\/wp\/v2\/types\/post"}],"author":[{"embeddable":true,"href":"https:\/\/travindy.com\/news\/wp-json\/wp\/v2\/users\/66"}],"replies":[{"embeddable":true,"href":"https:\/\/travindy.com\/news\/wp-json\/wp\/v2\/comments?post=29009"}],"version-history":[{"count":8,"href":"https:\/\/travindy.com\/news\/wp-json\/wp\/v2\/posts\/29009\/revisions"}],"predecessor-version":[{"id":29133,"href":"https:\/\/travindy.com\/news\/wp-json\/wp\/v2\/posts\/29009\/revisions\/29133"}],"wp:featuredmedia":[{"embeddable":true,"href":"https:\/\/travindy.com\/news\/wp-json\/wp\/v2\/media\/29010"}],"wp:attachment":[{"href":"https:\/\/travindy.com\/news\/wp-json\/wp\/v2\/media?parent=29009"}],"wp:term":[{"taxonomy":"category","embeddable":true,"href":"https:\/\/travindy.com\/news\/wp-json\/wp\/v2\/categories?post=29009"},{"taxonomy":"post_tag","embeddable":true,"href":"https:\/\/travindy.com\/news\/wp-json\/wp\/v2\/tags?post=29009"}],"curies":[{"name":"wp","href":"https:\/\/api.w.org\/{rel}","templated":true}]}}