{"id":27399,"date":"2018-08-31T17:22:51","date_gmt":"2018-08-31T16:22:51","guid":{"rendered":"https:\/\/travindy.com\/?p=27399"},"modified":"2018-08-31T17:40:08","modified_gmt":"2018-08-31T16:40:08","slug":"guatemala-sera-sede-del-i-encuentro-centroamericano-de-turismo-comunitario","status":"publish","type":"post","link":"https:\/\/travindy.com\/news\/2018\/08\/guatemala-sera-sede-del-i-encuentro-centroamericano-de-turismo-comunitario\/","title":{"rendered":"Guatemala ser\u00e1 sede del I Encuentro Centroamericano de Turismo Comunitario"},"content":{"rendered":"<p><img fetchpriority=\"high\" decoding=\"async\" class=\"aligncenter size-full wp-image-27404\" src=\"https:\/\/travindy.com\/wp-content\/uploads\/2018\/08\/ECATC.jpg\" alt=\"Guatemala ser\u00e1 sede del I Encuentro Centroamericano de Turismo Comunitario\" width=\"1280\" height=\"720\" srcset=\"https:\/\/travindy.com\/news\/wp-content\/uploads\/2018\/08\/ECATC.jpg 1280w, https:\/\/travindy.com\/news\/wp-content\/uploads\/2018\/08\/ECATC-300x169.jpg 300w, https:\/\/travindy.com\/news\/wp-content\/uploads\/2018\/08\/ECATC-768x432.jpg 768w, https:\/\/travindy.com\/news\/wp-content\/uploads\/2018\/08\/ECATC-1024x576.jpg 1024w\" sizes=\"(max-width: 1280px) 100vw, 1280px\" \/><\/p>\n<p><span class=\"wpsdc-drop-cap\">D<\/span>el 25 al 28 de octubre de 2018 tendr\u00e1 lugar en San Crist\u00f3bal El Alto (Guatemala) el primer <a href=\"https:\/\/www.ecatc.gt\/\">Encuentro Centroamericano de Turismo Comunitario (ECATC)<\/a>, organizado por Fundaci\u00f3n Travolution Internacional.<\/p>\n<p>Este encuentro \u00fanico en la regi\u00f3n, estar\u00e1 destinado a emprendimientos y l\u00edderes de turismo comunitario centroamericanos, agencias y tour operadoras de viaje interesadas en la comercializaci\u00f3n de este tipo de experiencias en mercados internacionales y representantes de organizaciones acad\u00e9micas, p\u00fablicas y privadas.<\/p>\n<p>Camilo Alvarado, miembro del equipo de Fundaci\u00f3n Travolution Internacional afirma que, \u201cel objetivo del ECATC se centra en potenciar el intercambio de experiencias y la construcci\u00f3n colectiva para co-crear la Red Centro Americana de Turismo Comunitario. Pero tambi\u00e9n buscamos poner en valor este tipo de turismo, generando un espacio donde consolidar alianzas comerciales y redes colaborativas\u201d.<\/p>\n<p><iframe title=\"Guatemala sede del Primer Encuentro Centroamericano de Turismo Comunitario (ECATC2018)\" width=\"696\" height=\"392\" src=\"https:\/\/www.youtube.com\/embed\/DCMjo-yYOJg?feature=oembed\" frameborder=\"0\" allow=\"accelerometer; autoplay; clipboard-write; encrypted-media; gyroscope; picture-in-picture; web-share\" allowfullscreen><\/iframe><\/p>\n<p>Durante el encuentro, ser\u00e1n las mismas organizaciones comunitarias qui\u00e9nes compartir\u00e1n sus experiencias, poniendo en relieve el poder transformador del turismo para propiciar comunidades sostenibles, la innovaci\u00f3n social, el emprendimiento y las redes colaborativas, mostrando c\u00f3mo el turismo comunitario puede ser un catalizador de desarrollo sostenible en sus tres niveles: social, econ\u00f3mico y medio ambiental.<\/p>\n<p>Adem\u00e1s del intercambio de experiencias reales y la creaci\u00f3n de espacios comerciales y de alianzas estrat\u00e9gicas, se han organizado varios encuentros interculturales donde todos los asistentes podr\u00e1n aprender de la cultura de los diferentes pa\u00edses centroamericanos participantes.<\/p>\n<p>El <a href=\"https:\/\/www.ecatc.gt\/\">ECATC<\/a> cuenta con el apoyo del gobierno de Guatemala, la Secretar\u00eda de Estado de Estados Unidos de Am\u00e9rica y el World Environment Center, organizaciones que integran la RED DE INNOVACION E IMPACTO a nivel mundial, El INGUAT, y el CAT de Sacatepequez.<\/p>\n<p><strong>A\u00fan est\u00e1s a tiempo de inscribirte para participar en este encuentro \u00fanico. Puedes encontrar m\u00e1s informaci\u00f3n directamente <\/strong><a href=\"https:\/\/www.ecatc.gt\/inscripciones\/\" target=\"_blank\" rel=\"noopener\"><strong>en este enlace.<\/strong><\/a><\/p>\n","protected":false},"excerpt":{"rendered":"<p>Del 25 al 28 de octubre de 2018 tendr\u00e1 lugar en San Crist\u00f3bal El Alto (Guatemala) el primer Encuentro Centroamericano de Turismo Comunitario (ECATC),<\/p>\n","protected":false},"author":5,"featured_media":27404,"comment_status":"open","ping_status":"open","sticky":false,"template":"","format":"standard","meta":{"footnotes":""},"categories":[534],"tags":[2730,1655],"yoast_head":"<!-- This site is optimized with the Yoast SEO plugin v21.4 - https:\/\/yoast.com\/wordpress\/plugins\/seo\/ -->\n<title>Guatemala ser\u00e1 sede del I Encuentro Centroamericano de Turismo Comunitario<\/title>\n<meta name=\"description\" content=\"Del 25 al 28 de octubre de 2018 tendr\u00e1 lugar en San Crist\u00f3bal El Alto (Guatemala) el primer Encuentro Centroamericano de Turismo Comunitario (ECATC)\" \/>\n<meta name=\"robots\" content=\"index, follow, max-snippet:-1, max-image-preview:large, max-video-preview:-1\" \/>\n<link rel=\"canonical\" href=\"https:\/\/travindy.com\/news\/2018\/08\/guatemala-sera-sede-del-i-encuentro-centroamericano-de-turismo-comunitario\/\" \/>\n<meta property=\"og:locale\" content=\"en_US\" \/>\n<meta property=\"og:type\" content=\"article\" \/>\n<meta property=\"og:title\" content=\"Guatemala ser\u00e1 sede del I Encuentro Centroamericano de Turismo Comunitario\" \/>\n<meta property=\"og:description\" content=\"Del 25 al 28 de octubre de 2018 tendr\u00e1 lugar en San Crist\u00f3bal El Alto (Guatemala) el primer Encuentro Centroamericano de Turismo Comunitario (ECATC)\" \/>\n<meta property=\"og:url\" content=\"https:\/\/travindy.com\/news\/2018\/08\/guatemala-sera-sede-del-i-encuentro-centroamericano-de-turismo-comunitario\/\" \/>\n<meta property=\"og:site_name\" content=\"Travindy\" \/>\n<meta property=\"article:publisher\" content=\"https:\/\/www.facebook.com\/travindy\" \/>\n<meta property=\"article:author\" content=\"https:\/\/www.facebook.com\/travindy\" \/>\n<meta property=\"article:published_time\" content=\"2018-08-31T16:22:51+00:00\" \/>\n<meta property=\"article:modified_time\" content=\"2018-08-31T16:40:08+00:00\" \/>\n<meta property=\"og:image\" content=\"https:\/\/travindy.com\/news\/wp-content\/uploads\/2018\/08\/ECATC.jpg\" \/>\n\t<meta property=\"og:image:width\" content=\"1280\" \/>\n\t<meta property=\"og:image:height\" content=\"720\" \/>\n\t<meta property=\"og:image:type\" content=\"image\/jpeg\" \/>\n<meta name=\"author\" content=\"Travindy\" \/>\n<meta name=\"twitter:card\" content=\"summary_large_image\" \/>\n<meta name=\"twitter:creator\" content=\"@travindy\" \/>\n<meta name=\"twitter:site\" content=\"@Travindy\" \/>\n<meta name=\"twitter:label1\" content=\"Written by\" \/>\n\t<meta name=\"twitter:data1\" content=\"Travindy\" \/>\n\t<meta name=\"twitter:label2\" content=\"Est. reading time\" \/>\n\t<meta name=\"twitter:data2\" content=\"2 minutes\" \/>\n<script type=\"application\/ld+json\" class=\"yoast-schema-graph\">{\"@context\":\"https:\/\/schema.org\",\"@graph\":[{\"@type\":\"Article\",\"@id\":\"https:\/\/travindy.com\/news\/2018\/08\/guatemala-sera-sede-del-i-encuentro-centroamericano-de-turismo-comunitario\/#article\",\"isPartOf\":{\"@id\":\"https:\/\/travindy.com\/news\/2018\/08\/guatemala-sera-sede-del-i-encuentro-centroamericano-de-turismo-comunitario\/\"},\"author\":{\"name\":\"Travindy\",\"@id\":\"https:\/\/travindy.com\/news\/#\/schema\/person\/79576b26c03e84ac969c6cf7ad8118bb\"},\"headline\":\"Guatemala ser\u00e1 sede del I Encuentro Centroamericano de Turismo Comunitario\",\"datePublished\":\"2018-08-31T16:22:51+00:00\",\"dateModified\":\"2018-08-31T16:40:08+00:00\",\"mainEntityOfPage\":{\"@id\":\"https:\/\/travindy.com\/news\/2018\/08\/guatemala-sera-sede-del-i-encuentro-centroamericano-de-turismo-comunitario\/\"},\"wordCount\":322,\"commentCount\":0,\"publisher\":{\"@id\":\"https:\/\/travindy.com\/news\/#organization\"},\"keywords\":[\"#ECACT\",\"Guatemala\"],\"articleSection\":[\"News\"],\"inLanguage\":\"en-US\",\"potentialAction\":[{\"@type\":\"CommentAction\",\"name\":\"Comment\",\"target\":[\"https:\/\/travindy.com\/news\/2018\/08\/guatemala-sera-sede-del-i-encuentro-centroamericano-de-turismo-comunitario\/#respond\"]}]},{\"@type\":\"WebPage\",\"@id\":\"https:\/\/travindy.com\/news\/2018\/08\/guatemala-sera-sede-del-i-encuentro-centroamericano-de-turismo-comunitario\/\",\"url\":\"https:\/\/travindy.com\/news\/2018\/08\/guatemala-sera-sede-del-i-encuentro-centroamericano-de-turismo-comunitario\/\",\"name\":\"Guatemala ser\u00e1 sede del I Encuentro Centroamericano de Turismo Comunitario\",\"isPartOf\":{\"@id\":\"https:\/\/travindy.com\/news\/#website\"},\"datePublished\":\"2018-08-31T16:22:51+00:00\",\"dateModified\":\"2018-08-31T16:40:08+00:00\",\"description\":\"Del 25 al 28 de octubre de 2018 tendr\u00e1 lugar en San Crist\u00f3bal El Alto (Guatemala) el primer Encuentro Centroamericano de Turismo Comunitario (ECATC)\",\"breadcrumb\":{\"@id\":\"https:\/\/travindy.com\/news\/2018\/08\/guatemala-sera-sede-del-i-encuentro-centroamericano-de-turismo-comunitario\/#breadcrumb\"},\"inLanguage\":\"en-US\",\"potentialAction\":[{\"@type\":\"ReadAction\",\"target\":[\"https:\/\/travindy.com\/news\/2018\/08\/guatemala-sera-sede-del-i-encuentro-centroamericano-de-turismo-comunitario\/\"]}]},{\"@type\":\"BreadcrumbList\",\"@id\":\"https:\/\/travindy.com\/news\/2018\/08\/guatemala-sera-sede-del-i-encuentro-centroamericano-de-turismo-comunitario\/#breadcrumb\",\"itemListElement\":[{\"@type\":\"ListItem\",\"position\":1,\"name\":\"Home\",\"item\":\"https:\/\/travindy.com\/news\/\"},{\"@type\":\"ListItem\",\"position\":2,\"name\":\"Guatemala ser\u00e1 sede del I Encuentro Centroamericano de Turismo Comunitario\"}]},{\"@type\":\"WebSite\",\"@id\":\"https:\/\/travindy.com\/news\/#website\",\"url\":\"https:\/\/travindy.com\/news\/\",\"name\":\"Travindy\",\"description\":\"sustainable tourism consulting, news and resources\",\"publisher\":{\"@id\":\"https:\/\/travindy.com\/news\/#organization\"},\"potentialAction\":[{\"@type\":\"SearchAction\",\"target\":{\"@type\":\"EntryPoint\",\"urlTemplate\":\"https:\/\/travindy.com\/news\/?s={search_term_string}\"},\"query-input\":\"required name=search_term_string\"}],\"inLanguage\":\"en-US\"},{\"@type\":\"Organization\",\"@id\":\"https:\/\/travindy.com\/news\/#organization\",\"name\":\"Travindy\",\"url\":\"https:\/\/travindy.com\/news\/\",\"logo\":{\"@type\":\"ImageObject\",\"inLanguage\":\"en-US\",\"@id\":\"https:\/\/travindy.com\/news\/#\/schema\/logo\/image\/\",\"url\":\"https:\/\/travindy.com\/wp-content\/uploads\/2022\/08\/cropped-travindy-logo-square.png\",\"contentUrl\":\"https:\/\/travindy.com\/wp-content\/uploads\/2022\/08\/cropped-travindy-logo-square.png\",\"width\":512,\"height\":512,\"caption\":\"Travindy\"},\"image\":{\"@id\":\"https:\/\/travindy.com\/news\/#\/schema\/logo\/image\/\"},\"sameAs\":[\"https:\/\/www.facebook.com\/travindy\",\"https:\/\/twitter.com\/Travindy\"]},{\"@type\":\"Person\",\"@id\":\"https:\/\/travindy.com\/news\/#\/schema\/person\/79576b26c03e84ac969c6cf7ad8118bb\",\"name\":\"Travindy\",\"image\":{\"@type\":\"ImageObject\",\"inLanguage\":\"en-US\",\"@id\":\"https:\/\/travindy.com\/news\/#\/schema\/person\/image\/\",\"url\":\"https:\/\/secure.gravatar.com\/avatar\/7e8e24b511c9178e320b9eb2226dadb1?s=96&d=mm&r=g\",\"contentUrl\":\"https:\/\/secure.gravatar.com\/avatar\/7e8e24b511c9178e320b9eb2226dadb1?s=96&d=mm&r=g\",\"caption\":\"Travindy\"},\"description\":\"Travindy is an independent website featuring news and opinion on all issues to do with tourism and sustainability. Written primarily for an industry audience, our aim is to support the transformation of the sector into one that is regenerative, restorative and fully inclusive.\",\"sameAs\":[\"https:\/\/www.facebook.com\/travindy\",\"https:\/\/twitter.com\/travindy\"],\"url\":\"https:\/\/travindy.com\/news\/author\/travindy\/\"}]}<\/script>\n<!-- \/ Yoast SEO plugin. -->","yoast_head_json":{"title":"Guatemala ser\u00e1 sede del I Encuentro Centroamericano de Turismo Comunitario","description":"Del 25 al 28 de octubre de 2018 tendr\u00e1 lugar en San Crist\u00f3bal El Alto (Guatemala) el primer Encuentro Centroamericano de Turismo Comunitario (ECATC)","robots":{"index":"index","follow":"follow","max-snippet":"max-snippet:-1","max-image-preview":"max-image-preview:large","max-video-preview":"max-video-preview:-1"},"canonical":"https:\/\/travindy.com\/news\/2018\/08\/guatemala-sera-sede-del-i-encuentro-centroamericano-de-turismo-comunitario\/","og_locale":"en_US","og_type":"article","og_title":"Guatemala ser\u00e1 sede del I Encuentro Centroamericano de Turismo Comunitario","og_description":"Del 25 al 28 de octubre de 2018 tendr\u00e1 lugar en San Crist\u00f3bal El Alto (Guatemala) el primer Encuentro Centroamericano de Turismo Comunitario (ECATC)","og_url":"https:\/\/travindy.com\/news\/2018\/08\/guatemala-sera-sede-del-i-encuentro-centroamericano-de-turismo-comunitario\/","og_site_name":"Travindy","article_publisher":"https:\/\/www.facebook.com\/travindy","article_author":"https:\/\/www.facebook.com\/travindy","article_published_time":"2018-08-31T16:22:51+00:00","article_modified_time":"2018-08-31T16:40:08+00:00","og_image":[{"width":1280,"height":720,"url":"https:\/\/travindy.com\/news\/wp-content\/uploads\/2018\/08\/ECATC.jpg","type":"image\/jpeg"}],"author":"Travindy","twitter_card":"summary_large_image","twitter_creator":"@travindy","twitter_site":"@Travindy","twitter_misc":{"Written by":"Travindy","Est. reading time":"2 minutes"},"schema":{"@context":"https:\/\/schema.org","@graph":[{"@type":"Article","@id":"https:\/\/travindy.com\/news\/2018\/08\/guatemala-sera-sede-del-i-encuentro-centroamericano-de-turismo-comunitario\/#article","isPartOf":{"@id":"https:\/\/travindy.com\/news\/2018\/08\/guatemala-sera-sede-del-i-encuentro-centroamericano-de-turismo-comunitario\/"},"author":{"name":"Travindy","@id":"https:\/\/travindy.com\/news\/#\/schema\/person\/79576b26c03e84ac969c6cf7ad8118bb"},"headline":"Guatemala ser\u00e1 sede del I Encuentro Centroamericano de Turismo Comunitario","datePublished":"2018-08-31T16:22:51+00:00","dateModified":"2018-08-31T16:40:08+00:00","mainEntityOfPage":{"@id":"https:\/\/travindy.com\/news\/2018\/08\/guatemala-sera-sede-del-i-encuentro-centroamericano-de-turismo-comunitario\/"},"wordCount":322,"commentCount":0,"publisher":{"@id":"https:\/\/travindy.com\/news\/#organization"},"keywords":["#ECACT","Guatemala"],"articleSection":["News"],"inLanguage":"en-US","potentialAction":[{"@type":"CommentAction","name":"Comment","target":["https:\/\/travindy.com\/news\/2018\/08\/guatemala-sera-sede-del-i-encuentro-centroamericano-de-turismo-comunitario\/#respond"]}]},{"@type":"WebPage","@id":"https:\/\/travindy.com\/news\/2018\/08\/guatemala-sera-sede-del-i-encuentro-centroamericano-de-turismo-comunitario\/","url":"https:\/\/travindy.com\/news\/2018\/08\/guatemala-sera-sede-del-i-encuentro-centroamericano-de-turismo-comunitario\/","name":"Guatemala ser\u00e1 sede del I Encuentro Centroamericano de Turismo Comunitario","isPartOf":{"@id":"https:\/\/travindy.com\/news\/#website"},"datePublished":"2018-08-31T16:22:51+00:00","dateModified":"2018-08-31T16:40:08+00:00","description":"Del 25 al 28 de octubre de 2018 tendr\u00e1 lugar en San Crist\u00f3bal El Alto (Guatemala) el primer Encuentro Centroamericano de Turismo Comunitario (ECATC)","breadcrumb":{"@id":"https:\/\/travindy.com\/news\/2018\/08\/guatemala-sera-sede-del-i-encuentro-centroamericano-de-turismo-comunitario\/#breadcrumb"},"inLanguage":"en-US","potentialAction":[{"@type":"ReadAction","target":["https:\/\/travindy.com\/news\/2018\/08\/guatemala-sera-sede-del-i-encuentro-centroamericano-de-turismo-comunitario\/"]}]},{"@type":"BreadcrumbList","@id":"https:\/\/travindy.com\/news\/2018\/08\/guatemala-sera-sede-del-i-encuentro-centroamericano-de-turismo-comunitario\/#breadcrumb","itemListElement":[{"@type":"ListItem","position":1,"name":"Home","item":"https:\/\/travindy.com\/news\/"},{"@type":"ListItem","position":2,"name":"Guatemala ser\u00e1 sede del I Encuentro Centroamericano de Turismo Comunitario"}]},{"@type":"WebSite","@id":"https:\/\/travindy.com\/news\/#website","url":"https:\/\/travindy.com\/news\/","name":"Travindy","description":"sustainable tourism consulting, news and resources","publisher":{"@id":"https:\/\/travindy.com\/news\/#organization"},"potentialAction":[{"@type":"SearchAction","target":{"@type":"EntryPoint","urlTemplate":"https:\/\/travindy.com\/news\/?s={search_term_string}"},"query-input":"required name=search_term_string"}],"inLanguage":"en-US"},{"@type":"Organization","@id":"https:\/\/travindy.com\/news\/#organization","name":"Travindy","url":"https:\/\/travindy.com\/news\/","logo":{"@type":"ImageObject","inLanguage":"en-US","@id":"https:\/\/travindy.com\/news\/#\/schema\/logo\/image\/","url":"https:\/\/travindy.com\/wp-content\/uploads\/2022\/08\/cropped-travindy-logo-square.png","contentUrl":"https:\/\/travindy.com\/wp-content\/uploads\/2022\/08\/cropped-travindy-logo-square.png","width":512,"height":512,"caption":"Travindy"},"image":{"@id":"https:\/\/travindy.com\/news\/#\/schema\/logo\/image\/"},"sameAs":["https:\/\/www.facebook.com\/travindy","https:\/\/twitter.com\/Travindy"]},{"@type":"Person","@id":"https:\/\/travindy.com\/news\/#\/schema\/person\/79576b26c03e84ac969c6cf7ad8118bb","name":"Travindy","image":{"@type":"ImageObject","inLanguage":"en-US","@id":"https:\/\/travindy.com\/news\/#\/schema\/person\/image\/","url":"https:\/\/secure.gravatar.com\/avatar\/7e8e24b511c9178e320b9eb2226dadb1?s=96&d=mm&r=g","contentUrl":"https:\/\/secure.gravatar.com\/avatar\/7e8e24b511c9178e320b9eb2226dadb1?s=96&d=mm&r=g","caption":"Travindy"},"description":"Travindy is an independent website featuring news and opinion on all issues to do with tourism and sustainability. Written primarily for an industry audience, our aim is to support the transformation of the sector into one that is regenerative, restorative and fully inclusive.","sameAs":["https:\/\/www.facebook.com\/travindy","https:\/\/twitter.com\/travindy"],"url":"https:\/\/travindy.com\/news\/author\/travindy\/"}]}},"_links":{"self":[{"href":"https:\/\/travindy.com\/news\/wp-json\/wp\/v2\/posts\/27399"}],"collection":[{"href":"https:\/\/travindy.com\/news\/wp-json\/wp\/v2\/posts"}],"about":[{"href":"https:\/\/travindy.com\/news\/wp-json\/wp\/v2\/types\/post"}],"author":[{"embeddable":true,"href":"https:\/\/travindy.com\/news\/wp-json\/wp\/v2\/users\/5"}],"replies":[{"embeddable":true,"href":"https:\/\/travindy.com\/news\/wp-json\/wp\/v2\/comments?post=27399"}],"version-history":[{"count":0,"href":"https:\/\/travindy.com\/news\/wp-json\/wp\/v2\/posts\/27399\/revisions"}],"wp:featuredmedia":[{"embeddable":true,"href":"https:\/\/travindy.com\/news\/wp-json\/wp\/v2\/media\/27404"}],"wp:attachment":[{"href":"https:\/\/travindy.com\/news\/wp-json\/wp\/v2\/media?parent=27399"}],"wp:term":[{"taxonomy":"category","embeddable":true,"href":"https:\/\/travindy.com\/news\/wp-json\/wp\/v2\/categories?post=27399"},{"taxonomy":"post_tag","embeddable":true,"href":"https:\/\/travindy.com\/news\/wp-json\/wp\/v2\/tags?post=27399"}],"curies":[{"name":"wp","href":"https:\/\/api.w.org\/{rel}","templated":true}]}}