{"id":22989,"date":"2018-05-18T04:28:41","date_gmt":"2018-05-18T03:28:41","guid":{"rendered":"https:\/\/travindy.com\/es\/?p=22989"},"modified":"2018-05-18T04:30:19","modified_gmt":"2018-05-18T03:30:19","slug":"costa-rica-mucho-mas-que-un-pais-verde","status":"publish","type":"post","link":"https:\/\/travindy.com\/news\/2018\/05\/costa-rica-mucho-mas-que-un-pais-verde\/","title":{"rendered":"Costa Rica, mucho m\u00e1s que un pa\u00eds verde"},"content":{"rendered":"<p><img fetchpriority=\"high\" decoding=\"async\" class=\"aligncenter size-full wp-image-22990\" src=\"https:\/\/travindy.com\/wp-content\/uploads\/2018\/01\/Mural-etnogr\u00e1fico-Cartago.jpg\" alt=\"Costa Rica, mucho m\u00e1s que un pa\u00eds verde\" width=\"1000\" height=\"750\" srcset=\"https:\/\/travindy.com\/news\/wp-content\/uploads\/2018\/01\/Mural-etnogr\u00e1fico-Cartago.jpg 1000w, https:\/\/travindy.com\/news\/wp-content\/uploads\/2018\/01\/Mural-etnogr\u00e1fico-Cartago-300x225.jpg 300w, https:\/\/travindy.com\/news\/wp-content\/uploads\/2018\/01\/Mural-etnogr\u00e1fico-Cartago-768x576.jpg 768w\" sizes=\"(max-width: 1000px) 100vw, 1000px\" \/><\/p>\n<p><span class=\"wpsdc-drop-cap\">V<\/span>isitantes de todo el mundo arriban asiduamente a este pa\u00eds Centroamericano para conocer sus maravillas naturales. No obstante, no muchos llegan inspirados por su pasado y presente cultural.\u00a0Costa Rica tambi\u00e9n tiene historias, costumbres, valores y pueblos originarios que est\u00e1n siendo marginados por el sistema actual.<\/p>\n<p>Si bien en gran parte es el visitante el que decide qu\u00e9 conocer en cada destino, tambi\u00e9n es la promoci\u00f3n tur\u00edstica del pa\u00eds la que decide qu\u00e9 acercarle y qu\u00e9 patrimonio o experiencias mostrarle. En el caso de Costa Rica, parece ser que la obsesi\u00f3n por venderse como pa\u00eds ecol\u00f3gico est\u00e1 desvalorizando su historia, sus comidas t\u00edpicas, sus bailes tradicionales y la forma de vida de sus habitantes que son, al final, quienes construyen una naci\u00f3n.<\/p>\n<p>En varios sitios del pa\u00eds se est\u00e1n reproduciendo los complejos <em>all inclusive<\/em> y en muchos de ellos se le recomienda al turista no salir del hotel porque es muy peligroso. Tal vez en algunos lugares lo sea, pero en otros doy fe que no. Este tipo de recomendaciones para que el visitante gaste su capital dentro del hotel y no afuera, est\u00e1 matando el potencial que tiene el turismo para fomentar el entendimiento entre diferentes culturas y el desarrollo de comunidades locales. El extranjero comparte pocas (o ninguna) experiencias con residentes locales y no realiza ning\u00fan aporte econ\u00f3mico a los peque\u00f1os emprendedores locales. As\u00ed, terminan tapando los valios\u00edsimos valores culturales de un pa\u00eds con tanto potencial cultural casi escondido.<\/p>\n<p>Costa Rica es sin\u00f3nimo de \u00e1reas protegidas, playas, palmeras, bosques y volcanes. La estrategia de marketing del pa\u00eds ecol\u00f3gico y pac\u00edfico est\u00e1 muy bien. Sin dudas Costa Rica lo es. Pero tambi\u00e9n Costa Rica es Pabr\u00fa Pr\u00e9sbere, Cab\u00e9cares, Bribris, Chorotegas, Borucas, Teribes, Juanito Mora, gallo pinto, tamales, casados, tortillas de ma\u00edz, natilla, patacones, banano, caf\u00e9, cacao, frijoles, fresco de cas, aceite de coco en el Caribe, la romer\u00eda, la mascarada, Maes, pura vida y mucho m\u00e1s.<\/p>\n<p>Ni el Estado, ni turistas, ni agencias de viajes, ni los mismos costarricenses deben olvidarse de las ruinas de Cartago, de los edificios m\u00e1s antiguos de San Jos\u00e9, de sus platos t\u00edpicos, de la forma en que tejen la hoja de Suita en Talamanca y de la forma de ser de los propios ticos. Al final, lo m\u00e1s lindo del pa\u00eds no saldr\u00e1 jam\u00e1s en ning\u00fan folleto tur\u00edstico, ni tampoco habr\u00e1 tour operadora alguna que lo pueda vender, sino que aquel visitante consciente y responsable lo podr\u00e1 hallar en lo m\u00e1s profundo de su gente.<\/p>\n<p>Hablamos de un pa\u00eds con hermosos bosques, lindas playas y muchos otros atractivos naturales, pero por sobre todas las cosas, donde vive gente que tiene sus principios, su historia, su forma de hablar y su propio estilo de vida. Es una pena que a veces quienes visiten este pa\u00eds solo se lleven la foto con el fondo verde.<\/p>\n","protected":false},"excerpt":{"rendered":"<p>No hay dudas que Costa Rica tiene recursos naturales que la diferencia de otros destinos y eso lo tiene que aprovechar. Pero no debe abandonar sus recursos socio-culturales, que tambi\u00e9n la distinguen de cualquier otro pa\u00eds del mundo.<\/p>\n","protected":false},"author":254,"featured_media":0,"comment_status":"open","ping_status":"open","sticky":false,"template":"","format":"standard","meta":{"footnotes":""},"categories":[534],"tags":[2445,2674,767],"yoast_head":"<!-- This site is optimized with the Yoast SEO plugin v21.4 - https:\/\/yoast.com\/wordpress\/plugins\/seo\/ -->\n<title>Costa Rica es mucho m\u00e1s que un pa\u00eds verde<\/title>\n<meta name=\"description\" content=\"No hay dudas que Costa Rica tiene recursos naturales que la diferencia de otros destinos. Pero no debe abandonar sus recursos socio-culturales, que tambi\u00e9n la distinguen de cualquier otro pa\u00eds del mundo.\" \/>\n<meta name=\"robots\" content=\"index, follow, max-snippet:-1, max-image-preview:large, max-video-preview:-1\" \/>\n<link rel=\"canonical\" href=\"https:\/\/travindy.com\/news\/2018\/05\/costa-rica-mucho-mas-que-un-pais-verde\/\" \/>\n<meta property=\"og:locale\" content=\"en_US\" \/>\n<meta property=\"og:type\" content=\"article\" \/>\n<meta property=\"og:title\" content=\"Costa Rica es mucho m\u00e1s que un pa\u00eds verde\" \/>\n<meta property=\"og:description\" content=\"No hay dudas que Costa Rica tiene recursos naturales que la diferencia de otros destinos. Pero no debe abandonar sus recursos socio-culturales, que tambi\u00e9n la distinguen de cualquier otro pa\u00eds del mundo.\" \/>\n<meta property=\"og:url\" content=\"https:\/\/travindy.com\/news\/2018\/05\/costa-rica-mucho-mas-que-un-pais-verde\/\" \/>\n<meta property=\"og:site_name\" content=\"Travindy\" \/>\n<meta property=\"article:publisher\" content=\"https:\/\/www.facebook.com\/travindy\" \/>\n<meta property=\"article:author\" content=\"https:\/\/www.facebook.com\/turismodespierto\/\" \/>\n<meta property=\"article:published_time\" content=\"2018-05-18T03:28:41+00:00\" \/>\n<meta property=\"article:modified_time\" content=\"2018-05-18T03:30:19+00:00\" \/>\n<meta name=\"author\" content=\"Rub\u00e9n Dar\u00edo Salinas\" \/>\n<meta name=\"twitter:card\" content=\"summary_large_image\" \/>\n<meta name=\"twitter:creator\" content=\"@turdespierto\" \/>\n<meta name=\"twitter:site\" content=\"@Travindy\" \/>\n<meta name=\"twitter:label1\" content=\"Written by\" \/>\n\t<meta name=\"twitter:data1\" content=\"Rub\u00e9n Dar\u00edo Salinas\" \/>\n\t<meta name=\"twitter:label2\" content=\"Est. reading time\" \/>\n\t<meta name=\"twitter:data2\" content=\"3 minutes\" \/>\n<script type=\"application\/ld+json\" class=\"yoast-schema-graph\">{\"@context\":\"https:\/\/schema.org\",\"@graph\":[{\"@type\":\"Article\",\"@id\":\"https:\/\/travindy.com\/news\/2018\/05\/costa-rica-mucho-mas-que-un-pais-verde\/#article\",\"isPartOf\":{\"@id\":\"https:\/\/travindy.com\/news\/2018\/05\/costa-rica-mucho-mas-que-un-pais-verde\/\"},\"author\":{\"name\":\"Rub\u00e9n Dar\u00edo Salinas\",\"@id\":\"https:\/\/travindy.com\/news\/#\/schema\/person\/82c8c8d598298777064626812a5bbb2a\"},\"headline\":\"Costa Rica, mucho m\u00e1s que un pa\u00eds verde\",\"datePublished\":\"2018-05-18T03:28:41+00:00\",\"dateModified\":\"2018-05-18T03:30:19+00:00\",\"mainEntityOfPage\":{\"@id\":\"https:\/\/travindy.com\/news\/2018\/05\/costa-rica-mucho-mas-que-un-pais-verde\/\"},\"wordCount\":522,\"commentCount\":0,\"publisher\":{\"@id\":\"https:\/\/travindy.com\/news\/#organization\"},\"keywords\":[\"Cartago\",\"Costa Rica\",\"cultura\"],\"articleSection\":[\"News\"],\"inLanguage\":\"en-US\",\"potentialAction\":[{\"@type\":\"CommentAction\",\"name\":\"Comment\",\"target\":[\"https:\/\/travindy.com\/news\/2018\/05\/costa-rica-mucho-mas-que-un-pais-verde\/#respond\"]}]},{\"@type\":\"WebPage\",\"@id\":\"https:\/\/travindy.com\/news\/2018\/05\/costa-rica-mucho-mas-que-un-pais-verde\/\",\"url\":\"https:\/\/travindy.com\/news\/2018\/05\/costa-rica-mucho-mas-que-un-pais-verde\/\",\"name\":\"Costa Rica es mucho m\u00e1s que un pa\u00eds verde\",\"isPartOf\":{\"@id\":\"https:\/\/travindy.com\/news\/#website\"},\"datePublished\":\"2018-05-18T03:28:41+00:00\",\"dateModified\":\"2018-05-18T03:30:19+00:00\",\"description\":\"No hay dudas que Costa Rica tiene recursos naturales que la diferencia de otros destinos. Pero no debe abandonar sus recursos socio-culturales, que tambi\u00e9n la distinguen de cualquier otro pa\u00eds del mundo.\",\"breadcrumb\":{\"@id\":\"https:\/\/travindy.com\/news\/2018\/05\/costa-rica-mucho-mas-que-un-pais-verde\/#breadcrumb\"},\"inLanguage\":\"en-US\",\"potentialAction\":[{\"@type\":\"ReadAction\",\"target\":[\"https:\/\/travindy.com\/news\/2018\/05\/costa-rica-mucho-mas-que-un-pais-verde\/\"]}]},{\"@type\":\"BreadcrumbList\",\"@id\":\"https:\/\/travindy.com\/news\/2018\/05\/costa-rica-mucho-mas-que-un-pais-verde\/#breadcrumb\",\"itemListElement\":[{\"@type\":\"ListItem\",\"position\":1,\"name\":\"Home\",\"item\":\"https:\/\/travindy.com\/news\/\"},{\"@type\":\"ListItem\",\"position\":2,\"name\":\"Costa Rica, mucho m\u00e1s que un pa\u00eds verde\"}]},{\"@type\":\"WebSite\",\"@id\":\"https:\/\/travindy.com\/news\/#website\",\"url\":\"https:\/\/travindy.com\/news\/\",\"name\":\"Travindy\",\"description\":\"sustainable tourism consulting, news and resources\",\"publisher\":{\"@id\":\"https:\/\/travindy.com\/news\/#organization\"},\"potentialAction\":[{\"@type\":\"SearchAction\",\"target\":{\"@type\":\"EntryPoint\",\"urlTemplate\":\"https:\/\/travindy.com\/news\/?s={search_term_string}\"},\"query-input\":\"required name=search_term_string\"}],\"inLanguage\":\"en-US\"},{\"@type\":\"Organization\",\"@id\":\"https:\/\/travindy.com\/news\/#organization\",\"name\":\"Travindy\",\"url\":\"https:\/\/travindy.com\/news\/\",\"logo\":{\"@type\":\"ImageObject\",\"inLanguage\":\"en-US\",\"@id\":\"https:\/\/travindy.com\/news\/#\/schema\/logo\/image\/\",\"url\":\"https:\/\/travindy.com\/wp-content\/uploads\/2022\/08\/cropped-travindy-logo-square.png\",\"contentUrl\":\"https:\/\/travindy.com\/wp-content\/uploads\/2022\/08\/cropped-travindy-logo-square.png\",\"width\":512,\"height\":512,\"caption\":\"Travindy\"},\"image\":{\"@id\":\"https:\/\/travindy.com\/news\/#\/schema\/logo\/image\/\"},\"sameAs\":[\"https:\/\/www.facebook.com\/travindy\",\"https:\/\/twitter.com\/Travindy\"]},{\"@type\":\"Person\",\"@id\":\"https:\/\/travindy.com\/news\/#\/schema\/person\/82c8c8d598298777064626812a5bbb2a\",\"name\":\"Rub\u00e9n Dar\u00edo Salinas\",\"image\":{\"@type\":\"ImageObject\",\"inLanguage\":\"en-US\",\"@id\":\"https:\/\/travindy.com\/news\/#\/schema\/person\/image\/\",\"url\":\"https:\/\/secure.gravatar.com\/avatar\/dc57c62afa98689995833daa9512af85?s=96&d=mm&r=g\",\"contentUrl\":\"https:\/\/secure.gravatar.com\/avatar\/dc57c62afa98689995833daa9512af85?s=96&d=mm&r=g\",\"caption\":\"Rub\u00e9n Dar\u00edo Salinas\"},\"description\":\"Licenciado en Turismo, especializado en Gesti\u00f3n Comunitaria y Periodismo Tur\u00edstico. Colaborando con - y aprendiendo de - proyectos de Turismo Comunitario de Latinoam\u00e9rica.\",\"sameAs\":[\"http:\/\/www.turismodespierto.com\",\"https:\/\/www.facebook.com\/turismodespierto\/\",\"https:\/\/www.instagram.com\/turismodespierto\/\",\"https:\/\/twitter.com\/@turdespierto\"],\"url\":\"https:\/\/travindy.com\/news\/author\/rubend\/\"}]}<\/script>\n<!-- \/ Yoast SEO plugin. -->","yoast_head_json":{"title":"Costa Rica es mucho m\u00e1s que un pa\u00eds verde","description":"No hay dudas que Costa Rica tiene recursos naturales que la diferencia de otros destinos. Pero no debe abandonar sus recursos socio-culturales, que tambi\u00e9n la distinguen de cualquier otro pa\u00eds del mundo.","robots":{"index":"index","follow":"follow","max-snippet":"max-snippet:-1","max-image-preview":"max-image-preview:large","max-video-preview":"max-video-preview:-1"},"canonical":"https:\/\/travindy.com\/news\/2018\/05\/costa-rica-mucho-mas-que-un-pais-verde\/","og_locale":"en_US","og_type":"article","og_title":"Costa Rica es mucho m\u00e1s que un pa\u00eds verde","og_description":"No hay dudas que Costa Rica tiene recursos naturales que la diferencia de otros destinos. Pero no debe abandonar sus recursos socio-culturales, que tambi\u00e9n la distinguen de cualquier otro pa\u00eds del mundo.","og_url":"https:\/\/travindy.com\/news\/2018\/05\/costa-rica-mucho-mas-que-un-pais-verde\/","og_site_name":"Travindy","article_publisher":"https:\/\/www.facebook.com\/travindy","article_author":"https:\/\/www.facebook.com\/turismodespierto\/","article_published_time":"2018-05-18T03:28:41+00:00","article_modified_time":"2018-05-18T03:30:19+00:00","author":"Rub\u00e9n Dar\u00edo Salinas","twitter_card":"summary_large_image","twitter_creator":"@turdespierto","twitter_site":"@Travindy","twitter_misc":{"Written by":"Rub\u00e9n Dar\u00edo Salinas","Est. reading time":"3 minutes"},"schema":{"@context":"https:\/\/schema.org","@graph":[{"@type":"Article","@id":"https:\/\/travindy.com\/news\/2018\/05\/costa-rica-mucho-mas-que-un-pais-verde\/#article","isPartOf":{"@id":"https:\/\/travindy.com\/news\/2018\/05\/costa-rica-mucho-mas-que-un-pais-verde\/"},"author":{"name":"Rub\u00e9n Dar\u00edo Salinas","@id":"https:\/\/travindy.com\/news\/#\/schema\/person\/82c8c8d598298777064626812a5bbb2a"},"headline":"Costa Rica, mucho m\u00e1s que un pa\u00eds verde","datePublished":"2018-05-18T03:28:41+00:00","dateModified":"2018-05-18T03:30:19+00:00","mainEntityOfPage":{"@id":"https:\/\/travindy.com\/news\/2018\/05\/costa-rica-mucho-mas-que-un-pais-verde\/"},"wordCount":522,"commentCount":0,"publisher":{"@id":"https:\/\/travindy.com\/news\/#organization"},"keywords":["Cartago","Costa Rica","cultura"],"articleSection":["News"],"inLanguage":"en-US","potentialAction":[{"@type":"CommentAction","name":"Comment","target":["https:\/\/travindy.com\/news\/2018\/05\/costa-rica-mucho-mas-que-un-pais-verde\/#respond"]}]},{"@type":"WebPage","@id":"https:\/\/travindy.com\/news\/2018\/05\/costa-rica-mucho-mas-que-un-pais-verde\/","url":"https:\/\/travindy.com\/news\/2018\/05\/costa-rica-mucho-mas-que-un-pais-verde\/","name":"Costa Rica es mucho m\u00e1s que un pa\u00eds verde","isPartOf":{"@id":"https:\/\/travindy.com\/news\/#website"},"datePublished":"2018-05-18T03:28:41+00:00","dateModified":"2018-05-18T03:30:19+00:00","description":"No hay dudas que Costa Rica tiene recursos naturales que la diferencia de otros destinos. Pero no debe abandonar sus recursos socio-culturales, que tambi\u00e9n la distinguen de cualquier otro pa\u00eds del mundo.","breadcrumb":{"@id":"https:\/\/travindy.com\/news\/2018\/05\/costa-rica-mucho-mas-que-un-pais-verde\/#breadcrumb"},"inLanguage":"en-US","potentialAction":[{"@type":"ReadAction","target":["https:\/\/travindy.com\/news\/2018\/05\/costa-rica-mucho-mas-que-un-pais-verde\/"]}]},{"@type":"BreadcrumbList","@id":"https:\/\/travindy.com\/news\/2018\/05\/costa-rica-mucho-mas-que-un-pais-verde\/#breadcrumb","itemListElement":[{"@type":"ListItem","position":1,"name":"Home","item":"https:\/\/travindy.com\/news\/"},{"@type":"ListItem","position":2,"name":"Costa Rica, mucho m\u00e1s que un pa\u00eds verde"}]},{"@type":"WebSite","@id":"https:\/\/travindy.com\/news\/#website","url":"https:\/\/travindy.com\/news\/","name":"Travindy","description":"sustainable tourism consulting, news and resources","publisher":{"@id":"https:\/\/travindy.com\/news\/#organization"},"potentialAction":[{"@type":"SearchAction","target":{"@type":"EntryPoint","urlTemplate":"https:\/\/travindy.com\/news\/?s={search_term_string}"},"query-input":"required name=search_term_string"}],"inLanguage":"en-US"},{"@type":"Organization","@id":"https:\/\/travindy.com\/news\/#organization","name":"Travindy","url":"https:\/\/travindy.com\/news\/","logo":{"@type":"ImageObject","inLanguage":"en-US","@id":"https:\/\/travindy.com\/news\/#\/schema\/logo\/image\/","url":"https:\/\/travindy.com\/wp-content\/uploads\/2022\/08\/cropped-travindy-logo-square.png","contentUrl":"https:\/\/travindy.com\/wp-content\/uploads\/2022\/08\/cropped-travindy-logo-square.png","width":512,"height":512,"caption":"Travindy"},"image":{"@id":"https:\/\/travindy.com\/news\/#\/schema\/logo\/image\/"},"sameAs":["https:\/\/www.facebook.com\/travindy","https:\/\/twitter.com\/Travindy"]},{"@type":"Person","@id":"https:\/\/travindy.com\/news\/#\/schema\/person\/82c8c8d598298777064626812a5bbb2a","name":"Rub\u00e9n Dar\u00edo Salinas","image":{"@type":"ImageObject","inLanguage":"en-US","@id":"https:\/\/travindy.com\/news\/#\/schema\/person\/image\/","url":"https:\/\/secure.gravatar.com\/avatar\/dc57c62afa98689995833daa9512af85?s=96&d=mm&r=g","contentUrl":"https:\/\/secure.gravatar.com\/avatar\/dc57c62afa98689995833daa9512af85?s=96&d=mm&r=g","caption":"Rub\u00e9n Dar\u00edo Salinas"},"description":"Licenciado en Turismo, especializado en Gesti\u00f3n Comunitaria y Periodismo Tur\u00edstico. Colaborando con - y aprendiendo de - proyectos de Turismo Comunitario de Latinoam\u00e9rica.","sameAs":["http:\/\/www.turismodespierto.com","https:\/\/www.facebook.com\/turismodespierto\/","https:\/\/www.instagram.com\/turismodespierto\/","https:\/\/twitter.com\/@turdespierto"],"url":"https:\/\/travindy.com\/news\/author\/rubend\/"}]}},"_links":{"self":[{"href":"https:\/\/travindy.com\/news\/wp-json\/wp\/v2\/posts\/22989"}],"collection":[{"href":"https:\/\/travindy.com\/news\/wp-json\/wp\/v2\/posts"}],"about":[{"href":"https:\/\/travindy.com\/news\/wp-json\/wp\/v2\/types\/post"}],"author":[{"embeddable":true,"href":"https:\/\/travindy.com\/news\/wp-json\/wp\/v2\/users\/254"}],"replies":[{"embeddable":true,"href":"https:\/\/travindy.com\/news\/wp-json\/wp\/v2\/comments?post=22989"}],"version-history":[{"count":0,"href":"https:\/\/travindy.com\/news\/wp-json\/wp\/v2\/posts\/22989\/revisions"}],"wp:attachment":[{"href":"https:\/\/travindy.com\/news\/wp-json\/wp\/v2\/media?parent=22989"}],"wp:term":[{"taxonomy":"category","embeddable":true,"href":"https:\/\/travindy.com\/news\/wp-json\/wp\/v2\/categories?post=22989"},{"taxonomy":"post_tag","embeddable":true,"href":"https:\/\/travindy.com\/news\/wp-json\/wp\/v2\/tags?post=22989"}],"curies":[{"name":"wp","href":"https:\/\/api.w.org\/{rel}","templated":true}]}}