{"id":22911,"date":"2017-12-22T16:43:38","date_gmt":"2017-12-22T15:43:38","guid":{"rendered":"https:\/\/travindy.com\/es\/?p=22911"},"modified":"2017-12-22T17:07:21","modified_gmt":"2017-12-22T16:07:21","slug":"las-noticias-mas-leidas-de-2017-turismo-accesible-y-derechos-humanos","status":"publish","type":"post","link":"https:\/\/travindy.com\/news\/2017\/12\/las-noticias-mas-leidas-de-2017-turismo-accesible-y-derechos-humanos\/","title":{"rendered":"Las noticias mas le\u00eddas de 2017; turismo accesible y derechos humanos"},"content":{"rendered":"<h4>1.- Accesibilidad, el reto del sector tur\u00edstico<\/h4>\n<p><img fetchpriority=\"high\" decoding=\"async\" class=\"wp-image-19434 alignleft\" src=\"https:\/\/travindy.com\/wp-content\/uploads\/2017\/07\/turismo-accesible-300x200.jpg\" alt=\"Las noticias mas le\u00eddas de 2017; turismo accesible y derechos humanos\" width=\"680\" height=\"453\" srcset=\"https:\/\/travindy.com\/news\/wp-content\/uploads\/2017\/07\/turismo-accesible-300x200.jpg 300w, https:\/\/travindy.com\/news\/wp-content\/uploads\/2017\/07\/turismo-accesible.jpg 768w\" sizes=\"(max-width: 680px) 100vw, 680px\" \/>Cuando viajamos deseamos vivir experiencias \u00fanicas y adaptadas a nuestras necesidades. Seg\u00fan subraya el art\u00edculo 7 del\u00a0C\u00f3digo \u00c9tico Mundial para el Turismo de la OMT\u00a0\u2014texto de\u00a0referencia global para un desarrollo responsable y sostenible del sector\u2014, todas las personas deben poder ejercer su derecho a disfrutar del turismo sin ning\u00fan tipo de obst\u00e1culo. Pero lo cierto es que\u00a06 de cada 10 personas con movilidad reducida dejar\u00e1 de viajar este verano por falta de accesibilidad\u00a0en los servicios e instalaciones tur\u00edsticas, seg\u00fan una\u00a0encuesta\u00a0elaborada por la Fundaci\u00f3n Adecco. Esto se traduce en 58,11 millones de viajeros, ya que las personas con alg\u00fan tipo de discapacidad suelen viajar acompa\u00f1ados de familiares y amigos.<\/p>\n<p><strong>Sigue leyendo esta noticia<a href=\"https:\/\/wp.me\/p5sMuf-53r\" target=\"_blank\" rel=\"noopener nofollow\"> en este enlace.<\/a><\/strong><\/p>\n<hr \/>\n<h4>2.-\u00a0El turismo y los derechos humanos: poniendo l\u00edmites a la promoci\u00f3n tur\u00edstica.<\/h4>\n<p><img decoding=\"async\" class=\"aligncenter size-full wp-image-16397\" src=\"https:\/\/travindy.com\/wp-content\/uploads\/2017\/01\/cuba-133489_1280.jpg\" alt=\"Las noticias mas le\u00eddas de 2017; turismo accesible y derechos humanos\" width=\"1000\" height=\"672\" srcset=\"https:\/\/travindy.com\/news\/wp-content\/uploads\/2017\/01\/cuba-133489_1280.jpg 1000w, https:\/\/travindy.com\/news\/wp-content\/uploads\/2017\/01\/cuba-133489_1280-300x202.jpg 300w, https:\/\/travindy.com\/news\/wp-content\/uploads\/2017\/01\/cuba-133489_1280-768x516.jpg 768w\" sizes=\"(max-width: 1000px) 100vw, 1000px\" \/><\/p>\n<p>Estamos acostumbrados a ver fotos maravillosas de destinos por las redes sociales, anuncios de televisi\u00f3n con paradisiacas playas de aguas cristalinas y a leer promociones donde siempre la cara positiva del turismo, hace vibrar al \u201cposible turista\u201d que probablemente este leyendo y viendo estas im\u00e1genes de camino al trabajo, o cenando despu\u00e9s de un duro d\u00eda de trabajo. De hecho este es el marketing que se debe utilizar para la promoci\u00f3n tur\u00edstica de un destino, y tiene sentido mostrar la cara bonita del destino. Pero, \u00bfque pasa con la realidad bajo la perspectiva de la poblaci\u00f3n local?<\/p>\n<p><strong>Sigue leyendo esta noticia<a href=\"https:\/\/wp.me\/p5sMuf-4gs\" target=\"_blank\" rel=\"noopener nofollow\"> en este enlace.<\/a><\/strong><\/p>\n<hr \/>\n<h4>3.- Turismo accesible: acci\u00f3n, reacci\u00f3n y repercusi\u00f3n<\/h4>\n<p><img decoding=\"async\" class=\"aligncenter size-full wp-image-21989\" src=\"https:\/\/travindy.com\/wp-content\/uploads\/2017\/11\/people-2574506_1920.jpg\" alt=\"Las noticias mas le\u00eddas de 2017; turismo accesible y derechos humanos\" width=\"999\" height=\"569\" srcset=\"https:\/\/travindy.com\/news\/wp-content\/uploads\/2017\/11\/people-2574506_1920.jpg 999w, https:\/\/travindy.com\/news\/wp-content\/uploads\/2017\/11\/people-2574506_1920-300x171.jpg 300w, https:\/\/travindy.com\/news\/wp-content\/uploads\/2017\/11\/people-2574506_1920-768x437.jpg 768w\" sizes=\"(max-width: 999px) 100vw, 999px\" \/><\/p>\n<p>A<span style=\"font-weight: 400;\">lrededor de un 15% de la poblaci\u00f3n mundial padece alg\u00fan tipo de discapacidad, seg\u00fan la Organizaci\u00f3n Mundial de la Salud (OMS) y el Banco Mundial. Porcentaje que dado el envejecimiento de la poblaci\u00f3n, tender\u00e1 a seguir creciendo. Quiz\u00e1 se trate de una pregunta manida pero \u00bfqu\u00e9 supone esto para el turismo? La \u201c<\/span><a href=\"http:\/\/fitxers.costabrava.org\/jornades\/invitacions_2017\/jornada_turisme_inclusiu\/index.html\"><span style=\"font-weight: 400;\">Jornada de Turisme Inclusiu<\/span><\/a><span style=\"font-weight: 400;\">\u201d celebrada en Girona el pasado mes de septiembre en el marco del \u201c<\/span><a href=\"http:\/\/fitxers.costabrava.org\/premis\/BasesMicroRelats2017ENG.pdf\" rel=\"nofollow\"><span style=\"font-weight: 400;\">Costa Brava Inclusive Mobile Film<\/span><\/a><span style=\"font-weight: 400;\">\u201d, puso de manifiesto algunos de los puntos clave en vacaciones y experiencias tur\u00edsticas inclusivas que a\u00fan no responden en su mayor\u00eda a las necesidades de ese porcentaje de poblaci\u00f3n.<\/span><\/p>\n<p><strong>Sigue leyendo esta noticia<a href=\"https:\/\/wp.me\/p5sMuf-5IE\" target=\"_blank\" rel=\"noopener nofollow\"> en este enlace.<\/a><\/strong><\/p>\n<hr \/>\n<h4>4.-\u00a0Los viajes rompen barreras gracias a los avances de un turismo accesible<\/h4>\n<p><img loading=\"lazy\" decoding=\"async\" class=\"wp-image-18903 alignleft\" src=\"https:\/\/travindy.com\/wp-content\/uploads\/2017\/06\/accessibility-300x151.jpg\" alt=\"Las noticias mas le\u00eddas de 2017; turismo accesible y derechos humanos\" width=\"737\" height=\"370\" srcset=\"https:\/\/travindy.com\/news\/wp-content\/uploads\/2017\/06\/accessibility-300x151.jpg 300w, https:\/\/travindy.com\/news\/wp-content\/uploads\/2017\/06\/accessibility-768x386.jpg 768w, https:\/\/travindy.com\/news\/wp-content\/uploads\/2017\/06\/accessibility.jpg 896w\" sizes=\"(max-width: 737px) 100vw, 737px\" \/>Las personas con discapacidad viajan cada vez m\u00e1s, con una media de siete salidas al a\u00f1o, frente al promedio de ocho de los turistas sin dificultades. Y aunque a\u00fan queda mucho por hacer, lo cierto es que en los \u00faltimos a\u00f1os se han desarrollado diversas iniciativas para facilitar sus desplazamientos. As\u00ed lo reconoce <a href=\"https:\/\/www.hosteltur.com\/tag\/diego-j-gonzalez\">Diego J. Gonz\u00e1lez<\/a>, presidente de Red Espa\u00f1ola de Turismo Accesible (<a href=\"https:\/\/www.hosteltur.com\/tag\/red-estable\">Red Estable<\/a>), que explica que en los 30 a\u00f1os que lleva en el mundo del turismo accesible hemos pasado de un largo periodo en el que apenas hab\u00eda informaci\u00f3n a una gran afluencia en los \u00faltimos cinco o seis a\u00f1os.<\/p>\n<p><strong>Sigue leyendo esta noticia<a href=\"https:\/\/wp.me\/p5sMuf-4US\" target=\"_blank\" rel=\"noopener nofollow\"> en este enlace.<\/a><\/strong><\/p>\n<hr \/>\n<h4>5.- El Hotel de Banksy en Bel\u00e9n, es un ejemplo de c\u00f3mo el turismo puede ser pol\u00edtico<\/h4>\n<p><img loading=\"lazy\" decoding=\"async\" src=\"https:\/\/cdn.theconversation.com\/files\/162847\/width754\/image-20170328-21225-1jecw02.jpg\" alt=\"Image 20170328 21225 1jecw02\" width=\"754\" height=\"499\" \/><\/p>\n<p>T<span style=\"font-weight: 400;\">odos hemos sido alguna vez turistas, y por lo tanto creemos saber lo que es el turismo. En el mundo moderno, el turismo es visto como una industria importante, que proporciona empleo y crecimiento econ\u00f3mico. Al mismo tiempo, el turismo y los turistas son a veces menospreciados, vistos como torpes e ignorantes. Qued\u00f3 atr\u00e1s la \u00e9poca en la que el turismo era visto como una herramienta de la pol\u00edtica y un tema de an\u00e1lisis pol\u00edtico.<\/span><\/p>\n<p><strong>Sigue leyendo esta noticia<a href=\"https:\/\/wp.me\/p5sMuf-4Mn\" target=\"_blank\" rel=\"noopener nofollow\"> en este enlace.<\/a><\/strong><\/p>\n","protected":false},"excerpt":{"rendered":"<p>Las cinco noticias m\u00e1s le\u00eddas del 2017 sobre accesibilidad en el turismo y los derechos humanos en Travindy.es en un mismo art\u00edculo.<\/p>\n","protected":false},"author":137,"featured_media":21989,"comment_status":"open","ping_status":"open","sticky":false,"template":"","format":"standard","meta":{"footnotes":""},"categories":[534],"tags":[707,2382,1321],"yoast_head":"<!-- This site is optimized with the Yoast SEO plugin v21.4 - https:\/\/yoast.com\/wordpress\/plugins\/seo\/ -->\n<title>Las noticias mas le\u00eddas de 2017; turismo accesible y derechos humanos<\/title>\n<meta name=\"description\" content=\"Un repaso por las cinco noticias m\u00e1s le\u00eddas del 2017 sobre accesibilidad en el turismo y los derechos humanos en Travindy.es\" \/>\n<meta name=\"robots\" content=\"index, follow, max-snippet:-1, max-image-preview:large, max-video-preview:-1\" \/>\n<link rel=\"canonical\" href=\"https:\/\/travindy.com\/news\/2017\/12\/las-noticias-mas-leidas-de-2017-turismo-accesible-y-derechos-humanos\/\" \/>\n<meta property=\"og:locale\" content=\"en_US\" \/>\n<meta property=\"og:type\" content=\"article\" \/>\n<meta property=\"og:title\" content=\"Las noticias mas le\u00eddas de 2017; turismo accesible y derechos humanos\" \/>\n<meta property=\"og:description\" content=\"Un repaso por las cinco noticias m\u00e1s le\u00eddas del 2017 sobre accesibilidad en el turismo y los derechos humanos en Travindy.es\" \/>\n<meta property=\"og:url\" content=\"https:\/\/travindy.com\/news\/2017\/12\/las-noticias-mas-leidas-de-2017-turismo-accesible-y-derechos-humanos\/\" \/>\n<meta property=\"og:site_name\" content=\"Travindy\" \/>\n<meta property=\"article:publisher\" content=\"https:\/\/www.facebook.com\/travindy\" \/>\n<meta property=\"article:published_time\" content=\"2017-12-22T15:43:38+00:00\" \/>\n<meta property=\"article:modified_time\" content=\"2017-12-22T16:07:21+00:00\" \/>\n<meta property=\"og:image\" content=\"https:\/\/travindy.com\/news\/wp-content\/uploads\/2017\/11\/people-2574506_1920.jpg\" \/>\n\t<meta property=\"og:image:width\" content=\"999\" \/>\n\t<meta property=\"og:image:height\" content=\"569\" \/>\n\t<meta property=\"og:image:type\" content=\"image\/jpeg\" \/>\n<meta name=\"author\" content=\"Tamara Ramos\" \/>\n<meta name=\"twitter:card\" content=\"summary_large_image\" \/>\n<meta name=\"twitter:creator\" content=\"@Travindy\" \/>\n<meta name=\"twitter:site\" content=\"@Travindy\" \/>\n<meta name=\"twitter:label1\" content=\"Written by\" \/>\n\t<meta name=\"twitter:data1\" content=\"Tamara Ramos\" \/>\n\t<meta name=\"twitter:label2\" content=\"Est. reading time\" \/>\n\t<meta name=\"twitter:data2\" content=\"3 minutes\" \/>\n<script type=\"application\/ld+json\" class=\"yoast-schema-graph\">{\"@context\":\"https:\/\/schema.org\",\"@graph\":[{\"@type\":\"Article\",\"@id\":\"https:\/\/travindy.com\/news\/2017\/12\/las-noticias-mas-leidas-de-2017-turismo-accesible-y-derechos-humanos\/#article\",\"isPartOf\":{\"@id\":\"https:\/\/travindy.com\/news\/2017\/12\/las-noticias-mas-leidas-de-2017-turismo-accesible-y-derechos-humanos\/\"},\"author\":{\"name\":\"Tamara Ramos\",\"@id\":\"https:\/\/travindy.com\/news\/#\/schema\/person\/4eeeec23981f5c428ca16455dc1c23ee\"},\"headline\":\"Las noticias mas le\u00eddas de 2017; turismo accesible y derechos humanos\",\"datePublished\":\"2017-12-22T15:43:38+00:00\",\"dateModified\":\"2017-12-22T16:07:21+00:00\",\"mainEntityOfPage\":{\"@id\":\"https:\/\/travindy.com\/news\/2017\/12\/las-noticias-mas-leidas-de-2017-turismo-accesible-y-derechos-humanos\/\"},\"wordCount\":640,\"commentCount\":0,\"publisher\":{\"@id\":\"https:\/\/travindy.com\/news\/#organization\"},\"keywords\":[\"Derechos Humanos\",\"Las mejores noticias de 2017\",\"Turismo accesible\"],\"articleSection\":[\"News\"],\"inLanguage\":\"en-US\",\"potentialAction\":[{\"@type\":\"CommentAction\",\"name\":\"Comment\",\"target\":[\"https:\/\/travindy.com\/news\/2017\/12\/las-noticias-mas-leidas-de-2017-turismo-accesible-y-derechos-humanos\/#respond\"]}]},{\"@type\":\"WebPage\",\"@id\":\"https:\/\/travindy.com\/news\/2017\/12\/las-noticias-mas-leidas-de-2017-turismo-accesible-y-derechos-humanos\/\",\"url\":\"https:\/\/travindy.com\/news\/2017\/12\/las-noticias-mas-leidas-de-2017-turismo-accesible-y-derechos-humanos\/\",\"name\":\"Las noticias mas le\u00eddas de 2017; turismo accesible y derechos humanos\",\"isPartOf\":{\"@id\":\"https:\/\/travindy.com\/news\/#website\"},\"datePublished\":\"2017-12-22T15:43:38+00:00\",\"dateModified\":\"2017-12-22T16:07:21+00:00\",\"description\":\"Un repaso por las cinco noticias m\u00e1s le\u00eddas del 2017 sobre accesibilidad en el turismo y los derechos humanos en Travindy.es\",\"breadcrumb\":{\"@id\":\"https:\/\/travindy.com\/news\/2017\/12\/las-noticias-mas-leidas-de-2017-turismo-accesible-y-derechos-humanos\/#breadcrumb\"},\"inLanguage\":\"en-US\",\"potentialAction\":[{\"@type\":\"ReadAction\",\"target\":[\"https:\/\/travindy.com\/news\/2017\/12\/las-noticias-mas-leidas-de-2017-turismo-accesible-y-derechos-humanos\/\"]}]},{\"@type\":\"BreadcrumbList\",\"@id\":\"https:\/\/travindy.com\/news\/2017\/12\/las-noticias-mas-leidas-de-2017-turismo-accesible-y-derechos-humanos\/#breadcrumb\",\"itemListElement\":[{\"@type\":\"ListItem\",\"position\":1,\"name\":\"Home\",\"item\":\"https:\/\/travindy.com\/news\/\"},{\"@type\":\"ListItem\",\"position\":2,\"name\":\"Las noticias mas le\u00eddas de 2017; turismo accesible y derechos humanos\"}]},{\"@type\":\"WebSite\",\"@id\":\"https:\/\/travindy.com\/news\/#website\",\"url\":\"https:\/\/travindy.com\/news\/\",\"name\":\"Travindy\",\"description\":\"sustainable tourism consulting, news and resources\",\"publisher\":{\"@id\":\"https:\/\/travindy.com\/news\/#organization\"},\"potentialAction\":[{\"@type\":\"SearchAction\",\"target\":{\"@type\":\"EntryPoint\",\"urlTemplate\":\"https:\/\/travindy.com\/news\/?s={search_term_string}\"},\"query-input\":\"required name=search_term_string\"}],\"inLanguage\":\"en-US\"},{\"@type\":\"Organization\",\"@id\":\"https:\/\/travindy.com\/news\/#organization\",\"name\":\"Travindy\",\"url\":\"https:\/\/travindy.com\/news\/\",\"logo\":{\"@type\":\"ImageObject\",\"inLanguage\":\"en-US\",\"@id\":\"https:\/\/travindy.com\/news\/#\/schema\/logo\/image\/\",\"url\":\"https:\/\/travindy.com\/wp-content\/uploads\/2022\/08\/cropped-travindy-logo-square.png\",\"contentUrl\":\"https:\/\/travindy.com\/wp-content\/uploads\/2022\/08\/cropped-travindy-logo-square.png\",\"width\":512,\"height\":512,\"caption\":\"Travindy\"},\"image\":{\"@id\":\"https:\/\/travindy.com\/news\/#\/schema\/logo\/image\/\"},\"sameAs\":[\"https:\/\/www.facebook.com\/travindy\",\"https:\/\/twitter.com\/Travindy\"]},{\"@type\":\"Person\",\"@id\":\"https:\/\/travindy.com\/news\/#\/schema\/person\/4eeeec23981f5c428ca16455dc1c23ee\",\"name\":\"Tamara Ramos\",\"image\":{\"@type\":\"ImageObject\",\"inLanguage\":\"en-US\",\"@id\":\"https:\/\/travindy.com\/news\/#\/schema\/person\/image\/\",\"url\":\"https:\/\/secure.gravatar.com\/avatar\/f1f88e950fee47bb5924b8dc8f0b245d?s=96&d=mm&r=g\",\"contentUrl\":\"https:\/\/secure.gravatar.com\/avatar\/f1f88e950fee47bb5924b8dc8f0b245d?s=96&d=mm&r=g\",\"caption\":\"Tamara Ramos\"},\"description\":\"Coordinadora de Credibilidad de ISEAL Alliance y Trustee de Tourism Concern. Colabora con LATA Foundation en proyectos de desarrollo sostenible y comunitario en Latinoam\u00e9rica. Est\u00e1 terminando un Master en Gesti\u00f3n de Turismo Responsable en la universidad Leeds Beckett y es embajadora de Positive Impact.\",\"url\":\"https:\/\/travindy.com\/news\/author\/tramos\/\"}]}<\/script>\n<!-- \/ Yoast SEO plugin. -->","yoast_head_json":{"title":"Las noticias mas le\u00eddas de 2017; turismo accesible y derechos humanos","description":"Un repaso por las cinco noticias m\u00e1s le\u00eddas del 2017 sobre accesibilidad en el turismo y los derechos humanos en Travindy.es","robots":{"index":"index","follow":"follow","max-snippet":"max-snippet:-1","max-image-preview":"max-image-preview:large","max-video-preview":"max-video-preview:-1"},"canonical":"https:\/\/travindy.com\/news\/2017\/12\/las-noticias-mas-leidas-de-2017-turismo-accesible-y-derechos-humanos\/","og_locale":"en_US","og_type":"article","og_title":"Las noticias mas le\u00eddas de 2017; turismo accesible y derechos humanos","og_description":"Un repaso por las cinco noticias m\u00e1s le\u00eddas del 2017 sobre accesibilidad en el turismo y los derechos humanos en Travindy.es","og_url":"https:\/\/travindy.com\/news\/2017\/12\/las-noticias-mas-leidas-de-2017-turismo-accesible-y-derechos-humanos\/","og_site_name":"Travindy","article_publisher":"https:\/\/www.facebook.com\/travindy","article_published_time":"2017-12-22T15:43:38+00:00","article_modified_time":"2017-12-22T16:07:21+00:00","og_image":[{"width":999,"height":569,"url":"https:\/\/travindy.com\/news\/wp-content\/uploads\/2017\/11\/people-2574506_1920.jpg","type":"image\/jpeg"}],"author":"Tamara Ramos","twitter_card":"summary_large_image","twitter_creator":"@Travindy","twitter_site":"@Travindy","twitter_misc":{"Written by":"Tamara Ramos","Est. reading time":"3 minutes"},"schema":{"@context":"https:\/\/schema.org","@graph":[{"@type":"Article","@id":"https:\/\/travindy.com\/news\/2017\/12\/las-noticias-mas-leidas-de-2017-turismo-accesible-y-derechos-humanos\/#article","isPartOf":{"@id":"https:\/\/travindy.com\/news\/2017\/12\/las-noticias-mas-leidas-de-2017-turismo-accesible-y-derechos-humanos\/"},"author":{"name":"Tamara Ramos","@id":"https:\/\/travindy.com\/news\/#\/schema\/person\/4eeeec23981f5c428ca16455dc1c23ee"},"headline":"Las noticias mas le\u00eddas de 2017; turismo accesible y derechos humanos","datePublished":"2017-12-22T15:43:38+00:00","dateModified":"2017-12-22T16:07:21+00:00","mainEntityOfPage":{"@id":"https:\/\/travindy.com\/news\/2017\/12\/las-noticias-mas-leidas-de-2017-turismo-accesible-y-derechos-humanos\/"},"wordCount":640,"commentCount":0,"publisher":{"@id":"https:\/\/travindy.com\/news\/#organization"},"keywords":["Derechos Humanos","Las mejores noticias de 2017","Turismo accesible"],"articleSection":["News"],"inLanguage":"en-US","potentialAction":[{"@type":"CommentAction","name":"Comment","target":["https:\/\/travindy.com\/news\/2017\/12\/las-noticias-mas-leidas-de-2017-turismo-accesible-y-derechos-humanos\/#respond"]}]},{"@type":"WebPage","@id":"https:\/\/travindy.com\/news\/2017\/12\/las-noticias-mas-leidas-de-2017-turismo-accesible-y-derechos-humanos\/","url":"https:\/\/travindy.com\/news\/2017\/12\/las-noticias-mas-leidas-de-2017-turismo-accesible-y-derechos-humanos\/","name":"Las noticias mas le\u00eddas de 2017; turismo accesible y derechos humanos","isPartOf":{"@id":"https:\/\/travindy.com\/news\/#website"},"datePublished":"2017-12-22T15:43:38+00:00","dateModified":"2017-12-22T16:07:21+00:00","description":"Un repaso por las cinco noticias m\u00e1s le\u00eddas del 2017 sobre accesibilidad en el turismo y los derechos humanos en Travindy.es","breadcrumb":{"@id":"https:\/\/travindy.com\/news\/2017\/12\/las-noticias-mas-leidas-de-2017-turismo-accesible-y-derechos-humanos\/#breadcrumb"},"inLanguage":"en-US","potentialAction":[{"@type":"ReadAction","target":["https:\/\/travindy.com\/news\/2017\/12\/las-noticias-mas-leidas-de-2017-turismo-accesible-y-derechos-humanos\/"]}]},{"@type":"BreadcrumbList","@id":"https:\/\/travindy.com\/news\/2017\/12\/las-noticias-mas-leidas-de-2017-turismo-accesible-y-derechos-humanos\/#breadcrumb","itemListElement":[{"@type":"ListItem","position":1,"name":"Home","item":"https:\/\/travindy.com\/news\/"},{"@type":"ListItem","position":2,"name":"Las noticias mas le\u00eddas de 2017; turismo accesible y derechos humanos"}]},{"@type":"WebSite","@id":"https:\/\/travindy.com\/news\/#website","url":"https:\/\/travindy.com\/news\/","name":"Travindy","description":"sustainable tourism consulting, news and resources","publisher":{"@id":"https:\/\/travindy.com\/news\/#organization"},"potentialAction":[{"@type":"SearchAction","target":{"@type":"EntryPoint","urlTemplate":"https:\/\/travindy.com\/news\/?s={search_term_string}"},"query-input":"required name=search_term_string"}],"inLanguage":"en-US"},{"@type":"Organization","@id":"https:\/\/travindy.com\/news\/#organization","name":"Travindy","url":"https:\/\/travindy.com\/news\/","logo":{"@type":"ImageObject","inLanguage":"en-US","@id":"https:\/\/travindy.com\/news\/#\/schema\/logo\/image\/","url":"https:\/\/travindy.com\/wp-content\/uploads\/2022\/08\/cropped-travindy-logo-square.png","contentUrl":"https:\/\/travindy.com\/wp-content\/uploads\/2022\/08\/cropped-travindy-logo-square.png","width":512,"height":512,"caption":"Travindy"},"image":{"@id":"https:\/\/travindy.com\/news\/#\/schema\/logo\/image\/"},"sameAs":["https:\/\/www.facebook.com\/travindy","https:\/\/twitter.com\/Travindy"]},{"@type":"Person","@id":"https:\/\/travindy.com\/news\/#\/schema\/person\/4eeeec23981f5c428ca16455dc1c23ee","name":"Tamara Ramos","image":{"@type":"ImageObject","inLanguage":"en-US","@id":"https:\/\/travindy.com\/news\/#\/schema\/person\/image\/","url":"https:\/\/secure.gravatar.com\/avatar\/f1f88e950fee47bb5924b8dc8f0b245d?s=96&d=mm&r=g","contentUrl":"https:\/\/secure.gravatar.com\/avatar\/f1f88e950fee47bb5924b8dc8f0b245d?s=96&d=mm&r=g","caption":"Tamara Ramos"},"description":"Coordinadora de Credibilidad de ISEAL Alliance y Trustee de Tourism Concern. Colabora con LATA Foundation en proyectos de desarrollo sostenible y comunitario en Latinoam\u00e9rica. Est\u00e1 terminando un Master en Gesti\u00f3n de Turismo Responsable en la universidad Leeds Beckett y es embajadora de Positive Impact.","url":"https:\/\/travindy.com\/news\/author\/tramos\/"}]}},"_links":{"self":[{"href":"https:\/\/travindy.com\/news\/wp-json\/wp\/v2\/posts\/22911"}],"collection":[{"href":"https:\/\/travindy.com\/news\/wp-json\/wp\/v2\/posts"}],"about":[{"href":"https:\/\/travindy.com\/news\/wp-json\/wp\/v2\/types\/post"}],"author":[{"embeddable":true,"href":"https:\/\/travindy.com\/news\/wp-json\/wp\/v2\/users\/137"}],"replies":[{"embeddable":true,"href":"https:\/\/travindy.com\/news\/wp-json\/wp\/v2\/comments?post=22911"}],"version-history":[{"count":0,"href":"https:\/\/travindy.com\/news\/wp-json\/wp\/v2\/posts\/22911\/revisions"}],"wp:featuredmedia":[{"embeddable":true,"href":"https:\/\/travindy.com\/news\/wp-json\/wp\/v2\/media\/21989"}],"wp:attachment":[{"href":"https:\/\/travindy.com\/news\/wp-json\/wp\/v2\/media?parent=22911"}],"wp:term":[{"taxonomy":"category","embeddable":true,"href":"https:\/\/travindy.com\/news\/wp-json\/wp\/v2\/categories?post=22911"},{"taxonomy":"post_tag","embeddable":true,"href":"https:\/\/travindy.com\/news\/wp-json\/wp\/v2\/tags?post=22911"}],"curies":[{"name":"wp","href":"https:\/\/api.w.org\/{rel}","templated":true}]}}