{"id":22893,"date":"2017-12-22T17:37:46","date_gmt":"2017-12-22T16:37:46","guid":{"rendered":"https:\/\/travindy.com\/es\/?p=22893"},"modified":"2022-08-24T03:38:51","modified_gmt":"2022-08-24T02:38:51","slug":"las-entrevistas-mas-leidas-de-2017","status":"publish","type":"post","link":"https:\/\/travindy.com\/news\/2017\/12\/las-entrevistas-mas-leidas-de-2017\/","title":{"rendered":"Actores del turismo sostenible: nuestras entrevistas mas le\u00eddas de 2017"},"content":{"rendered":"<h4>1.- Turismo gastron\u00f3mico sostenible &#8211; Entrevista con el Dr. Antonio Montecinos<\/h4>\n<p>Dr. Antonio Montecinos,\u00a0Director del <a href=\"http:\/\/www.cegaho.com.mx\">Centro Empresarial Gastron\u00f3mico Hotelero Cegaho<\/a>,\u00a0es un reputable profesional mexicano especializado en planificaci\u00f3n de destinos y productos gastron\u00f3micos y tur\u00edsticos sostenibles. En su libro, <em>Turismo Gastron\u00f3mico Sostenible: Planificaci\u00f3n de servicios, restaurantes, rutas, productos y destinos, <\/em>propone un\u00a0<strong>modelo in\u00e9dito de planificaci\u00f3n gastron\u00f3mica y tur\u00edstica<\/strong>\u00a0para generar beneficios mediante la creaci\u00f3n de pol\u00edticas p\u00fablicas gastron\u00f3micas que consideren al turismo gastron\u00f3mico \u2014o gastroturismo\u2014 como un producto prioritario y una excelente herramienta para coayudar de manera respetuosa, \u00e9tica y pac\u00edfica al desarrollo social regional sostenible\u201d<\/p>\n<p><strong>Sigue leyendo esta entrevista<a href=\"https:\/\/wp.me\/p5sMuf-4ox\" target=\"_blank\" rel=\"noopener nofollow\">\u00a0en este enlace.<\/a><\/strong><\/p>\n<hr \/>\n<h4>2.- C\u00f3mo una empresa de bicicletas de Barcelona est\u00e1 transformando la sociedad, a golpe de pedal.<\/h4>\n<p><span style=\"font-weight: 400;\"><a href=\"http:\/\/www.biciclot.coop\" target=\"_blank\" rel=\"noopener\">Biciclot<\/a>\u00a0nace con el objetivo de promocionar el uso de la bicicleta como herramienta para mejorar la calidad de vida de las personas. Laura Basaga\u00f1a entrevista a su coordinador, Xavi Prat, para conocer qu\u00e9 acciones llevan a cabo y c\u00f3mo una empresa ligada tanto al turismo como a la poblaci\u00f3n local consigue cambiar vidas local y globalmente.<\/span><\/p>\n<p><strong>Sigue leyendo esta entrevista<a href=\"https:\/\/wp.me\/p5sMuf-52u\" target=\"_blank\" rel=\"noopener nofollow\">\u00a0en este enlace.<\/a><\/strong><\/p>\n<hr \/>\n<h4>\u00a03.- La igualdad de g\u00e9nero, un elemento crucial para lograr que el turismo sea m\u00e1s sostenible.<\/h4>\n<p><span style=\"font-weight: 400;\"><a href=\"http:\/\/equalityintourism.org\" target=\"_blank\" rel=\"noopener noreferrer\">Equality in Tourism<\/a> es una organizaci\u00f3n internacional sin \u00e1nimo de lucro, con sede en Reino Unido, especializada en promover la igualdad de g\u00e9nero en el turismo y alzar la voz sobre diferentes temas que afectan a mujeres en todo el mundo. En esta entrevista Angela Rodriguez habla con Daniela Moreno Alarc\u00f3n, su directora, sobre la importancia de conseguir una industria tur\u00edstica m\u00e1s igualitaria para reducir la pobreza, fomentar el desarrollo sostenible humano, mejorar la \u00e9tica del sector y atacar el turismo con fines sexuales.<\/span><\/p>\n<p><strong>Sigue leyendo esta entrevista<a href=\"https:\/\/wp.me\/p5sMuf-4MA\" target=\"_blank\" rel=\"noopener nofollow\">\u00a0en este enlace.<\/a><\/strong><\/p>\n<hr \/>\n<h4>\u00a04.- &#8220;H\u00e1gase su casa ecol\u00f3gica y no muera en el intento&#8221;. Entrevista con Ferr\u00e1n y Mireia de O Chardinet d\u00b4a Formiga.<\/h4>\n<p><span style=\"font-weight: 400;\">En el municipio de Charo encontramos la casa rural ecol\u00f3gica <a href=\"http:\/\/ochardinet.com\" target=\"_blank\" rel=\"noopener\">O Chardinet d\u2019a Formiga<\/a>, un refugio de paz entre valles en pleno Pirineo de Huesca. Es aqu\u00ed donde se encuentra un concepto de alojamiento ecol\u00f3gico en el que desde hace 11 a\u00f1os Mireia Cabrero y Ferr\u00e1n Guardia hicieron realidad su proyecto de vida: escapar del consumo desaforado de las grandes ciudades y tener un contacto m\u00e1s directo con la naturaleza. <\/span><\/p>\n<p><strong>Sigue leyendo esta entrevista<a href=\"https:\/\/wp.me\/p5sMuf-58d\" target=\"_blank\" rel=\"noopener nofollow\"> en este enlace.<\/a><\/strong><\/p>\n<hr \/>\n<h4>\u00a05.- Itinerantur, embajadores del territorio y &#8216;Traductores de Paisajes&#8217; de Castell\u00f3n<\/h4>\n<p>Entrevistamos a Bel\u00e9n Salvador una de las creadoras de <a href=\"http:\/\/www.itinerantur.com\" target=\"_blank\" rel=\"noopener\">Itinerantur<\/a>, una empresa de rutas, cultura y naturaleza con sede en Castell\u00f3n (Valencia). En Itinerantur se identifican como &#8216;traductores del paisaje&#8217; ya que mediante\u00a0el senderismo interpretativo hacen que el visitante descubra la cultura y la naturaleza de la zona de una forma diferente, divertida y como no, responsable.<\/p>\n<p><strong>Sigue leyendo esta entrevista en <a href=\"https:\/\/wp.me\/p5sMuf-4uN\" target=\"_blank\" rel=\"noopener nofollow\">este enlace<\/a><\/strong><\/p>\n","protected":false},"excerpt":{"rendered":"<p>Nos encanta entrevistar a actores del turismo sostenible de todo el mundo, y aqu\u00ed tienes nuestras cinco entrevistas m\u00e1s le\u00eddas del 2017<\/p>\n","protected":false},"author":137,"featured_media":19381,"comment_status":"open","ping_status":"open","sticky":false,"template":"","format":"standard","meta":{"footnotes":""},"categories":[534],"tags":[1760,2382],"yoast_head":"<!-- This site is optimized with the Yoast SEO plugin v21.4 - https:\/\/yoast.com\/wordpress\/plugins\/seo\/ -->\n<title>Actores del turismo sostenible: nuestras entrevistas mas le\u00eddas de 2017<\/title>\n<meta name=\"description\" content=\"Nos encanta entrevistar a actores del turismo sostenible de todo el mundo, y aqu\u00ed tienes nuestras cinco entrevistas m\u00e1s le\u00eddas del 2017\" \/>\n<meta name=\"robots\" content=\"index, follow, max-snippet:-1, max-image-preview:large, max-video-preview:-1\" \/>\n<link rel=\"canonical\" href=\"https:\/\/travindy.com\/news\/2017\/12\/las-entrevistas-mas-leidas-de-2017\/\" \/>\n<meta property=\"og:locale\" content=\"en_US\" \/>\n<meta property=\"og:type\" content=\"article\" \/>\n<meta property=\"og:title\" content=\"Actores del turismo sostenible: nuestras entrevistas mas le\u00eddas de 2017\" \/>\n<meta property=\"og:description\" content=\"Nos encanta entrevistar a actores del turismo sostenible de todo el mundo, y aqu\u00ed tienes nuestras cinco entrevistas m\u00e1s le\u00eddas del 2017\" \/>\n<meta property=\"og:url\" content=\"https:\/\/travindy.com\/news\/2017\/12\/las-entrevistas-mas-leidas-de-2017\/\" \/>\n<meta property=\"og:site_name\" content=\"Travindy\" \/>\n<meta property=\"article:publisher\" content=\"https:\/\/www.facebook.com\/travindy\" \/>\n<meta property=\"article:published_time\" content=\"2017-12-22T16:37:46+00:00\" \/>\n<meta property=\"article:modified_time\" content=\"2022-08-24T02:38:51+00:00\" \/>\n<meta property=\"og:image\" content=\"https:\/\/travindy.com\/news\/wp-content\/uploads\/2017\/07\/Biciclot-7-e1499528886153.jpg\" \/>\n\t<meta property=\"og:image:width\" content=\"849\" \/>\n\t<meta property=\"og:image:height\" content=\"489\" \/>\n\t<meta property=\"og:image:type\" content=\"image\/jpeg\" \/>\n<meta name=\"author\" content=\"Tamara Ramos\" \/>\n<meta name=\"twitter:card\" content=\"summary_large_image\" \/>\n<meta name=\"twitter:creator\" content=\"@Travindy\" \/>\n<meta name=\"twitter:site\" content=\"@Travindy\" \/>\n<meta name=\"twitter:label1\" content=\"Written by\" \/>\n\t<meta name=\"twitter:data1\" content=\"Tamara Ramos\" \/>\n\t<meta name=\"twitter:label2\" content=\"Est. reading time\" \/>\n\t<meta name=\"twitter:data2\" content=\"3 minutes\" \/>\n<script type=\"application\/ld+json\" class=\"yoast-schema-graph\">{\"@context\":\"https:\/\/schema.org\",\"@graph\":[{\"@type\":\"Article\",\"@id\":\"https:\/\/travindy.com\/news\/2017\/12\/las-entrevistas-mas-leidas-de-2017\/#article\",\"isPartOf\":{\"@id\":\"https:\/\/travindy.com\/news\/2017\/12\/las-entrevistas-mas-leidas-de-2017\/\"},\"author\":{\"name\":\"Tamara Ramos\",\"@id\":\"https:\/\/travindy.com\/news\/#\/schema\/person\/4eeeec23981f5c428ca16455dc1c23ee\"},\"headline\":\"Actores del turismo sostenible: nuestras entrevistas mas le\u00eddas de 2017\",\"datePublished\":\"2017-12-22T16:37:46+00:00\",\"dateModified\":\"2022-08-24T02:38:51+00:00\",\"mainEntityOfPage\":{\"@id\":\"https:\/\/travindy.com\/news\/2017\/12\/las-entrevistas-mas-leidas-de-2017\/\"},\"wordCount\":516,\"commentCount\":0,\"publisher\":{\"@id\":\"https:\/\/travindy.com\/news\/#organization\"},\"keywords\":[\"entrevistas\",\"Las mejores noticias de 2017\"],\"articleSection\":[\"News\"],\"inLanguage\":\"en-US\",\"potentialAction\":[{\"@type\":\"CommentAction\",\"name\":\"Comment\",\"target\":[\"https:\/\/travindy.com\/news\/2017\/12\/las-entrevistas-mas-leidas-de-2017\/#respond\"]}]},{\"@type\":\"WebPage\",\"@id\":\"https:\/\/travindy.com\/news\/2017\/12\/las-entrevistas-mas-leidas-de-2017\/\",\"url\":\"https:\/\/travindy.com\/news\/2017\/12\/las-entrevistas-mas-leidas-de-2017\/\",\"name\":\"Actores del turismo sostenible: nuestras entrevistas mas le\u00eddas de 2017\",\"isPartOf\":{\"@id\":\"https:\/\/travindy.com\/news\/#website\"},\"datePublished\":\"2017-12-22T16:37:46+00:00\",\"dateModified\":\"2022-08-24T02:38:51+00:00\",\"description\":\"Nos encanta entrevistar a actores del turismo sostenible de todo el mundo, y aqu\u00ed tienes nuestras cinco entrevistas m\u00e1s le\u00eddas del 2017\",\"breadcrumb\":{\"@id\":\"https:\/\/travindy.com\/news\/2017\/12\/las-entrevistas-mas-leidas-de-2017\/#breadcrumb\"},\"inLanguage\":\"en-US\",\"potentialAction\":[{\"@type\":\"ReadAction\",\"target\":[\"https:\/\/travindy.com\/news\/2017\/12\/las-entrevistas-mas-leidas-de-2017\/\"]}]},{\"@type\":\"BreadcrumbList\",\"@id\":\"https:\/\/travindy.com\/news\/2017\/12\/las-entrevistas-mas-leidas-de-2017\/#breadcrumb\",\"itemListElement\":[{\"@type\":\"ListItem\",\"position\":1,\"name\":\"Home\",\"item\":\"https:\/\/travindy.com\/news\/\"},{\"@type\":\"ListItem\",\"position\":2,\"name\":\"Actores del turismo sostenible: nuestras entrevistas mas le\u00eddas de 2017\"}]},{\"@type\":\"WebSite\",\"@id\":\"https:\/\/travindy.com\/news\/#website\",\"url\":\"https:\/\/travindy.com\/news\/\",\"name\":\"Travindy\",\"description\":\"sustainable tourism consulting, news and resources\",\"publisher\":{\"@id\":\"https:\/\/travindy.com\/news\/#organization\"},\"potentialAction\":[{\"@type\":\"SearchAction\",\"target\":{\"@type\":\"EntryPoint\",\"urlTemplate\":\"https:\/\/travindy.com\/news\/?s={search_term_string}\"},\"query-input\":\"required name=search_term_string\"}],\"inLanguage\":\"en-US\"},{\"@type\":\"Organization\",\"@id\":\"https:\/\/travindy.com\/news\/#organization\",\"name\":\"Travindy\",\"url\":\"https:\/\/travindy.com\/news\/\",\"logo\":{\"@type\":\"ImageObject\",\"inLanguage\":\"en-US\",\"@id\":\"https:\/\/travindy.com\/news\/#\/schema\/logo\/image\/\",\"url\":\"https:\/\/travindy.com\/wp-content\/uploads\/2022\/08\/cropped-travindy-logo-square.png\",\"contentUrl\":\"https:\/\/travindy.com\/wp-content\/uploads\/2022\/08\/cropped-travindy-logo-square.png\",\"width\":512,\"height\":512,\"caption\":\"Travindy\"},\"image\":{\"@id\":\"https:\/\/travindy.com\/news\/#\/schema\/logo\/image\/\"},\"sameAs\":[\"https:\/\/www.facebook.com\/travindy\",\"https:\/\/twitter.com\/Travindy\"]},{\"@type\":\"Person\",\"@id\":\"https:\/\/travindy.com\/news\/#\/schema\/person\/4eeeec23981f5c428ca16455dc1c23ee\",\"name\":\"Tamara Ramos\",\"image\":{\"@type\":\"ImageObject\",\"inLanguage\":\"en-US\",\"@id\":\"https:\/\/travindy.com\/news\/#\/schema\/person\/image\/\",\"url\":\"https:\/\/secure.gravatar.com\/avatar\/f1f88e950fee47bb5924b8dc8f0b245d?s=96&d=mm&r=g\",\"contentUrl\":\"https:\/\/secure.gravatar.com\/avatar\/f1f88e950fee47bb5924b8dc8f0b245d?s=96&d=mm&r=g\",\"caption\":\"Tamara Ramos\"},\"description\":\"Coordinadora de Credibilidad de ISEAL Alliance y Trustee de Tourism Concern. Colabora con LATA Foundation en proyectos de desarrollo sostenible y comunitario en Latinoam\u00e9rica. Est\u00e1 terminando un Master en Gesti\u00f3n de Turismo Responsable en la universidad Leeds Beckett y es embajadora de Positive Impact.\",\"url\":\"https:\/\/travindy.com\/news\/author\/tramos\/\"}]}<\/script>\n<!-- \/ Yoast SEO plugin. -->","yoast_head_json":{"title":"Actores del turismo sostenible: nuestras entrevistas mas le\u00eddas de 2017","description":"Nos encanta entrevistar a actores del turismo sostenible de todo el mundo, y aqu\u00ed tienes nuestras cinco entrevistas m\u00e1s le\u00eddas del 2017","robots":{"index":"index","follow":"follow","max-snippet":"max-snippet:-1","max-image-preview":"max-image-preview:large","max-video-preview":"max-video-preview:-1"},"canonical":"https:\/\/travindy.com\/news\/2017\/12\/las-entrevistas-mas-leidas-de-2017\/","og_locale":"en_US","og_type":"article","og_title":"Actores del turismo sostenible: nuestras entrevistas mas le\u00eddas de 2017","og_description":"Nos encanta entrevistar a actores del turismo sostenible de todo el mundo, y aqu\u00ed tienes nuestras cinco entrevistas m\u00e1s le\u00eddas del 2017","og_url":"https:\/\/travindy.com\/news\/2017\/12\/las-entrevistas-mas-leidas-de-2017\/","og_site_name":"Travindy","article_publisher":"https:\/\/www.facebook.com\/travindy","article_published_time":"2017-12-22T16:37:46+00:00","article_modified_time":"2022-08-24T02:38:51+00:00","og_image":[{"width":849,"height":489,"url":"https:\/\/travindy.com\/news\/wp-content\/uploads\/2017\/07\/Biciclot-7-e1499528886153.jpg","type":"image\/jpeg"}],"author":"Tamara Ramos","twitter_card":"summary_large_image","twitter_creator":"@Travindy","twitter_site":"@Travindy","twitter_misc":{"Written by":"Tamara Ramos","Est. reading time":"3 minutes"},"schema":{"@context":"https:\/\/schema.org","@graph":[{"@type":"Article","@id":"https:\/\/travindy.com\/news\/2017\/12\/las-entrevistas-mas-leidas-de-2017\/#article","isPartOf":{"@id":"https:\/\/travindy.com\/news\/2017\/12\/las-entrevistas-mas-leidas-de-2017\/"},"author":{"name":"Tamara Ramos","@id":"https:\/\/travindy.com\/news\/#\/schema\/person\/4eeeec23981f5c428ca16455dc1c23ee"},"headline":"Actores del turismo sostenible: nuestras entrevistas mas le\u00eddas de 2017","datePublished":"2017-12-22T16:37:46+00:00","dateModified":"2022-08-24T02:38:51+00:00","mainEntityOfPage":{"@id":"https:\/\/travindy.com\/news\/2017\/12\/las-entrevistas-mas-leidas-de-2017\/"},"wordCount":516,"commentCount":0,"publisher":{"@id":"https:\/\/travindy.com\/news\/#organization"},"keywords":["entrevistas","Las mejores noticias de 2017"],"articleSection":["News"],"inLanguage":"en-US","potentialAction":[{"@type":"CommentAction","name":"Comment","target":["https:\/\/travindy.com\/news\/2017\/12\/las-entrevistas-mas-leidas-de-2017\/#respond"]}]},{"@type":"WebPage","@id":"https:\/\/travindy.com\/news\/2017\/12\/las-entrevistas-mas-leidas-de-2017\/","url":"https:\/\/travindy.com\/news\/2017\/12\/las-entrevistas-mas-leidas-de-2017\/","name":"Actores del turismo sostenible: nuestras entrevistas mas le\u00eddas de 2017","isPartOf":{"@id":"https:\/\/travindy.com\/news\/#website"},"datePublished":"2017-12-22T16:37:46+00:00","dateModified":"2022-08-24T02:38:51+00:00","description":"Nos encanta entrevistar a actores del turismo sostenible de todo el mundo, y aqu\u00ed tienes nuestras cinco entrevistas m\u00e1s le\u00eddas del 2017","breadcrumb":{"@id":"https:\/\/travindy.com\/news\/2017\/12\/las-entrevistas-mas-leidas-de-2017\/#breadcrumb"},"inLanguage":"en-US","potentialAction":[{"@type":"ReadAction","target":["https:\/\/travindy.com\/news\/2017\/12\/las-entrevistas-mas-leidas-de-2017\/"]}]},{"@type":"BreadcrumbList","@id":"https:\/\/travindy.com\/news\/2017\/12\/las-entrevistas-mas-leidas-de-2017\/#breadcrumb","itemListElement":[{"@type":"ListItem","position":1,"name":"Home","item":"https:\/\/travindy.com\/news\/"},{"@type":"ListItem","position":2,"name":"Actores del turismo sostenible: nuestras entrevistas mas le\u00eddas de 2017"}]},{"@type":"WebSite","@id":"https:\/\/travindy.com\/news\/#website","url":"https:\/\/travindy.com\/news\/","name":"Travindy","description":"sustainable tourism consulting, news and resources","publisher":{"@id":"https:\/\/travindy.com\/news\/#organization"},"potentialAction":[{"@type":"SearchAction","target":{"@type":"EntryPoint","urlTemplate":"https:\/\/travindy.com\/news\/?s={search_term_string}"},"query-input":"required name=search_term_string"}],"inLanguage":"en-US"},{"@type":"Organization","@id":"https:\/\/travindy.com\/news\/#organization","name":"Travindy","url":"https:\/\/travindy.com\/news\/","logo":{"@type":"ImageObject","inLanguage":"en-US","@id":"https:\/\/travindy.com\/news\/#\/schema\/logo\/image\/","url":"https:\/\/travindy.com\/wp-content\/uploads\/2022\/08\/cropped-travindy-logo-square.png","contentUrl":"https:\/\/travindy.com\/wp-content\/uploads\/2022\/08\/cropped-travindy-logo-square.png","width":512,"height":512,"caption":"Travindy"},"image":{"@id":"https:\/\/travindy.com\/news\/#\/schema\/logo\/image\/"},"sameAs":["https:\/\/www.facebook.com\/travindy","https:\/\/twitter.com\/Travindy"]},{"@type":"Person","@id":"https:\/\/travindy.com\/news\/#\/schema\/person\/4eeeec23981f5c428ca16455dc1c23ee","name":"Tamara Ramos","image":{"@type":"ImageObject","inLanguage":"en-US","@id":"https:\/\/travindy.com\/news\/#\/schema\/person\/image\/","url":"https:\/\/secure.gravatar.com\/avatar\/f1f88e950fee47bb5924b8dc8f0b245d?s=96&d=mm&r=g","contentUrl":"https:\/\/secure.gravatar.com\/avatar\/f1f88e950fee47bb5924b8dc8f0b245d?s=96&d=mm&r=g","caption":"Tamara Ramos"},"description":"Coordinadora de Credibilidad de ISEAL Alliance y Trustee de Tourism Concern. Colabora con LATA Foundation en proyectos de desarrollo sostenible y comunitario en Latinoam\u00e9rica. Est\u00e1 terminando un Master en Gesti\u00f3n de Turismo Responsable en la universidad Leeds Beckett y es embajadora de Positive Impact.","url":"https:\/\/travindy.com\/news\/author\/tramos\/"}]}},"_links":{"self":[{"href":"https:\/\/travindy.com\/news\/wp-json\/wp\/v2\/posts\/22893"}],"collection":[{"href":"https:\/\/travindy.com\/news\/wp-json\/wp\/v2\/posts"}],"about":[{"href":"https:\/\/travindy.com\/news\/wp-json\/wp\/v2\/types\/post"}],"author":[{"embeddable":true,"href":"https:\/\/travindy.com\/news\/wp-json\/wp\/v2\/users\/137"}],"replies":[{"embeddable":true,"href":"https:\/\/travindy.com\/news\/wp-json\/wp\/v2\/comments?post=22893"}],"version-history":[{"count":1,"href":"https:\/\/travindy.com\/news\/wp-json\/wp\/v2\/posts\/22893\/revisions"}],"predecessor-version":[{"id":53341,"href":"https:\/\/travindy.com\/news\/wp-json\/wp\/v2\/posts\/22893\/revisions\/53341"}],"wp:featuredmedia":[{"embeddable":true,"href":"https:\/\/travindy.com\/news\/wp-json\/wp\/v2\/media\/19381"}],"wp:attachment":[{"href":"https:\/\/travindy.com\/news\/wp-json\/wp\/v2\/media?parent=22893"}],"wp:term":[{"taxonomy":"category","embeddable":true,"href":"https:\/\/travindy.com\/news\/wp-json\/wp\/v2\/categories?post=22893"},{"taxonomy":"post_tag","embeddable":true,"href":"https:\/\/travindy.com\/news\/wp-json\/wp\/v2\/tags?post=22893"}],"curies":[{"name":"wp","href":"https:\/\/api.w.org\/{rel}","templated":true}]}}