{"id":22718,"date":"2017-12-22T17:14:03","date_gmt":"2017-12-22T16:14:03","guid":{"rendered":"https:\/\/travindy.com\/es\/?p=22718"},"modified":"2017-12-22T17:14:03","modified_gmt":"2017-12-22T16:14:03","slug":"las-noticias-mas-leidas-del-2017-en-travindy-es-turismo-cambio-climatico","status":"publish","type":"post","link":"https:\/\/travindy.com\/news\/2017\/12\/las-noticias-mas-leidas-del-2017-en-travindy-es-turismo-cambio-climatico\/","title":{"rendered":"Las noticias m\u00e1s le\u00eddas del 2017; turismo &#038; cambio clim\u00e1tico"},"content":{"rendered":"<h4>1.- Seamos parte de la soluci\u00f3n, no del problema. Hablemos de cambio clim\u00e1tico<\/h4>\n<p><img fetchpriority=\"high\" decoding=\"async\" class=\"aligncenter size-full wp-image-17267\" src=\"https:\/\/travindy.com\/wp-content\/uploads\/2017\/03\/global-warming-2034896_640.jpg\" alt=\"Las noticias m\u00e1s le\u00eddas del 2017; turismo &amp; cambio clim\u00e1tico\" width=\"640\" height=\"360\" srcset=\"https:\/\/travindy.com\/news\/wp-content\/uploads\/2017\/03\/global-warming-2034896_640.jpg 640w, https:\/\/travindy.com\/news\/wp-content\/uploads\/2017\/03\/global-warming-2034896_640-300x169.jpg 300w\" sizes=\"(max-width: 640px) 100vw, 640px\" \/><\/p>\n<p>El cambio clim\u00e1tico es un tema demasiado importante como para ser rezagado en el olvido como uno de los \u00faltimos problemas a los que se enfrenta\u00a0el turismo. En una de las ponencias de la feria ITB en Berlin la climat\u00f3loga Lucka Kajfez Bogatajaj de la Universidad de Liubliana y ex vicepresidenta del IPCC, expuso este tema de forma clara y sencilla: \u201cLos seres humanos est\u00e1n cambiando el clima, 2016 fue el a\u00f1o m\u00e1s c\u00e1lido jam\u00e1s registrado, pero el a\u00f1o anterior tambi\u00e9n fue el a\u00f1o m\u00e1s c\u00e1lido\u00a0\u00bfseguiremos batiendo r\u00e9cords en el 2017 sin tomar acciones reales y concretas?\u201d<\/p>\n<p><strong>Sigue leyendo esta noticia<a href=\"https:\/\/wp.me\/p5sMuf-4ut\" target=\"_blank\" rel=\"noopener nofollow\"> en este enlace.<\/a><\/strong><\/p>\n<hr \/>\n<h4>2.- \u00bfSe puede convertir el turismo en un sector carbono neutral? Lecciones desde Sian Kaan<\/h4>\n<p><iframe title=\"Community Tours Sian Kaan\" width=\"696\" height=\"392\" src=\"https:\/\/www.youtube.com\/embed\/01AAhg-DEho?feature=oembed\" frameborder=\"0\" allow=\"accelerometer; autoplay; clipboard-write; encrypted-media; gyroscope; picture-in-picture; web-share\" allowfullscreen><\/iframe><\/p>\n<p>Community Tours Sian Kaan es una empresa comunitaria ubicada dentro de la Reserva de la Biosfera del mismo nombre, en Quintana Roo (M\u00e9xico). Hablamos de un \u00e1rea de extraordinaria belleza natural con un patrimonio inmaterial \u00fanico: la ancestral cultura maya.<\/p>\n<p>Estos dos factores unidos, y un duro trabajo comenzado hace 14 a\u00f1os, han hecho que <a href=\"http:\/\/siankaantours.org\/home\" target=\"_blank\" rel=\"noopener\">Community Tours<\/a> sea hoy una empresa ejemplar en la Riviera Maya; habiendo recibido varios premios tanto nacionales como internacionales por su originalidad en materia de diversificaci\u00f3n tur\u00edstica en el destino m\u00e1s frecuentado de Latinoam\u00e9rica.<\/p>\n<p><strong>Sigue leyendo esta noticia<a href=\"https:\/\/wp.me\/p5sMuf-5dU\" target=\"_blank\" rel=\"noopener nofollow\"> en este enlace.<\/a><\/strong><\/p>\n<hr \/>\n<h4>\u00a03.- \u00bfPodemos ir m\u00e1s all\u00e1 de la sostenibilidad? Si, con el turismo regenerativo<\/h4>\n<figure id=\"attachment_17189\" aria-describedby=\"caption-attachment-17189\" style=\"width: 1000px\" class=\"wp-caption aligncenter\"><img decoding=\"async\" class=\"size-full wp-image-17189\" src=\"https:\/\/travindy.com\/wp-content\/uploads\/2017\/03\/Laguna-Milagros.jpg\" alt=\"Las noticias m\u00e1s le\u00eddas del 2017; turismo &amp; cambio clim\u00e1tico\" width=\"1000\" height=\"666\" srcset=\"https:\/\/travindy.com\/news\/wp-content\/uploads\/2017\/03\/Laguna-Milagros.jpg 1000w, https:\/\/travindy.com\/news\/wp-content\/uploads\/2017\/03\/Laguna-Milagros-300x200.jpg 300w, https:\/\/travindy.com\/news\/wp-content\/uploads\/2017\/03\/Laguna-Milagros-768x511.jpg 768w\" sizes=\"(max-width: 1000px) 100vw, 1000px\" \/><figcaption id=\"caption-attachment-17189\" class=\"wp-caption-text\">Cr\u00e9dito: Travindy<\/figcaption><\/figure>\n<p>El\u00a0<strong>desarrollo regenerativo <\/strong>podr\u00eda ser la respuesta a este desaf\u00edo crucial.\u00a0 Ya se conceptualiz\u00f3 desde hace varias d\u00e9cadas pero casi no hablamos de ello. Este concepto nace de una constataci\u00f3n que Herbert Girardet, cofundador del World Future Council explica de una manera muy sencilla: <strong><em>\u201cHay que empezar a pensar qu\u00e9 podemos hacer no para sostener el planeta, sino para regenerarlo\u201d<\/em><\/strong>.<\/p>\n<p><strong>Sigue leyendo esta noticia<a href=\"https:\/\/wp.me\/p5sMuf-5ob\" target=\"_blank\" rel=\"noopener nofollow\"> en este enlace.<\/a><\/strong><\/p>\n<hr \/>\n<h4>La OMT apuesta por eliminar la huella de carbono que crea el turismo<\/h4>\n<p><img decoding=\"async\" class=\"alignnone  wp-image-19250\" src=\"https:\/\/travindy.com\/wp-content\/uploads\/2017\/06\/huella-300x155.jpg\" alt=\"Las noticias m\u00e1s le\u00eddas del 2017; turismo &amp; cambio clim\u00e1tico\" width=\"739\" height=\"382\" srcset=\"https:\/\/travindy.com\/news\/wp-content\/uploads\/2017\/06\/huella-300x155.jpg 300w, https:\/\/travindy.com\/news\/wp-content\/uploads\/2017\/06\/huella.jpg 715w\" sizes=\"(max-width: 739px) 100vw, 739px\" \/><\/p>\n<p>El turismo aporta el 5 % de la huella de carbono del mundo. De esto, el 3,2% proviene del sector del transporte y el resto de la industria hotelera\u201d, dijo Taleb Rifai, secretario general de la Organizaci\u00f3n Mundial del Turismo (OMT), durante la conferencia \u201cTurismo y energ\u00eda del futuro: oportunidades de crecimiento con bajas emisiones de carbono\u201d que se celebra en la capital kazaja.<\/p>\n<p><strong>Sigue leyendo esta noticia<a href=\"https:\/\/wp.me\/p5sMuf-50t\" target=\"_blank\" rel=\"noopener nofollow\"> en este enlace.<\/a><\/strong><\/p>\n<hr \/>\n<h4>El cambio clim\u00e1tico y el fuego. El sufrimiento de nuestros bosques.<\/h4>\n<p><img loading=\"lazy\" decoding=\"async\" class=\"alignnone  wp-image-19352\" src=\"https:\/\/travindy.com\/wp-content\/uploads\/2017\/07\/fire-fighter-2268732_640-300x168.jpg\" alt=\"Las noticias m\u00e1s le\u00eddas del 2017; turismo &amp; cambio clim\u00e1tico\" width=\"720\" height=\"403\" srcset=\"https:\/\/travindy.com\/news\/wp-content\/uploads\/2017\/07\/fire-fighter-2268732_640-300x168.jpg 300w, https:\/\/travindy.com\/news\/wp-content\/uploads\/2017\/07\/fire-fighter-2268732_640.jpg 640w\" sizes=\"(max-width: 720px) 100vw, 720px\" \/><\/p>\n<p>A\u00a0trav\u00e9s de su programa a A Vivir, Javier del Pino entrevista a Marc Castellnou, responsable contra incendios de la Generalitat de Catalu\u00f1a. Castellnou habla de una \u201csexta generaci\u00f3n\u201d de incendios comenzada en el 2016 y caracterizada en gran parte por el impacto del cambio clim\u00e1tico en nuestros bosques.<\/p>\n<p><strong>Sigue leyendo esta noticia<a href=\"https:\/\/wp.me\/p5sMuf-527\" target=\"_blank\" rel=\"noopener nofollow\"> en este enlace.<\/a><\/strong><\/p>\n","protected":false},"excerpt":{"rendered":"<p>Hablamos del binomio cambio clim\u00e1tico y turismo con las cinco noticias m\u00e1s le\u00eddas sobre este tema en Travindy.es durante el 2017<\/p>\n","protected":false},"author":137,"featured_media":17267,"comment_status":"open","ping_status":"open","sticky":false,"template":"","format":"standard","meta":{"footnotes":""},"categories":[534],"tags":[696,2382],"yoast_head":"<!-- This site is optimized with the Yoast SEO plugin v21.4 - https:\/\/yoast.com\/wordpress\/plugins\/seo\/ -->\n<title>Las noticias m\u00e1s le\u00eddas del 2017; turismo &amp; cambio clim\u00e1tico<\/title>\n<meta name=\"description\" content=\"Hablamos del binomio cambio clim\u00e1tico y turismo con las cinco noticias m\u00e1s le\u00eddas sobre este tema en Travindy.es durante el 2017\" \/>\n<meta name=\"robots\" content=\"index, follow, max-snippet:-1, max-image-preview:large, max-video-preview:-1\" \/>\n<link rel=\"canonical\" href=\"https:\/\/travindy.com\/news\/2017\/12\/las-noticias-mas-leidas-del-2017-en-travindy-es-turismo-cambio-climatico\/\" \/>\n<meta property=\"og:locale\" content=\"en_US\" \/>\n<meta property=\"og:type\" content=\"article\" \/>\n<meta property=\"og:title\" content=\"Las noticias m\u00e1s le\u00eddas del 2017; turismo &amp; cambio clim\u00e1tico\" \/>\n<meta property=\"og:description\" content=\"Hablamos del binomio cambio clim\u00e1tico y turismo con las cinco noticias m\u00e1s le\u00eddas sobre este tema en Travindy.es durante el 2017\" \/>\n<meta property=\"og:url\" content=\"https:\/\/travindy.com\/news\/2017\/12\/las-noticias-mas-leidas-del-2017-en-travindy-es-turismo-cambio-climatico\/\" \/>\n<meta property=\"og:site_name\" content=\"Travindy\" \/>\n<meta property=\"article:publisher\" content=\"https:\/\/www.facebook.com\/travindy\" \/>\n<meta property=\"article:published_time\" content=\"2017-12-22T16:14:03+00:00\" \/>\n<meta property=\"og:image\" content=\"https:\/\/travindy.com\/news\/wp-content\/uploads\/2017\/03\/global-warming-2034896_640.jpg\" \/>\n\t<meta property=\"og:image:width\" content=\"640\" \/>\n\t<meta property=\"og:image:height\" content=\"360\" \/>\n\t<meta property=\"og:image:type\" content=\"image\/jpeg\" \/>\n<meta name=\"author\" content=\"Tamara Ramos\" \/>\n<meta name=\"twitter:card\" content=\"summary_large_image\" \/>\n<meta name=\"twitter:creator\" content=\"@Travindy\" \/>\n<meta name=\"twitter:site\" content=\"@Travindy\" \/>\n<meta name=\"twitter:label1\" content=\"Written by\" \/>\n\t<meta name=\"twitter:data1\" content=\"Tamara Ramos\" \/>\n\t<meta name=\"twitter:label2\" content=\"Est. reading time\" \/>\n\t<meta name=\"twitter:data2\" content=\"3 minutes\" \/>\n<script type=\"application\/ld+json\" class=\"yoast-schema-graph\">{\"@context\":\"https:\/\/schema.org\",\"@graph\":[{\"@type\":\"Article\",\"@id\":\"https:\/\/travindy.com\/news\/2017\/12\/las-noticias-mas-leidas-del-2017-en-travindy-es-turismo-cambio-climatico\/#article\",\"isPartOf\":{\"@id\":\"https:\/\/travindy.com\/news\/2017\/12\/las-noticias-mas-leidas-del-2017-en-travindy-es-turismo-cambio-climatico\/\"},\"author\":{\"name\":\"Tamara Ramos\",\"@id\":\"https:\/\/travindy.com\/news\/#\/schema\/person\/4eeeec23981f5c428ca16455dc1c23ee\"},\"headline\":\"Las noticias m\u00e1s le\u00eddas del 2017; turismo &#038; cambio clim\u00e1tico\",\"datePublished\":\"2017-12-22T16:14:03+00:00\",\"dateModified\":\"2017-12-22T16:14:03+00:00\",\"mainEntityOfPage\":{\"@id\":\"https:\/\/travindy.com\/news\/2017\/12\/las-noticias-mas-leidas-del-2017-en-travindy-es-turismo-cambio-climatico\/\"},\"wordCount\":512,\"commentCount\":0,\"publisher\":{\"@id\":\"https:\/\/travindy.com\/news\/#organization\"},\"keywords\":[\"Cambio Climatico\",\"Las mejores noticias de 2017\"],\"articleSection\":[\"News\"],\"inLanguage\":\"en-US\",\"potentialAction\":[{\"@type\":\"CommentAction\",\"name\":\"Comment\",\"target\":[\"https:\/\/travindy.com\/news\/2017\/12\/las-noticias-mas-leidas-del-2017-en-travindy-es-turismo-cambio-climatico\/#respond\"]}]},{\"@type\":\"WebPage\",\"@id\":\"https:\/\/travindy.com\/news\/2017\/12\/las-noticias-mas-leidas-del-2017-en-travindy-es-turismo-cambio-climatico\/\",\"url\":\"https:\/\/travindy.com\/news\/2017\/12\/las-noticias-mas-leidas-del-2017-en-travindy-es-turismo-cambio-climatico\/\",\"name\":\"Las noticias m\u00e1s le\u00eddas del 2017; turismo & cambio clim\u00e1tico\",\"isPartOf\":{\"@id\":\"https:\/\/travindy.com\/news\/#website\"},\"datePublished\":\"2017-12-22T16:14:03+00:00\",\"dateModified\":\"2017-12-22T16:14:03+00:00\",\"description\":\"Hablamos del binomio cambio clim\u00e1tico y turismo con las cinco noticias m\u00e1s le\u00eddas sobre este tema en Travindy.es durante el 2017\",\"breadcrumb\":{\"@id\":\"https:\/\/travindy.com\/news\/2017\/12\/las-noticias-mas-leidas-del-2017-en-travindy-es-turismo-cambio-climatico\/#breadcrumb\"},\"inLanguage\":\"en-US\",\"potentialAction\":[{\"@type\":\"ReadAction\",\"target\":[\"https:\/\/travindy.com\/news\/2017\/12\/las-noticias-mas-leidas-del-2017-en-travindy-es-turismo-cambio-climatico\/\"]}]},{\"@type\":\"BreadcrumbList\",\"@id\":\"https:\/\/travindy.com\/news\/2017\/12\/las-noticias-mas-leidas-del-2017-en-travindy-es-turismo-cambio-climatico\/#breadcrumb\",\"itemListElement\":[{\"@type\":\"ListItem\",\"position\":1,\"name\":\"Home\",\"item\":\"https:\/\/travindy.com\/news\/\"},{\"@type\":\"ListItem\",\"position\":2,\"name\":\"Las noticias m\u00e1s le\u00eddas del 2017; turismo &#038; cambio clim\u00e1tico\"}]},{\"@type\":\"WebSite\",\"@id\":\"https:\/\/travindy.com\/news\/#website\",\"url\":\"https:\/\/travindy.com\/news\/\",\"name\":\"Travindy\",\"description\":\"sustainable tourism consulting, news and resources\",\"publisher\":{\"@id\":\"https:\/\/travindy.com\/news\/#organization\"},\"potentialAction\":[{\"@type\":\"SearchAction\",\"target\":{\"@type\":\"EntryPoint\",\"urlTemplate\":\"https:\/\/travindy.com\/news\/?s={search_term_string}\"},\"query-input\":\"required name=search_term_string\"}],\"inLanguage\":\"en-US\"},{\"@type\":\"Organization\",\"@id\":\"https:\/\/travindy.com\/news\/#organization\",\"name\":\"Travindy\",\"url\":\"https:\/\/travindy.com\/news\/\",\"logo\":{\"@type\":\"ImageObject\",\"inLanguage\":\"en-US\",\"@id\":\"https:\/\/travindy.com\/news\/#\/schema\/logo\/image\/\",\"url\":\"https:\/\/travindy.com\/wp-content\/uploads\/2022\/08\/cropped-travindy-logo-square.png\",\"contentUrl\":\"https:\/\/travindy.com\/wp-content\/uploads\/2022\/08\/cropped-travindy-logo-square.png\",\"width\":512,\"height\":512,\"caption\":\"Travindy\"},\"image\":{\"@id\":\"https:\/\/travindy.com\/news\/#\/schema\/logo\/image\/\"},\"sameAs\":[\"https:\/\/www.facebook.com\/travindy\",\"https:\/\/twitter.com\/Travindy\"]},{\"@type\":\"Person\",\"@id\":\"https:\/\/travindy.com\/news\/#\/schema\/person\/4eeeec23981f5c428ca16455dc1c23ee\",\"name\":\"Tamara Ramos\",\"image\":{\"@type\":\"ImageObject\",\"inLanguage\":\"en-US\",\"@id\":\"https:\/\/travindy.com\/news\/#\/schema\/person\/image\/\",\"url\":\"https:\/\/secure.gravatar.com\/avatar\/f1f88e950fee47bb5924b8dc8f0b245d?s=96&d=mm&r=g\",\"contentUrl\":\"https:\/\/secure.gravatar.com\/avatar\/f1f88e950fee47bb5924b8dc8f0b245d?s=96&d=mm&r=g\",\"caption\":\"Tamara Ramos\"},\"description\":\"Coordinadora de Credibilidad de ISEAL Alliance y Trustee de Tourism Concern. Colabora con LATA Foundation en proyectos de desarrollo sostenible y comunitario en Latinoam\u00e9rica. Est\u00e1 terminando un Master en Gesti\u00f3n de Turismo Responsable en la universidad Leeds Beckett y es embajadora de Positive Impact.\",\"url\":\"https:\/\/travindy.com\/news\/author\/tramos\/\"}]}<\/script>\n<!-- \/ Yoast SEO plugin. -->","yoast_head_json":{"title":"Las noticias m\u00e1s le\u00eddas del 2017; turismo & cambio clim\u00e1tico","description":"Hablamos del binomio cambio clim\u00e1tico y turismo con las cinco noticias m\u00e1s le\u00eddas sobre este tema en Travindy.es durante el 2017","robots":{"index":"index","follow":"follow","max-snippet":"max-snippet:-1","max-image-preview":"max-image-preview:large","max-video-preview":"max-video-preview:-1"},"canonical":"https:\/\/travindy.com\/news\/2017\/12\/las-noticias-mas-leidas-del-2017-en-travindy-es-turismo-cambio-climatico\/","og_locale":"en_US","og_type":"article","og_title":"Las noticias m\u00e1s le\u00eddas del 2017; turismo & cambio clim\u00e1tico","og_description":"Hablamos del binomio cambio clim\u00e1tico y turismo con las cinco noticias m\u00e1s le\u00eddas sobre este tema en Travindy.es durante el 2017","og_url":"https:\/\/travindy.com\/news\/2017\/12\/las-noticias-mas-leidas-del-2017-en-travindy-es-turismo-cambio-climatico\/","og_site_name":"Travindy","article_publisher":"https:\/\/www.facebook.com\/travindy","article_published_time":"2017-12-22T16:14:03+00:00","og_image":[{"width":640,"height":360,"url":"https:\/\/travindy.com\/news\/wp-content\/uploads\/2017\/03\/global-warming-2034896_640.jpg","type":"image\/jpeg"}],"author":"Tamara Ramos","twitter_card":"summary_large_image","twitter_creator":"@Travindy","twitter_site":"@Travindy","twitter_misc":{"Written by":"Tamara Ramos","Est. reading time":"3 minutes"},"schema":{"@context":"https:\/\/schema.org","@graph":[{"@type":"Article","@id":"https:\/\/travindy.com\/news\/2017\/12\/las-noticias-mas-leidas-del-2017-en-travindy-es-turismo-cambio-climatico\/#article","isPartOf":{"@id":"https:\/\/travindy.com\/news\/2017\/12\/las-noticias-mas-leidas-del-2017-en-travindy-es-turismo-cambio-climatico\/"},"author":{"name":"Tamara Ramos","@id":"https:\/\/travindy.com\/news\/#\/schema\/person\/4eeeec23981f5c428ca16455dc1c23ee"},"headline":"Las noticias m\u00e1s le\u00eddas del 2017; turismo &#038; cambio clim\u00e1tico","datePublished":"2017-12-22T16:14:03+00:00","dateModified":"2017-12-22T16:14:03+00:00","mainEntityOfPage":{"@id":"https:\/\/travindy.com\/news\/2017\/12\/las-noticias-mas-leidas-del-2017-en-travindy-es-turismo-cambio-climatico\/"},"wordCount":512,"commentCount":0,"publisher":{"@id":"https:\/\/travindy.com\/news\/#organization"},"keywords":["Cambio Climatico","Las mejores noticias de 2017"],"articleSection":["News"],"inLanguage":"en-US","potentialAction":[{"@type":"CommentAction","name":"Comment","target":["https:\/\/travindy.com\/news\/2017\/12\/las-noticias-mas-leidas-del-2017-en-travindy-es-turismo-cambio-climatico\/#respond"]}]},{"@type":"WebPage","@id":"https:\/\/travindy.com\/news\/2017\/12\/las-noticias-mas-leidas-del-2017-en-travindy-es-turismo-cambio-climatico\/","url":"https:\/\/travindy.com\/news\/2017\/12\/las-noticias-mas-leidas-del-2017-en-travindy-es-turismo-cambio-climatico\/","name":"Las noticias m\u00e1s le\u00eddas del 2017; turismo & cambio clim\u00e1tico","isPartOf":{"@id":"https:\/\/travindy.com\/news\/#website"},"datePublished":"2017-12-22T16:14:03+00:00","dateModified":"2017-12-22T16:14:03+00:00","description":"Hablamos del binomio cambio clim\u00e1tico y turismo con las cinco noticias m\u00e1s le\u00eddas sobre este tema en Travindy.es durante el 2017","breadcrumb":{"@id":"https:\/\/travindy.com\/news\/2017\/12\/las-noticias-mas-leidas-del-2017-en-travindy-es-turismo-cambio-climatico\/#breadcrumb"},"inLanguage":"en-US","potentialAction":[{"@type":"ReadAction","target":["https:\/\/travindy.com\/news\/2017\/12\/las-noticias-mas-leidas-del-2017-en-travindy-es-turismo-cambio-climatico\/"]}]},{"@type":"BreadcrumbList","@id":"https:\/\/travindy.com\/news\/2017\/12\/las-noticias-mas-leidas-del-2017-en-travindy-es-turismo-cambio-climatico\/#breadcrumb","itemListElement":[{"@type":"ListItem","position":1,"name":"Home","item":"https:\/\/travindy.com\/news\/"},{"@type":"ListItem","position":2,"name":"Las noticias m\u00e1s le\u00eddas del 2017; turismo &#038; cambio clim\u00e1tico"}]},{"@type":"WebSite","@id":"https:\/\/travindy.com\/news\/#website","url":"https:\/\/travindy.com\/news\/","name":"Travindy","description":"sustainable tourism consulting, news and resources","publisher":{"@id":"https:\/\/travindy.com\/news\/#organization"},"potentialAction":[{"@type":"SearchAction","target":{"@type":"EntryPoint","urlTemplate":"https:\/\/travindy.com\/news\/?s={search_term_string}"},"query-input":"required name=search_term_string"}],"inLanguage":"en-US"},{"@type":"Organization","@id":"https:\/\/travindy.com\/news\/#organization","name":"Travindy","url":"https:\/\/travindy.com\/news\/","logo":{"@type":"ImageObject","inLanguage":"en-US","@id":"https:\/\/travindy.com\/news\/#\/schema\/logo\/image\/","url":"https:\/\/travindy.com\/wp-content\/uploads\/2022\/08\/cropped-travindy-logo-square.png","contentUrl":"https:\/\/travindy.com\/wp-content\/uploads\/2022\/08\/cropped-travindy-logo-square.png","width":512,"height":512,"caption":"Travindy"},"image":{"@id":"https:\/\/travindy.com\/news\/#\/schema\/logo\/image\/"},"sameAs":["https:\/\/www.facebook.com\/travindy","https:\/\/twitter.com\/Travindy"]},{"@type":"Person","@id":"https:\/\/travindy.com\/news\/#\/schema\/person\/4eeeec23981f5c428ca16455dc1c23ee","name":"Tamara Ramos","image":{"@type":"ImageObject","inLanguage":"en-US","@id":"https:\/\/travindy.com\/news\/#\/schema\/person\/image\/","url":"https:\/\/secure.gravatar.com\/avatar\/f1f88e950fee47bb5924b8dc8f0b245d?s=96&d=mm&r=g","contentUrl":"https:\/\/secure.gravatar.com\/avatar\/f1f88e950fee47bb5924b8dc8f0b245d?s=96&d=mm&r=g","caption":"Tamara Ramos"},"description":"Coordinadora de Credibilidad de ISEAL Alliance y Trustee de Tourism Concern. Colabora con LATA Foundation en proyectos de desarrollo sostenible y comunitario en Latinoam\u00e9rica. Est\u00e1 terminando un Master en Gesti\u00f3n de Turismo Responsable en la universidad Leeds Beckett y es embajadora de Positive Impact.","url":"https:\/\/travindy.com\/news\/author\/tramos\/"}]}},"_links":{"self":[{"href":"https:\/\/travindy.com\/news\/wp-json\/wp\/v2\/posts\/22718"}],"collection":[{"href":"https:\/\/travindy.com\/news\/wp-json\/wp\/v2\/posts"}],"about":[{"href":"https:\/\/travindy.com\/news\/wp-json\/wp\/v2\/types\/post"}],"author":[{"embeddable":true,"href":"https:\/\/travindy.com\/news\/wp-json\/wp\/v2\/users\/137"}],"replies":[{"embeddable":true,"href":"https:\/\/travindy.com\/news\/wp-json\/wp\/v2\/comments?post=22718"}],"version-history":[{"count":0,"href":"https:\/\/travindy.com\/news\/wp-json\/wp\/v2\/posts\/22718\/revisions"}],"wp:featuredmedia":[{"embeddable":true,"href":"https:\/\/travindy.com\/news\/wp-json\/wp\/v2\/media\/17267"}],"wp:attachment":[{"href":"https:\/\/travindy.com\/news\/wp-json\/wp\/v2\/media?parent=22718"}],"wp:term":[{"taxonomy":"category","embeddable":true,"href":"https:\/\/travindy.com\/news\/wp-json\/wp\/v2\/categories?post=22718"},{"taxonomy":"post_tag","embeddable":true,"href":"https:\/\/travindy.com\/news\/wp-json\/wp\/v2\/tags?post=22718"}],"curies":[{"name":"wp","href":"https:\/\/api.w.org\/{rel}","templated":true}]}}