{"id":22098,"date":"2017-12-16T18:44:08","date_gmt":"2017-12-16T17:44:08","guid":{"rendered":"https:\/\/travindy.com\/es\/?p=22098"},"modified":"2017-12-16T18:44:08","modified_gmt":"2017-12-16T17:44:08","slug":"alpine-tourism-mobility-day-movilidad-turistica-sostenible","status":"publish","type":"post","link":"https:\/\/travindy.com\/news\/2017\/12\/alpine-tourism-mobility-day-movilidad-turistica-sostenible\/","title":{"rendered":"\u201cAlpine Tourism Mobility Day\u201d \u2013 Movilidad tur\u00edstica sostenible"},"content":{"rendered":"<p><img fetchpriority=\"high\" decoding=\"async\" class=\" wp-image-22099 aligncenter\" src=\"https:\/\/travindy.com\/wp-content\/uploads\/2017\/11\/austria_bike_pause-300x181.jpg\" alt=\"\u201cAlpine Tourism Mobility Day\u201d \u2013 Movilidad tur\u00edstica sostenible\" width=\"576\" height=\"347\" srcset=\"https:\/\/travindy.com\/news\/wp-content\/uploads\/2017\/11\/austria_bike_pause-300x181.jpg 300w, https:\/\/travindy.com\/news\/wp-content\/uploads\/2017\/11\/austria_bike_pause-116x70.jpg 116w, https:\/\/travindy.com\/news\/wp-content\/uploads\/2017\/11\/austria_bike_pause.jpg 549w\" sizes=\"(max-width: 576px) 100vw, 576px\" \/><\/p>\n<p><span class=\"wpsdc-drop-cap\">L<\/span>as tendencias actuales hacia \u201c<em>vacaciones m\u00e1s cortas pero m\u00e1s frecuentes\u201d<\/em>,\u00a0<em>\u201cvacaciones sin autom\u00f3vil\u201d<\/em>\u00a0y\u00a0<em>\u201cutilizar en lugar de poseer\u201d<\/em>, as\u00ed como los avances digitales, est\u00e1n aportando\u00a0cambios en el comportamiento de la movilidad de los visitantes, y sus efectos se van haciendo cada vez m\u00e1s visibles en los destinos. Con el fin de ir\u00a0adaptando los destinos tur\u00edsticos alpinos a las soluciones de movilidad m\u00e1s atractivas e innovadoras es importante el compromiso por la cooperaci\u00f3n y el trabajo en red.<\/p>\n<p>Debemos tener presente que en\u00a0las grandes \u00e1reas urbanas de Europa, el n\u00famero de hogares que han dejado de tener veh\u00edculo propio est\u00e1 creciendo de forma muy notable. Por ejemplo, en Copenhague solo el 29% de las familias tiene coche propio, mientras que en Berl\u00edn es el 33% y en Paris un 50%. Se trata de una\u00a0tipolog\u00eda de consumidores que apuesta por un modelo de consumo sostenible y responsable, definido en algunos estudios como LOHAS\u00a0(Lifestyle on Health and Sustainability) que busca espacios y productos tur\u00edsticos acordes con este criterio.<\/p>\n<p>Las regiones alpinas\u00a0quieren ser pioneras en c\u00f3mo aplicar la movilidad sostenible\u00a0en zonas de monta\u00f1a, pero hay muchos m\u00e1s ejemplos como la red\u00a0R\u00e9seau des Grands Sites de France y tambi\u00e9n\u00a0diversos espacios protegidos europeos est\u00e1n trabajando en su adaptaci\u00f3n a los modelos de movilidad sostenible.<\/p>\n<p><b>Este art\u00edculo es un resumen de la noticia original publicada por DCB:\u00a0<\/b><a href=\"http:\/\/www.decaba.com\/es\/alpine-tourism-mobility-day\/\" target=\"_blank\" rel=\"noopener nofollow\"><b>\u201cAlpine Tourism Mobility Day\u2013 Movilidad tur\u00edstica sostenible<\/b><b>\u201d.<\/b><\/a><\/p>\n","protected":false},"excerpt":{"rendered":"<p>Los destinos tur\u00edsticos alpinos buscan soluciones de movilidad m\u00e1s atractivas, innovadoras y sostenibles para los visitantes con conciencia ambiental.<\/p>\n","protected":false},"author":5,"featured_media":22099,"comment_status":"open","ping_status":"open","sticky":false,"template":"","format":"standard","meta":{"footnotes":""},"categories":[534],"tags":[2330,2351,2350,2349],"yoast_head":"<!-- This site is optimized with the Yoast SEO plugin v21.4 - https:\/\/yoast.com\/wordpress\/plugins\/seo\/ -->\n<title>\u201cAlpine Tourism Mobility Day\u201d \u2013 Movilidad tur\u00edstica sostenible<\/title>\n<meta name=\"description\" content=\"Los destinos tur\u00edsticos alpinos buscan soluciones de movilidad atractivas, innovadoras y sostenibles para los visitantes con conciencia ambiental.\" \/>\n<meta name=\"robots\" content=\"index, follow, max-snippet:-1, max-image-preview:large, max-video-preview:-1\" \/>\n<link rel=\"canonical\" href=\"https:\/\/travindy.com\/news\/2017\/12\/alpine-tourism-mobility-day-movilidad-turistica-sostenible\/\" \/>\n<meta property=\"og:locale\" content=\"en_US\" \/>\n<meta property=\"og:type\" content=\"article\" \/>\n<meta property=\"og:title\" content=\"\u201cAlpine Tourism Mobility Day\u201d \u2013 Movilidad tur\u00edstica sostenible\" \/>\n<meta property=\"og:description\" content=\"Los destinos tur\u00edsticos alpinos buscan soluciones de movilidad atractivas, innovadoras y sostenibles para los visitantes con conciencia ambiental.\" \/>\n<meta property=\"og:url\" content=\"https:\/\/travindy.com\/news\/2017\/12\/alpine-tourism-mobility-day-movilidad-turistica-sostenible\/\" \/>\n<meta property=\"og:site_name\" content=\"Travindy\" \/>\n<meta property=\"article:publisher\" content=\"https:\/\/www.facebook.com\/travindy\" \/>\n<meta property=\"article:author\" content=\"https:\/\/www.facebook.com\/travindy\" \/>\n<meta property=\"article:published_time\" content=\"2017-12-16T17:44:08+00:00\" \/>\n<meta property=\"og:image\" content=\"https:\/\/travindy.com\/news\/wp-content\/uploads\/2017\/11\/austria_bike_pause.jpg\" \/>\n\t<meta property=\"og:image:width\" content=\"549\" \/>\n\t<meta property=\"og:image:height\" content=\"331\" \/>\n\t<meta property=\"og:image:type\" content=\"image\/jpeg\" \/>\n<meta name=\"author\" content=\"Travindy\" \/>\n<meta name=\"twitter:card\" content=\"summary_large_image\" \/>\n<meta name=\"twitter:creator\" content=\"@travindy\" \/>\n<meta name=\"twitter:site\" content=\"@Travindy\" \/>\n<meta name=\"twitter:label1\" content=\"Written by\" \/>\n\t<meta name=\"twitter:data1\" content=\"Travindy\" \/>\n\t<meta name=\"twitter:label2\" content=\"Est. reading time\" \/>\n\t<meta name=\"twitter:data2\" content=\"1 minute\" \/>\n<script type=\"application\/ld+json\" class=\"yoast-schema-graph\">{\"@context\":\"https:\/\/schema.org\",\"@graph\":[{\"@type\":\"Article\",\"@id\":\"https:\/\/travindy.com\/news\/2017\/12\/alpine-tourism-mobility-day-movilidad-turistica-sostenible\/#article\",\"isPartOf\":{\"@id\":\"https:\/\/travindy.com\/news\/2017\/12\/alpine-tourism-mobility-day-movilidad-turistica-sostenible\/\"},\"author\":{\"name\":\"Travindy\",\"@id\":\"https:\/\/travindy.com\/news\/#\/schema\/person\/79576b26c03e84ac969c6cf7ad8118bb\"},\"headline\":\"\u201cAlpine Tourism Mobility Day\u201d \u2013 Movilidad tur\u00edstica sostenible\",\"datePublished\":\"2017-12-16T17:44:08+00:00\",\"dateModified\":\"2017-12-16T17:44:08+00:00\",\"mainEntityOfPage\":{\"@id\":\"https:\/\/travindy.com\/news\/2017\/12\/alpine-tourism-mobility-day-movilidad-turistica-sostenible\/\"},\"wordCount\":267,\"commentCount\":0,\"publisher\":{\"@id\":\"https:\/\/travindy.com\/news\/#organization\"},\"keywords\":[\"Austria\",\"movilidad\",\"turismo alpino\",\"turismo de monta\u00f1a\"],\"articleSection\":[\"News\"],\"inLanguage\":\"en-US\",\"potentialAction\":[{\"@type\":\"CommentAction\",\"name\":\"Comment\",\"target\":[\"https:\/\/travindy.com\/news\/2017\/12\/alpine-tourism-mobility-day-movilidad-turistica-sostenible\/#respond\"]}]},{\"@type\":\"WebPage\",\"@id\":\"https:\/\/travindy.com\/news\/2017\/12\/alpine-tourism-mobility-day-movilidad-turistica-sostenible\/\",\"url\":\"https:\/\/travindy.com\/news\/2017\/12\/alpine-tourism-mobility-day-movilidad-turistica-sostenible\/\",\"name\":\"\u201cAlpine Tourism Mobility Day\u201d \u2013 Movilidad tur\u00edstica sostenible\",\"isPartOf\":{\"@id\":\"https:\/\/travindy.com\/news\/#website\"},\"datePublished\":\"2017-12-16T17:44:08+00:00\",\"dateModified\":\"2017-12-16T17:44:08+00:00\",\"description\":\"Los destinos tur\u00edsticos alpinos buscan soluciones de movilidad atractivas, innovadoras y sostenibles para los visitantes con conciencia ambiental.\",\"breadcrumb\":{\"@id\":\"https:\/\/travindy.com\/news\/2017\/12\/alpine-tourism-mobility-day-movilidad-turistica-sostenible\/#breadcrumb\"},\"inLanguage\":\"en-US\",\"potentialAction\":[{\"@type\":\"ReadAction\",\"target\":[\"https:\/\/travindy.com\/news\/2017\/12\/alpine-tourism-mobility-day-movilidad-turistica-sostenible\/\"]}]},{\"@type\":\"BreadcrumbList\",\"@id\":\"https:\/\/travindy.com\/news\/2017\/12\/alpine-tourism-mobility-day-movilidad-turistica-sostenible\/#breadcrumb\",\"itemListElement\":[{\"@type\":\"ListItem\",\"position\":1,\"name\":\"Home\",\"item\":\"https:\/\/travindy.com\/news\/\"},{\"@type\":\"ListItem\",\"position\":2,\"name\":\"\u201cAlpine Tourism Mobility Day\u201d \u2013 Movilidad tur\u00edstica sostenible\"}]},{\"@type\":\"WebSite\",\"@id\":\"https:\/\/travindy.com\/news\/#website\",\"url\":\"https:\/\/travindy.com\/news\/\",\"name\":\"Travindy\",\"description\":\"sustainable tourism consulting, news and resources\",\"publisher\":{\"@id\":\"https:\/\/travindy.com\/news\/#organization\"},\"potentialAction\":[{\"@type\":\"SearchAction\",\"target\":{\"@type\":\"EntryPoint\",\"urlTemplate\":\"https:\/\/travindy.com\/news\/?s={search_term_string}\"},\"query-input\":\"required name=search_term_string\"}],\"inLanguage\":\"en-US\"},{\"@type\":\"Organization\",\"@id\":\"https:\/\/travindy.com\/news\/#organization\",\"name\":\"Travindy\",\"url\":\"https:\/\/travindy.com\/news\/\",\"logo\":{\"@type\":\"ImageObject\",\"inLanguage\":\"en-US\",\"@id\":\"https:\/\/travindy.com\/news\/#\/schema\/logo\/image\/\",\"url\":\"https:\/\/travindy.com\/wp-content\/uploads\/2022\/08\/cropped-travindy-logo-square.png\",\"contentUrl\":\"https:\/\/travindy.com\/wp-content\/uploads\/2022\/08\/cropped-travindy-logo-square.png\",\"width\":512,\"height\":512,\"caption\":\"Travindy\"},\"image\":{\"@id\":\"https:\/\/travindy.com\/news\/#\/schema\/logo\/image\/\"},\"sameAs\":[\"https:\/\/www.facebook.com\/travindy\",\"https:\/\/twitter.com\/Travindy\"]},{\"@type\":\"Person\",\"@id\":\"https:\/\/travindy.com\/news\/#\/schema\/person\/79576b26c03e84ac969c6cf7ad8118bb\",\"name\":\"Travindy\",\"image\":{\"@type\":\"ImageObject\",\"inLanguage\":\"en-US\",\"@id\":\"https:\/\/travindy.com\/news\/#\/schema\/person\/image\/\",\"url\":\"https:\/\/secure.gravatar.com\/avatar\/7e8e24b511c9178e320b9eb2226dadb1?s=96&d=mm&r=g\",\"contentUrl\":\"https:\/\/secure.gravatar.com\/avatar\/7e8e24b511c9178e320b9eb2226dadb1?s=96&d=mm&r=g\",\"caption\":\"Travindy\"},\"description\":\"Travindy is an independent website featuring news and opinion on all issues to do with tourism and sustainability. Written primarily for an industry audience, our aim is to support the transformation of the sector into one that is regenerative, restorative and fully inclusive.\",\"sameAs\":[\"https:\/\/www.facebook.com\/travindy\",\"https:\/\/twitter.com\/travindy\"],\"url\":\"https:\/\/travindy.com\/news\/author\/travindy\/\"}]}<\/script>\n<!-- \/ Yoast SEO plugin. -->","yoast_head_json":{"title":"\u201cAlpine Tourism Mobility Day\u201d \u2013 Movilidad tur\u00edstica sostenible","description":"Los destinos tur\u00edsticos alpinos buscan soluciones de movilidad atractivas, innovadoras y sostenibles para los visitantes con conciencia ambiental.","robots":{"index":"index","follow":"follow","max-snippet":"max-snippet:-1","max-image-preview":"max-image-preview:large","max-video-preview":"max-video-preview:-1"},"canonical":"https:\/\/travindy.com\/news\/2017\/12\/alpine-tourism-mobility-day-movilidad-turistica-sostenible\/","og_locale":"en_US","og_type":"article","og_title":"\u201cAlpine Tourism Mobility Day\u201d \u2013 Movilidad tur\u00edstica sostenible","og_description":"Los destinos tur\u00edsticos alpinos buscan soluciones de movilidad atractivas, innovadoras y sostenibles para los visitantes con conciencia ambiental.","og_url":"https:\/\/travindy.com\/news\/2017\/12\/alpine-tourism-mobility-day-movilidad-turistica-sostenible\/","og_site_name":"Travindy","article_publisher":"https:\/\/www.facebook.com\/travindy","article_author":"https:\/\/www.facebook.com\/travindy","article_published_time":"2017-12-16T17:44:08+00:00","og_image":[{"width":549,"height":331,"url":"https:\/\/travindy.com\/news\/wp-content\/uploads\/2017\/11\/austria_bike_pause.jpg","type":"image\/jpeg"}],"author":"Travindy","twitter_card":"summary_large_image","twitter_creator":"@travindy","twitter_site":"@Travindy","twitter_misc":{"Written by":"Travindy","Est. reading time":"1 minute"},"schema":{"@context":"https:\/\/schema.org","@graph":[{"@type":"Article","@id":"https:\/\/travindy.com\/news\/2017\/12\/alpine-tourism-mobility-day-movilidad-turistica-sostenible\/#article","isPartOf":{"@id":"https:\/\/travindy.com\/news\/2017\/12\/alpine-tourism-mobility-day-movilidad-turistica-sostenible\/"},"author":{"name":"Travindy","@id":"https:\/\/travindy.com\/news\/#\/schema\/person\/79576b26c03e84ac969c6cf7ad8118bb"},"headline":"\u201cAlpine Tourism Mobility Day\u201d \u2013 Movilidad tur\u00edstica sostenible","datePublished":"2017-12-16T17:44:08+00:00","dateModified":"2017-12-16T17:44:08+00:00","mainEntityOfPage":{"@id":"https:\/\/travindy.com\/news\/2017\/12\/alpine-tourism-mobility-day-movilidad-turistica-sostenible\/"},"wordCount":267,"commentCount":0,"publisher":{"@id":"https:\/\/travindy.com\/news\/#organization"},"keywords":["Austria","movilidad","turismo alpino","turismo de monta\u00f1a"],"articleSection":["News"],"inLanguage":"en-US","potentialAction":[{"@type":"CommentAction","name":"Comment","target":["https:\/\/travindy.com\/news\/2017\/12\/alpine-tourism-mobility-day-movilidad-turistica-sostenible\/#respond"]}]},{"@type":"WebPage","@id":"https:\/\/travindy.com\/news\/2017\/12\/alpine-tourism-mobility-day-movilidad-turistica-sostenible\/","url":"https:\/\/travindy.com\/news\/2017\/12\/alpine-tourism-mobility-day-movilidad-turistica-sostenible\/","name":"\u201cAlpine Tourism Mobility Day\u201d \u2013 Movilidad tur\u00edstica sostenible","isPartOf":{"@id":"https:\/\/travindy.com\/news\/#website"},"datePublished":"2017-12-16T17:44:08+00:00","dateModified":"2017-12-16T17:44:08+00:00","description":"Los destinos tur\u00edsticos alpinos buscan soluciones de movilidad atractivas, innovadoras y sostenibles para los visitantes con conciencia ambiental.","breadcrumb":{"@id":"https:\/\/travindy.com\/news\/2017\/12\/alpine-tourism-mobility-day-movilidad-turistica-sostenible\/#breadcrumb"},"inLanguage":"en-US","potentialAction":[{"@type":"ReadAction","target":["https:\/\/travindy.com\/news\/2017\/12\/alpine-tourism-mobility-day-movilidad-turistica-sostenible\/"]}]},{"@type":"BreadcrumbList","@id":"https:\/\/travindy.com\/news\/2017\/12\/alpine-tourism-mobility-day-movilidad-turistica-sostenible\/#breadcrumb","itemListElement":[{"@type":"ListItem","position":1,"name":"Home","item":"https:\/\/travindy.com\/news\/"},{"@type":"ListItem","position":2,"name":"\u201cAlpine Tourism Mobility Day\u201d \u2013 Movilidad tur\u00edstica sostenible"}]},{"@type":"WebSite","@id":"https:\/\/travindy.com\/news\/#website","url":"https:\/\/travindy.com\/news\/","name":"Travindy","description":"sustainable tourism consulting, news and resources","publisher":{"@id":"https:\/\/travindy.com\/news\/#organization"},"potentialAction":[{"@type":"SearchAction","target":{"@type":"EntryPoint","urlTemplate":"https:\/\/travindy.com\/news\/?s={search_term_string}"},"query-input":"required name=search_term_string"}],"inLanguage":"en-US"},{"@type":"Organization","@id":"https:\/\/travindy.com\/news\/#organization","name":"Travindy","url":"https:\/\/travindy.com\/news\/","logo":{"@type":"ImageObject","inLanguage":"en-US","@id":"https:\/\/travindy.com\/news\/#\/schema\/logo\/image\/","url":"https:\/\/travindy.com\/wp-content\/uploads\/2022\/08\/cropped-travindy-logo-square.png","contentUrl":"https:\/\/travindy.com\/wp-content\/uploads\/2022\/08\/cropped-travindy-logo-square.png","width":512,"height":512,"caption":"Travindy"},"image":{"@id":"https:\/\/travindy.com\/news\/#\/schema\/logo\/image\/"},"sameAs":["https:\/\/www.facebook.com\/travindy","https:\/\/twitter.com\/Travindy"]},{"@type":"Person","@id":"https:\/\/travindy.com\/news\/#\/schema\/person\/79576b26c03e84ac969c6cf7ad8118bb","name":"Travindy","image":{"@type":"ImageObject","inLanguage":"en-US","@id":"https:\/\/travindy.com\/news\/#\/schema\/person\/image\/","url":"https:\/\/secure.gravatar.com\/avatar\/7e8e24b511c9178e320b9eb2226dadb1?s=96&d=mm&r=g","contentUrl":"https:\/\/secure.gravatar.com\/avatar\/7e8e24b511c9178e320b9eb2226dadb1?s=96&d=mm&r=g","caption":"Travindy"},"description":"Travindy is an independent website featuring news and opinion on all issues to do with tourism and sustainability. Written primarily for an industry audience, our aim is to support the transformation of the sector into one that is regenerative, restorative and fully inclusive.","sameAs":["https:\/\/www.facebook.com\/travindy","https:\/\/twitter.com\/travindy"],"url":"https:\/\/travindy.com\/news\/author\/travindy\/"}]}},"_links":{"self":[{"href":"https:\/\/travindy.com\/news\/wp-json\/wp\/v2\/posts\/22098"}],"collection":[{"href":"https:\/\/travindy.com\/news\/wp-json\/wp\/v2\/posts"}],"about":[{"href":"https:\/\/travindy.com\/news\/wp-json\/wp\/v2\/types\/post"}],"author":[{"embeddable":true,"href":"https:\/\/travindy.com\/news\/wp-json\/wp\/v2\/users\/5"}],"replies":[{"embeddable":true,"href":"https:\/\/travindy.com\/news\/wp-json\/wp\/v2\/comments?post=22098"}],"version-history":[{"count":0,"href":"https:\/\/travindy.com\/news\/wp-json\/wp\/v2\/posts\/22098\/revisions"}],"wp:featuredmedia":[{"embeddable":true,"href":"https:\/\/travindy.com\/news\/wp-json\/wp\/v2\/media\/22099"}],"wp:attachment":[{"href":"https:\/\/travindy.com\/news\/wp-json\/wp\/v2\/media?parent=22098"}],"wp:term":[{"taxonomy":"category","embeddable":true,"href":"https:\/\/travindy.com\/news\/wp-json\/wp\/v2\/categories?post=22098"},{"taxonomy":"post_tag","embeddable":true,"href":"https:\/\/travindy.com\/news\/wp-json\/wp\/v2\/tags?post=22098"}],"curies":[{"name":"wp","href":"https:\/\/api.w.org\/{rel}","templated":true}]}}