{"id":22088,"date":"2017-12-16T18:43:00","date_gmt":"2017-12-16T17:43:00","guid":{"rendered":"https:\/\/travindy.com\/es\/?p=22088"},"modified":"2017-12-16T18:43:00","modified_gmt":"2017-12-16T17:43:00","slug":"la-precaria-situacion-de-las-kellys-llega-bruselas","status":"publish","type":"post","link":"https:\/\/travindy.com\/news\/2017\/12\/la-precaria-situacion-de-las-kellys-llega-bruselas\/","title":{"rendered":"La precaria situaci\u00f3n de las kellys llega a Bruselas"},"content":{"rendered":"<p><img fetchpriority=\"high\" decoding=\"async\" class=\" wp-image-22089 aligncenter\" src=\"https:\/\/travindy.com\/wp-content\/uploads\/2017\/11\/kellys-camareras-de-piso-300x139.jpg\" alt=\"La precaria situaci\u00f3n de las kellys llega a Bruselas\" width=\"662\" height=\"307\" srcset=\"https:\/\/travindy.com\/news\/wp-content\/uploads\/2017\/11\/kellys-camareras-de-piso-300x139.jpg 300w, https:\/\/travindy.com\/news\/wp-content\/uploads\/2017\/11\/kellys-camareras-de-piso.jpg 700w\" sizes=\"(max-width: 662px) 100vw, 662px\" \/><\/p>\n<p><span class=\"wpsdc-drop-cap\">L<\/span>a comisi\u00f3n de Peticiones del Parlamento Europeo preguntar\u00e1 a trav\u00e9s de una carta al Ministerio de Empleo de Espa\u00f1a\u00a0<strong>por\u00a0la situaci\u00f3n de las camareras de piso<\/strong>, que ascienden a<strong>\u00a0alrededor de 100.000 personas en todo el pa\u00eds<\/strong>\u00a0y que denunciaron ante la Euroc\u00e1mara, su explotaci\u00f3n laboral.<\/p>\n<p>La decisi\u00f3n se tom\u00f3 despu\u00e9s de escuchar a la<strong>\u00a0portavoz de la asociaci\u00f3n de trabajadoras de hotel \u201cLas kellys\u201d, \u00c1ngela Mu\u00f1oz<\/strong>, que denunci\u00f3 la \u201cprecariedad\u201d en el sector y que se les niegan \u201cderechos laborales b\u00e1sicos\u201d.<\/p>\n<p>\u201cLas Kellys\u201d denuncian que estas trabajadoras limpian de media \u201ccuarenta habitaciones diarias\u201d y que\u00a0<strong>cobran alrededor de 1,50 euros por cada una<\/strong>, de manera que trabajan \u201cm\u00e1s horas de las que establecen los contratos\u201d.<\/p>\n<p>La eurodiputada socialista Iratxe Garc\u00eda P\u00e9rez apunt\u00f3 que<strong>\u00a0<\/strong>el caso de \u201cLas Kellys\u201d <strong>es \u201cuna muestra m\u00e1s de la feminizaci\u00f3n de la pobreza\u201d<\/strong>\u00a0y de que \u201cla salida de la crisis a nivel macroecon\u00f3mico no se est\u00e1 trasladando a la vida de las personas\u201d. La parlamentaria tambi\u00e9n emplaz\u00f3 al Partido Popular a \u201cconvertir sus declaraciones de apoyo en hechos\u201d.<\/p>\n<p><b>Este art\u00edculo es un resumen de la noticia original publicada por TecnoHotel:\u00a0<\/b><a href=\"https:\/\/www.tecnohotelnews.com\/2017\/11\/las-kellys-bruselas\/\" target=\"_blank\" rel=\"noopener\"><b>\u201cLa precaria situaci\u00f3n de las kellys llega a Bruselas<\/b><b>\u201d.<\/b><\/a><\/p>\n","protected":false},"excerpt":{"rendered":"<p>La portavoz de la asociaci\u00f3n de trabajadoras de hotel \u201cLas kellys\u201d, denunci\u00f3 la precariedad en el sector a la comisi\u00f3n de Peticiones del Parlamento Europeo.<\/p>\n","protected":false},"author":5,"featured_media":22089,"comment_status":"open","ping_status":"open","sticky":false,"template":"","format":"standard","meta":{"footnotes":""},"categories":[534],"tags":[972,2329],"yoast_head":"<!-- This site is optimized with the Yoast SEO plugin v21.4 - https:\/\/yoast.com\/wordpress\/plugins\/seo\/ -->\n<title>La precaria situaci\u00f3n de las kellys llega a Bruselas<\/title>\n<meta name=\"description\" content=\"La portavoz de la asociaci\u00f3n de trabajadoras de hotel \u201cLas kellys\u201d, denunci\u00f3 la precariedad en el sector a la comisi\u00f3n de Peticiones del Parlamento Europeo.\" \/>\n<meta name=\"robots\" content=\"index, follow, max-snippet:-1, max-image-preview:large, max-video-preview:-1\" \/>\n<link rel=\"canonical\" href=\"https:\/\/travindy.com\/news\/2017\/12\/la-precaria-situacion-de-las-kellys-llega-bruselas\/\" \/>\n<meta property=\"og:locale\" content=\"en_US\" \/>\n<meta property=\"og:type\" content=\"article\" \/>\n<meta property=\"og:title\" content=\"La precaria situaci\u00f3n de las kellys llega a Bruselas\" \/>\n<meta property=\"og:description\" content=\"La portavoz de la asociaci\u00f3n de trabajadoras de hotel \u201cLas kellys\u201d, denunci\u00f3 la precariedad en el sector a la comisi\u00f3n de Peticiones del Parlamento Europeo.\" \/>\n<meta property=\"og:url\" content=\"https:\/\/travindy.com\/news\/2017\/12\/la-precaria-situacion-de-las-kellys-llega-bruselas\/\" \/>\n<meta property=\"og:site_name\" content=\"Travindy\" \/>\n<meta property=\"article:publisher\" content=\"https:\/\/www.facebook.com\/travindy\" \/>\n<meta property=\"article:author\" content=\"https:\/\/www.facebook.com\/travindy\" \/>\n<meta property=\"article:published_time\" content=\"2017-12-16T17:43:00+00:00\" \/>\n<meta property=\"og:image\" content=\"https:\/\/travindy.com\/news\/wp-content\/uploads\/2017\/11\/kellys-camareras-de-piso.jpg\" \/>\n\t<meta property=\"og:image:width\" content=\"700\" \/>\n\t<meta property=\"og:image:height\" content=\"325\" \/>\n\t<meta property=\"og:image:type\" content=\"image\/jpeg\" \/>\n<meta name=\"author\" content=\"Travindy\" \/>\n<meta name=\"twitter:card\" content=\"summary_large_image\" \/>\n<meta name=\"twitter:creator\" content=\"@travindy\" \/>\n<meta name=\"twitter:site\" content=\"@Travindy\" \/>\n<meta name=\"twitter:label1\" content=\"Written by\" \/>\n\t<meta name=\"twitter:data1\" content=\"Travindy\" \/>\n\t<meta name=\"twitter:label2\" content=\"Est. reading time\" \/>\n\t<meta name=\"twitter:data2\" content=\"1 minute\" \/>\n<script type=\"application\/ld+json\" class=\"yoast-schema-graph\">{\"@context\":\"https:\/\/schema.org\",\"@graph\":[{\"@type\":\"Article\",\"@id\":\"https:\/\/travindy.com\/news\/2017\/12\/la-precaria-situacion-de-las-kellys-llega-bruselas\/#article\",\"isPartOf\":{\"@id\":\"https:\/\/travindy.com\/news\/2017\/12\/la-precaria-situacion-de-las-kellys-llega-bruselas\/\"},\"author\":{\"name\":\"Travindy\",\"@id\":\"https:\/\/travindy.com\/news\/#\/schema\/person\/79576b26c03e84ac969c6cf7ad8118bb\"},\"headline\":\"La precaria situaci\u00f3n de las kellys llega a Bruselas\",\"datePublished\":\"2017-12-16T17:43:00+00:00\",\"dateModified\":\"2017-12-16T17:43:00+00:00\",\"mainEntityOfPage\":{\"@id\":\"https:\/\/travindy.com\/news\/2017\/12\/la-precaria-situacion-de-las-kellys-llega-bruselas\/\"},\"wordCount\":229,\"commentCount\":0,\"publisher\":{\"@id\":\"https:\/\/travindy.com\/news\/#organization\"},\"keywords\":[\"camareras de piso\",\"kellys\"],\"articleSection\":[\"News\"],\"inLanguage\":\"en-US\",\"potentialAction\":[{\"@type\":\"CommentAction\",\"name\":\"Comment\",\"target\":[\"https:\/\/travindy.com\/news\/2017\/12\/la-precaria-situacion-de-las-kellys-llega-bruselas\/#respond\"]}]},{\"@type\":\"WebPage\",\"@id\":\"https:\/\/travindy.com\/news\/2017\/12\/la-precaria-situacion-de-las-kellys-llega-bruselas\/\",\"url\":\"https:\/\/travindy.com\/news\/2017\/12\/la-precaria-situacion-de-las-kellys-llega-bruselas\/\",\"name\":\"La precaria situaci\u00f3n de las kellys llega a Bruselas\",\"isPartOf\":{\"@id\":\"https:\/\/travindy.com\/news\/#website\"},\"datePublished\":\"2017-12-16T17:43:00+00:00\",\"dateModified\":\"2017-12-16T17:43:00+00:00\",\"description\":\"La portavoz de la asociaci\u00f3n de trabajadoras de hotel \u201cLas kellys\u201d, denunci\u00f3 la precariedad en el sector a la comisi\u00f3n de Peticiones del Parlamento Europeo.\",\"breadcrumb\":{\"@id\":\"https:\/\/travindy.com\/news\/2017\/12\/la-precaria-situacion-de-las-kellys-llega-bruselas\/#breadcrumb\"},\"inLanguage\":\"en-US\",\"potentialAction\":[{\"@type\":\"ReadAction\",\"target\":[\"https:\/\/travindy.com\/news\/2017\/12\/la-precaria-situacion-de-las-kellys-llega-bruselas\/\"]}]},{\"@type\":\"BreadcrumbList\",\"@id\":\"https:\/\/travindy.com\/news\/2017\/12\/la-precaria-situacion-de-las-kellys-llega-bruselas\/#breadcrumb\",\"itemListElement\":[{\"@type\":\"ListItem\",\"position\":1,\"name\":\"Home\",\"item\":\"https:\/\/travindy.com\/news\/\"},{\"@type\":\"ListItem\",\"position\":2,\"name\":\"La precaria situaci\u00f3n de las kellys llega a Bruselas\"}]},{\"@type\":\"WebSite\",\"@id\":\"https:\/\/travindy.com\/news\/#website\",\"url\":\"https:\/\/travindy.com\/news\/\",\"name\":\"Travindy\",\"description\":\"sustainable tourism consulting, news and resources\",\"publisher\":{\"@id\":\"https:\/\/travindy.com\/news\/#organization\"},\"potentialAction\":[{\"@type\":\"SearchAction\",\"target\":{\"@type\":\"EntryPoint\",\"urlTemplate\":\"https:\/\/travindy.com\/news\/?s={search_term_string}\"},\"query-input\":\"required name=search_term_string\"}],\"inLanguage\":\"en-US\"},{\"@type\":\"Organization\",\"@id\":\"https:\/\/travindy.com\/news\/#organization\",\"name\":\"Travindy\",\"url\":\"https:\/\/travindy.com\/news\/\",\"logo\":{\"@type\":\"ImageObject\",\"inLanguage\":\"en-US\",\"@id\":\"https:\/\/travindy.com\/news\/#\/schema\/logo\/image\/\",\"url\":\"https:\/\/travindy.com\/wp-content\/uploads\/2022\/08\/cropped-travindy-logo-square.png\",\"contentUrl\":\"https:\/\/travindy.com\/wp-content\/uploads\/2022\/08\/cropped-travindy-logo-square.png\",\"width\":512,\"height\":512,\"caption\":\"Travindy\"},\"image\":{\"@id\":\"https:\/\/travindy.com\/news\/#\/schema\/logo\/image\/\"},\"sameAs\":[\"https:\/\/www.facebook.com\/travindy\",\"https:\/\/twitter.com\/Travindy\"]},{\"@type\":\"Person\",\"@id\":\"https:\/\/travindy.com\/news\/#\/schema\/person\/79576b26c03e84ac969c6cf7ad8118bb\",\"name\":\"Travindy\",\"image\":{\"@type\":\"ImageObject\",\"inLanguage\":\"en-US\",\"@id\":\"https:\/\/travindy.com\/news\/#\/schema\/person\/image\/\",\"url\":\"https:\/\/secure.gravatar.com\/avatar\/7e8e24b511c9178e320b9eb2226dadb1?s=96&d=mm&r=g\",\"contentUrl\":\"https:\/\/secure.gravatar.com\/avatar\/7e8e24b511c9178e320b9eb2226dadb1?s=96&d=mm&r=g\",\"caption\":\"Travindy\"},\"description\":\"Travindy is an independent website featuring news and opinion on all issues to do with tourism and sustainability. Written primarily for an industry audience, our aim is to support the transformation of the sector into one that is regenerative, restorative and fully inclusive.\",\"sameAs\":[\"https:\/\/www.facebook.com\/travindy\",\"https:\/\/twitter.com\/travindy\"],\"url\":\"https:\/\/travindy.com\/news\/author\/travindy\/\"}]}<\/script>\n<!-- \/ Yoast SEO plugin. -->","yoast_head_json":{"title":"La precaria situaci\u00f3n de las kellys llega a Bruselas","description":"La portavoz de la asociaci\u00f3n de trabajadoras de hotel \u201cLas kellys\u201d, denunci\u00f3 la precariedad en el sector a la comisi\u00f3n de Peticiones del Parlamento Europeo.","robots":{"index":"index","follow":"follow","max-snippet":"max-snippet:-1","max-image-preview":"max-image-preview:large","max-video-preview":"max-video-preview:-1"},"canonical":"https:\/\/travindy.com\/news\/2017\/12\/la-precaria-situacion-de-las-kellys-llega-bruselas\/","og_locale":"en_US","og_type":"article","og_title":"La precaria situaci\u00f3n de las kellys llega a Bruselas","og_description":"La portavoz de la asociaci\u00f3n de trabajadoras de hotel \u201cLas kellys\u201d, denunci\u00f3 la precariedad en el sector a la comisi\u00f3n de Peticiones del Parlamento Europeo.","og_url":"https:\/\/travindy.com\/news\/2017\/12\/la-precaria-situacion-de-las-kellys-llega-bruselas\/","og_site_name":"Travindy","article_publisher":"https:\/\/www.facebook.com\/travindy","article_author":"https:\/\/www.facebook.com\/travindy","article_published_time":"2017-12-16T17:43:00+00:00","og_image":[{"width":700,"height":325,"url":"https:\/\/travindy.com\/news\/wp-content\/uploads\/2017\/11\/kellys-camareras-de-piso.jpg","type":"image\/jpeg"}],"author":"Travindy","twitter_card":"summary_large_image","twitter_creator":"@travindy","twitter_site":"@Travindy","twitter_misc":{"Written by":"Travindy","Est. reading time":"1 minute"},"schema":{"@context":"https:\/\/schema.org","@graph":[{"@type":"Article","@id":"https:\/\/travindy.com\/news\/2017\/12\/la-precaria-situacion-de-las-kellys-llega-bruselas\/#article","isPartOf":{"@id":"https:\/\/travindy.com\/news\/2017\/12\/la-precaria-situacion-de-las-kellys-llega-bruselas\/"},"author":{"name":"Travindy","@id":"https:\/\/travindy.com\/news\/#\/schema\/person\/79576b26c03e84ac969c6cf7ad8118bb"},"headline":"La precaria situaci\u00f3n de las kellys llega a Bruselas","datePublished":"2017-12-16T17:43:00+00:00","dateModified":"2017-12-16T17:43:00+00:00","mainEntityOfPage":{"@id":"https:\/\/travindy.com\/news\/2017\/12\/la-precaria-situacion-de-las-kellys-llega-bruselas\/"},"wordCount":229,"commentCount":0,"publisher":{"@id":"https:\/\/travindy.com\/news\/#organization"},"keywords":["camareras de piso","kellys"],"articleSection":["News"],"inLanguage":"en-US","potentialAction":[{"@type":"CommentAction","name":"Comment","target":["https:\/\/travindy.com\/news\/2017\/12\/la-precaria-situacion-de-las-kellys-llega-bruselas\/#respond"]}]},{"@type":"WebPage","@id":"https:\/\/travindy.com\/news\/2017\/12\/la-precaria-situacion-de-las-kellys-llega-bruselas\/","url":"https:\/\/travindy.com\/news\/2017\/12\/la-precaria-situacion-de-las-kellys-llega-bruselas\/","name":"La precaria situaci\u00f3n de las kellys llega a Bruselas","isPartOf":{"@id":"https:\/\/travindy.com\/news\/#website"},"datePublished":"2017-12-16T17:43:00+00:00","dateModified":"2017-12-16T17:43:00+00:00","description":"La portavoz de la asociaci\u00f3n de trabajadoras de hotel \u201cLas kellys\u201d, denunci\u00f3 la precariedad en el sector a la comisi\u00f3n de Peticiones del Parlamento Europeo.","breadcrumb":{"@id":"https:\/\/travindy.com\/news\/2017\/12\/la-precaria-situacion-de-las-kellys-llega-bruselas\/#breadcrumb"},"inLanguage":"en-US","potentialAction":[{"@type":"ReadAction","target":["https:\/\/travindy.com\/news\/2017\/12\/la-precaria-situacion-de-las-kellys-llega-bruselas\/"]}]},{"@type":"BreadcrumbList","@id":"https:\/\/travindy.com\/news\/2017\/12\/la-precaria-situacion-de-las-kellys-llega-bruselas\/#breadcrumb","itemListElement":[{"@type":"ListItem","position":1,"name":"Home","item":"https:\/\/travindy.com\/news\/"},{"@type":"ListItem","position":2,"name":"La precaria situaci\u00f3n de las kellys llega a Bruselas"}]},{"@type":"WebSite","@id":"https:\/\/travindy.com\/news\/#website","url":"https:\/\/travindy.com\/news\/","name":"Travindy","description":"sustainable tourism consulting, news and resources","publisher":{"@id":"https:\/\/travindy.com\/news\/#organization"},"potentialAction":[{"@type":"SearchAction","target":{"@type":"EntryPoint","urlTemplate":"https:\/\/travindy.com\/news\/?s={search_term_string}"},"query-input":"required name=search_term_string"}],"inLanguage":"en-US"},{"@type":"Organization","@id":"https:\/\/travindy.com\/news\/#organization","name":"Travindy","url":"https:\/\/travindy.com\/news\/","logo":{"@type":"ImageObject","inLanguage":"en-US","@id":"https:\/\/travindy.com\/news\/#\/schema\/logo\/image\/","url":"https:\/\/travindy.com\/wp-content\/uploads\/2022\/08\/cropped-travindy-logo-square.png","contentUrl":"https:\/\/travindy.com\/wp-content\/uploads\/2022\/08\/cropped-travindy-logo-square.png","width":512,"height":512,"caption":"Travindy"},"image":{"@id":"https:\/\/travindy.com\/news\/#\/schema\/logo\/image\/"},"sameAs":["https:\/\/www.facebook.com\/travindy","https:\/\/twitter.com\/Travindy"]},{"@type":"Person","@id":"https:\/\/travindy.com\/news\/#\/schema\/person\/79576b26c03e84ac969c6cf7ad8118bb","name":"Travindy","image":{"@type":"ImageObject","inLanguage":"en-US","@id":"https:\/\/travindy.com\/news\/#\/schema\/person\/image\/","url":"https:\/\/secure.gravatar.com\/avatar\/7e8e24b511c9178e320b9eb2226dadb1?s=96&d=mm&r=g","contentUrl":"https:\/\/secure.gravatar.com\/avatar\/7e8e24b511c9178e320b9eb2226dadb1?s=96&d=mm&r=g","caption":"Travindy"},"description":"Travindy is an independent website featuring news and opinion on all issues to do with tourism and sustainability. Written primarily for an industry audience, our aim is to support the transformation of the sector into one that is regenerative, restorative and fully inclusive.","sameAs":["https:\/\/www.facebook.com\/travindy","https:\/\/twitter.com\/travindy"],"url":"https:\/\/travindy.com\/news\/author\/travindy\/"}]}},"_links":{"self":[{"href":"https:\/\/travindy.com\/news\/wp-json\/wp\/v2\/posts\/22088"}],"collection":[{"href":"https:\/\/travindy.com\/news\/wp-json\/wp\/v2\/posts"}],"about":[{"href":"https:\/\/travindy.com\/news\/wp-json\/wp\/v2\/types\/post"}],"author":[{"embeddable":true,"href":"https:\/\/travindy.com\/news\/wp-json\/wp\/v2\/users\/5"}],"replies":[{"embeddable":true,"href":"https:\/\/travindy.com\/news\/wp-json\/wp\/v2\/comments?post=22088"}],"version-history":[{"count":0,"href":"https:\/\/travindy.com\/news\/wp-json\/wp\/v2\/posts\/22088\/revisions"}],"wp:featuredmedia":[{"embeddable":true,"href":"https:\/\/travindy.com\/news\/wp-json\/wp\/v2\/media\/22089"}],"wp:attachment":[{"href":"https:\/\/travindy.com\/news\/wp-json\/wp\/v2\/media?parent=22088"}],"wp:term":[{"taxonomy":"category","embeddable":true,"href":"https:\/\/travindy.com\/news\/wp-json\/wp\/v2\/categories?post=22088"},{"taxonomy":"post_tag","embeddable":true,"href":"https:\/\/travindy.com\/news\/wp-json\/wp\/v2\/tags?post=22088"}],"curies":[{"name":"wp","href":"https:\/\/api.w.org\/{rel}","templated":true}]}}