{"id":20183,"date":"2017-10-08T12:57:45","date_gmt":"2017-10-08T11:57:45","guid":{"rendered":"https:\/\/travindy.com\/es\/?p=20183"},"modified":"2017-10-08T21:03:28","modified_gmt":"2017-10-08T20:03:28","slug":"cuando-el-turismo-responsable-y-el-yoga-se-unen-en-espana-pasen-y-vean-su-potencial-en-casa-cuadrau","status":"publish","type":"post","link":"https:\/\/travindy.com\/news\/2017\/10\/cuando-el-turismo-responsable-y-el-yoga-se-unen-en-espana-pasen-y-vean-su-potencial-en-casa-cuadrau\/","title":{"rendered":"Cuando el turismo responsable y el yoga se unen en Espa\u00f1a. Pasen y vean su potencial en Casa Cuadrau"},"content":{"rendered":"<figure id=\"attachment_20216\" aria-describedby=\"caption-attachment-20216\" style=\"width: 142px\" class=\"wp-caption alignleft\"><img decoding=\"async\" class=\"wp-image-20216\" src=\"https:\/\/travindy.com\/wp-content\/uploads\/2017\/10\/dani-y-katya-casa-cuadrau.jpg\" alt=\"Cuando el turismo responsable y el yoga se unen en Espa\u00f1a. Pasen y vean su potencial en Casa Cuadrau\" width=\"142\" height=\"144\" srcset=\"https:\/\/travindy.com\/news\/wp-content\/uploads\/2017\/10\/dani-y-katya-casa-cuadrau.jpg 300w, https:\/\/travindy.com\/news\/wp-content\/uploads\/2017\/10\/dani-y-katya-casa-cuadrau-296x300.jpg 296w\" sizes=\"(max-width: 142px) 100vw, 142px\" \/><figcaption id=\"caption-attachment-20216\" class=\"wp-caption-text\">Katya y Daniel<\/figcaption><\/figure>\n<p><span style=\"font-weight: 400;\">Entre los cursos de los r\u00edos Ara y Cinca, encontramos uno de esos pueblos en peligro de extinci\u00f3n con casas de piedra y flores asomando a cada rinc\u00f3n. Se llama Vi\u00f2, un municipio del Valle de Vi\u00f2 en el que confluyen dos disciplinas: yoga y naturaleza bajo el mismo tejado. Aqu\u00ed encontramos\u00a0<\/span><a href=\"http:\/\/www.casacuadrau.org\/\"><span style=\"font-weight: 400;\">Casa Cuadrau<\/span><\/a><span style=\"font-weight: 400;\">, una casa rural ecol\u00f3gica enmarcada dentro de la categor\u00eda de alojamientos \u00fanicos donde la estancia de los viajeros va ligada al descanso y al respeto por cuerpo, mente y naturaleza. <\/span><\/p>\n<p><span style=\"font-weight: 400;\">Sentados en la sala de yoga, con vistas al Parque Nacional de Ordesa y Monte Perdido, Daniel Benito y Katya R\u00edos comparten con Nuria Mohedano los detalles de este alojamiento pensado para turistas responsables.<\/span><\/p>\n<hr \/>\n<h5><strong>Nuria: Vi\u00f2 es un municipio rec\u00f3ndito, las exigencias de nuestro d\u00eda a d\u00eda nos demanda necesidades que un pueblo en peligro de extinci\u00f3n quiz\u00e1 no pueda satisfacer. Sin embargo, hab\u00e9is creado un alojamiento incre\u00edble con un car\u00e1cter \u00fanico \u00bfqu\u00e9 te impuls\u00f3 a darle ese giro a tu vida y embarcarte en este proyecto de turismo responsable?<\/strong><\/h5>\n<p><img fetchpriority=\"high\" decoding=\"async\" class=\"aligncenter size-full wp-image-20210\" src=\"https:\/\/travindy.com\/wp-content\/uploads\/2017\/10\/Casa-Cadrau-4.jpg\" alt=\"Cuando el turismo responsable y el yoga se unen en Espa\u00f1a. Pasen y vean su potencial en Casa Cuadrau\" width=\"954\" height=\"566\" srcset=\"https:\/\/travindy.com\/news\/wp-content\/uploads\/2017\/10\/Casa-Cadrau-4.jpg 954w, https:\/\/travindy.com\/news\/wp-content\/uploads\/2017\/10\/Casa-Cadrau-4-300x178.jpg 300w, https:\/\/travindy.com\/news\/wp-content\/uploads\/2017\/10\/Casa-Cadrau-4-768x456.jpg 768w, https:\/\/travindy.com\/news\/wp-content\/uploads\/2017\/10\/Casa-Cadrau-4-116x70.jpg 116w\" sizes=\"(max-width: 954px) 100vw, 954px\" \/><\/p>\n<p><b>Daniel:<\/b><span style=\"font-weight: 400;\"> Toda mi vida he sido un enamorado de las monta\u00f1as, y especialmente de los <\/span><a href=\"http:\/\/www.mapama.gob.es\/es\/red-parques-nacionales\/nuestros-parques\/ordesa\/\" rel=\"nofollow\"><span style=\"font-weight: 400;\">Pirineos<\/span><\/a><span style=\"font-weight: 400;\">. He aprendido mucho ascendiendo a cimas, mucho m\u00e1s de lo que pude aprender en el colegio y en la universidad. Tras descubrir el yoga, busqu\u00e9 retiros en el Pirineo, y as\u00ed no verme obligado a salir fuera de Espa\u00f1a. Quer\u00eda \u00a0seguir aprendiendo y practicando este arte milenario. No hubo suerte y tuve la visi\u00f3n de que quiz\u00e1 deb\u00eda ser yo quien crease esa posibilidad, suena id\u00edlico pero realmente encontr\u00e9 que quiz\u00e1 ese era mi cometido. Quer\u00eda vivir en estas monta\u00f1as, aprender mejor a respetarlas y compartir esa sabidur\u00eda que desprenden. <\/span><\/p>\n<h5><b>Nuria: Actualmente hay m\u00e1s alojamientos que presentan unos servicios vinculados al descanso y al yoga pero \u00bfestamos quiz\u00e1 ante una tipolog\u00eda de alojamiento \u00fanico en nuestro pa\u00eds en Casa Cuadrau?<\/b><\/h5>\n<p><img decoding=\"async\" class=\"aligncenter size-full wp-image-20208\" src=\"https:\/\/travindy.com\/wp-content\/uploads\/2017\/10\/Casa-Cadrau-3.jpg\" alt=\"Cuando el turismo responsable y el yoga se unen en Espa\u00f1a. Pasen y vean su potencial en Casa Cuadrau\" width=\"1333\" height=\"793\" srcset=\"https:\/\/travindy.com\/news\/wp-content\/uploads\/2017\/10\/Casa-Cadrau-3.jpg 1333w, https:\/\/travindy.com\/news\/wp-content\/uploads\/2017\/10\/Casa-Cadrau-3-300x178.jpg 300w, https:\/\/travindy.com\/news\/wp-content\/uploads\/2017\/10\/Casa-Cadrau-3-768x457.jpg 768w, https:\/\/travindy.com\/news\/wp-content\/uploads\/2017\/10\/Casa-Cadrau-3-1024x609.jpg 1024w, https:\/\/travindy.com\/news\/wp-content\/uploads\/2017\/10\/Casa-Cadrau-3-116x70.jpg 116w\" sizes=\"(max-width: 1333px) 100vw, 1333px\" \/><\/p>\n<p><b>Daniel:<\/b><span style=\"font-weight: 400;\"> Quiz\u00e1s s\u00ed. Hay otros centros que ofrecen retiros de yoga y ahora, la f\u00f3rmula de yoga y senderismo consciente y meditativo, en la que nos consideramos pioneros, la est\u00e1n adoptando tambi\u00e9n otros establecimientos. El envoltorio puede ser similar, pero los ingredientes de nuestra receta de turismo responsable son cosecha propia. \u00a0Casa Cuadrau adem\u00e1s naci\u00f3 como un proyecto que sirviera para recuperar una casa abandonada, convirti\u00e9ndola en un espacio ecol\u00f3gico de desarrollo local y sostenible y que de forma paralela sirviera de servicio para la salud, el bienestar f\u00edsico y espiritual, las artes y el conocimiento del medio natural. <\/span><\/p>\n<p><span style=\"font-weight: 400;\">Serios y profundos cambios ha sufrido este valle, como otras zonas pirenaicas en los \u00faltimos cincuenta a\u00f1os. Desde Casa Cuadrau, somos conscientes del esfuerzo de los habitantes y entidades locales que han sobrevivido a la dram\u00e1tica despoblaci\u00f3n de este valle. Dentro de esta l\u00ednea, nace lo que nos identifica y distingue de cualquier tipo de alojamiento, lo que llamamos \u00a0proyecto de rescate de uno de los municipios m\u00e1s agrestes y rec\u00f3nditos del<\/span> <span style=\"font-weight: 400;\">Pirineo. Casa Cuadrau es una de las construcciones m\u00e1s antiguas del pueblo y resulta un perfecto ejemplo de integraci\u00f3n en el paisaje.<\/span><\/p>\n<blockquote><p>&#8220;Nuestro alojamiento nace con la idea de ser una herramienta de rescate de la poblaci\u00f3n local y una forma de preservar nuestro medio natural.&#8221;<\/p><\/blockquote>\n<h5><b>Nuria: Cuando algo se pone de moda, se desvirt\u00faa su autenticidad. Este es el caso del yoga en la actualidad, muchos viajes o actividades en la naturaleza ya incluyen esta pr\u00e1ctica como parte de la experiencia \u00bfqu\u00e9 retos supone este hecho para Casa Cuadrau?<\/b><\/h5>\n<p><img loading=\"lazy\" decoding=\"async\" class=\"wp-image-20206 alignleft\" src=\"https:\/\/travindy.com\/wp-content\/uploads\/2017\/10\/Casa-Cadrau-2.jpg\" alt=\"Cuando el turismo responsable y el yoga se unen en Espa\u00f1a. Pasen y vean su potencial en Casa Cuadrau\" width=\"323\" height=\"344\" srcset=\"https:\/\/travindy.com\/news\/wp-content\/uploads\/2017\/10\/Casa-Cadrau-2.jpg 750w, https:\/\/travindy.com\/news\/wp-content\/uploads\/2017\/10\/Casa-Cadrau-2-282x300.jpg 282w\" sizes=\"(max-width: 323px) 100vw, 323px\" \/><\/p>\n<p><span style=\"font-weight: 400;\"><strong>Katya:<\/strong> Sin duda intentar transmitir que en esta disciplina no todo vale, nuestra salud est\u00e1 en juego. Somos conscientes de que debemos permanecer en una constante fase de mejora y superarnos d\u00eda a d\u00eda. Somos conscientes de este hecho pero tambi\u00e9n sabemos que algo m\u00e1s que un deporte o una actividad de ocio para muchos, es una filosof\u00eda de vida. Va m\u00e1s all\u00e1. Hay m\u00e1s elementos que deben componer esa oferta de viaje responsable asociada al yoga.<\/span><\/p>\n<p><span style=\"font-weight: 400;\">En nuestro caso, un reto es que consigamos que nuestro huerto ecol\u00f3gico crezca a\u00fan m\u00e1s. Que logremos que todo lo que consumimos sea m\u00e1s y m\u00e1s local, biol\u00f3gico y de temporada y as\u00ed eliminar por completo el bote del pl\u00e1stico de nuestros residuos. No hablamos de dos horas de actividad, trasciende a tu d\u00eda a d\u00eda, a tu filosof\u00eda de vida. Otro importante reto es consumir menos recursos (agua, gas, electricidad) y producir m\u00e1s energ\u00eda hasta llegar al punto de equilibrio en que la casa produzca, como m\u00ednimo, la misma energ\u00eda que consume. Nos esforzamos en mejorar nuestra labor \u00a0de sensibilizaci\u00f3n y divulgaci\u00f3n en materias de ecolog\u00eda y medio natural. Tenemos nuestro propio huerto recogemos el agua de lluvia y reutilizamos las aguas grises. La casa est\u00e1 tan bien hecha que, por mucho fr\u00edo que haga, los d\u00edas de sol no es necesario el uso de la calefacci\u00f3n. Pero no es suficiente, siempre se puede hacer mejor. La Naturaleza es, en este sentido nuestra fuente de inspiraci\u00f3n. <\/span><\/p>\n<h5><b>Nuria: Casa Cuadrau se posiciona entre los<a href=\"https:\/\/elviajero.elpais.com\/elviajero\/2017\/04\/04\/actualidad\/1491306909_064555.html\" target=\"_blank\" rel=\"noopener nofollow\"> 10 alojamientos rurales<\/a> en los que practicar yoga y tener una vacaciones saludables y en consonancia con la naturaleza \u00bfqu\u00e9 os hace sentir m\u00e1s orgullosos con respecto a vuestro proyecto? <\/b><\/h5>\n<p><img loading=\"lazy\" decoding=\"async\" class=\"wp-image-20218 alignright\" src=\"https:\/\/travindy.com\/wp-content\/uploads\/2017\/10\/Casa-Cuadrau.jpg\" alt=\"Cuando el turismo responsable y el yoga se unen en Espa\u00f1a. Pasen y vean su potencial en Casa Cuadrau\" width=\"225\" height=\"281\" srcset=\"https:\/\/travindy.com\/news\/wp-content\/uploads\/2017\/10\/Casa-Cuadrau.jpg 768w, https:\/\/travindy.com\/news\/wp-content\/uploads\/2017\/10\/Casa-Cuadrau-240x300.jpg 240w\" sizes=\"(max-width: 225px) 100vw, 225px\" \/><\/p>\n<p><span style=\"font-weight: 400;\"><strong>Katya:<\/strong> Lo que m\u00e1s nos hace creer en lo que hacemos y sentirnos orgullosos del proyecto es el \u201cfeed back\u201d de las personas que vienen. Nos env\u00edan muchos\u00a0<\/span><\/p>\n<p><span style=\"font-weight: 400;\">testimonios de c\u00f3mo ha sido su estancia y muchos de ellos explicando de qu\u00e9 modo la experiencia les ha cambiado la vida. Pero lo que m\u00e1s felices nos hace ver como nuestros viajeros repiten una y otra vez para disfrutar de unas vacaciones muy distintas en las que tienen la oportunidad de profundizar en el arte de vivir, de la mano de la mejor de las maestras: La Madre Naturaleza.<\/span><\/p>\n<h5><b>Nuria: A veces resulta dif\u00edcil transmitir esos valores que hacen que un turista se vista de viajero responsable \u00bfQu\u00e9 estrategias utiliz\u00e1is para comunicar sostenibilidad a vuestros clientes y que se la lleven puesta a casa?<\/b><\/h5>\n<p><b>Daniel:<\/b><span style=\"font-weight: 400;\"> Comenzamos con la alimentaci\u00f3n y de forma oral comunicamos: qu\u00e9 y c\u00f3mo comemos. Durante las comidas y cenas, con nuestro men\u00fa y platos<br \/>\ntransmitimos que se puede comer muy bien y llevar una vida m\u00e1s sana y ecol\u00f3gica introduciendo en tu d\u00eda a d\u00eda sencillos cambios, aunque vivamos en grandes ciudades. Consumo de lo local, ecol\u00f3gico y de temporada. <\/span><\/p>\n<p><span style=\"font-weight: 400;\">En cuanto al uso responsable de los recursos usamos mucho los letreros y dibujos distribuidos por toda la casa en los que tratamos de concienciar acerca del uso del agua, luz, etc. Pero lo m\u00e1s importante sucede a nivel experiencial. Despu\u00e9s de una semana viviendo en una casa ecol\u00f3gica, consumiendo alimentos limpios, haciendo ejercicios adecuados, tanto para nuestra mente como para el cuerpo y esp\u00edritu, nos sentimos sanados y sentimos la necesidad de agradecer a estas monta\u00f1as y a la naturaleza en general todo lo que nos ofrece y eso, s\u00f3lo se puede hacer respetando m\u00e1s la naturaleza. Somos parte de ella si la respetamos nos respetamos a nosotros y viceversa.<\/span><\/p>\n<h5><b>Nuria: Desde hace a\u00f1os, la pr\u00e1ctica del yoga forma parte de las motivaciones de una tipolog\u00eda de viajero que busca vacaciones pero al mismo tiempo bienestar f\u00edsico y mental. El destino m\u00e1s famoso es la India, pero \u00bfcu\u00e1l es en tu opini\u00f3n sobre \u00a0Espa\u00f1a como destino tur\u00edstico para este efecto? <\/b><\/h5>\n<p><b>Daniel:<\/b><span style=\"font-weight: 400;\"> India es un pa\u00eds fascinante con una cultura de la que tenemos mucho que aprender. Pero no es necesario en absoluto viajar a India para aprender y practicar yoga. Tampoco creo que sea el destino ideal para hacerlo. A m\u00ed, personalmente, es un pa\u00eds que me fascina, pero no lo recomendar\u00eda a alguien que anda buscando paz y tranquilidad.<\/span><\/p>\n<p><img loading=\"lazy\" decoding=\"async\" class=\"aligncenter size-full wp-image-20212\" src=\"https:\/\/travindy.com\/wp-content\/uploads\/2017\/10\/Casa-Cadrau-5.jpg\" alt=\"Cuando el turismo responsable y el yoga se unen en Espa\u00f1a. Pasen y vean su potencial en Casa Cuadrau\" width=\"951\" height=\"481\" srcset=\"https:\/\/travindy.com\/news\/wp-content\/uploads\/2017\/10\/Casa-Cadrau-5.jpg 951w, https:\/\/travindy.com\/news\/wp-content\/uploads\/2017\/10\/Casa-Cadrau-5-300x152.jpg 300w, https:\/\/travindy.com\/news\/wp-content\/uploads\/2017\/10\/Casa-Cadrau-5-768x388.jpg 768w\" sizes=\"(max-width: 951px) 100vw, 951px\" \/><\/p>\n<p><span style=\"font-weight: 400;\">Hoy en d\u00eda los mejores profesores de yoga, procedentes de todo el mundo viajan a lo largo y ancho del globo ense\u00f1ando este maravilloso arte. <\/span><\/p>\n<p><span style=\"font-weight: 400;\">Espa\u00f1a, es un pa\u00eds que ofrece un emplazamiento extraordinario con un clima y unos recursos naturales de gran valor ecol\u00f3gico y paisaj\u00edstico, es el pa\u00eds europeo con mayor biodiversidad. El Pirineo, es una cordillera con una biodiversidad extraordinaria, que ofrece un entorno ideal para cualquier pr\u00e1ctica espiritual. Las diferentes escrituras y maestros hacen siempre hincapi\u00e9 en la naturaleza como maestra de maestros. Todo apunta a que todos los elementos que necesitamos para fraguar una oferta y una demanda en pro de la sostenibilidad est\u00e1n a nuestro alcance. No obstante, a\u00fan falta algo en esta ecuaci\u00f3n, ya que no somos reconocidos a\u00fan en este sentido por el viajero responsable. <\/span><\/p>\n<p style=\"text-align: center;\"><b>\u00a1Gracias Daniel y Katya! Puedes seguir a Casa Cuadrau en <\/b><a href=\"https:\/\/www.facebook.com\/CasaCuadrauYogaArtNatureSpanishPyrenees\/\"><b>Facebook<\/b><\/a><b> y visitar su <\/b><a href=\"http:\/\/www.casacuadrau.org\/\"><b>web<\/b><\/a><b> para conocer m\u00e1s detalles de este acogedor y singular alojamiento<\/b><\/p>\n","protected":false},"excerpt":{"rendered":"<p>Sentados en la sala de yoga, con vistas al Parque Nacional de Ordesa y Monte Perdido, Daniel Benito y Katya R\u00edos comparten con Nuria Mohedano los detalles de este alojamiento pensado para turistas responsables.<\/p>\n","protected":false},"author":66,"featured_media":20208,"comment_status":"open","ping_status":"open","sticky":false,"template":"","format":"standard","meta":{"footnotes":""},"categories":[534],"tags":[2209,1667,2210],"yoast_head":"<!-- This site is optimized with the Yoast SEO plugin v21.4 - https:\/\/yoast.com\/wordpress\/plugins\/seo\/ -->\n<title>Cuando el turismo responsable y el yoga se unen en Espa\u00f1a. Pasen y vean su potencial en Casa Cuadrau<\/title>\n<meta name=\"description\" content=\"Sentados en la sala de yoga, con vistas al Parque Nacional de Ordesa y Monte Perdido, Daniel Benito y Katya R\u00edos comparten con Nuria Mohedano los detalles de este alojamiento pensado para turistas responsables.\" \/>\n<meta name=\"robots\" content=\"index, follow, max-snippet:-1, max-image-preview:large, max-video-preview:-1\" \/>\n<link rel=\"canonical\" href=\"https:\/\/travindy.com\/news\/2017\/10\/cuando-el-turismo-responsable-y-el-yoga-se-unen-en-espana-pasen-y-vean-su-potencial-en-casa-cuadrau\/\" \/>\n<meta property=\"og:locale\" content=\"en_US\" \/>\n<meta property=\"og:type\" content=\"article\" \/>\n<meta property=\"og:title\" content=\"Cuando el turismo responsable y el yoga se unen en Espa\u00f1a. Pasen y vean su potencial en Casa Cuadrau\" \/>\n<meta property=\"og:description\" content=\"Sentados en la sala de yoga, con vistas al Parque Nacional de Ordesa y Monte Perdido, Daniel Benito y Katya R\u00edos comparten con Nuria Mohedano los detalles de este alojamiento pensado para turistas responsables.\" \/>\n<meta property=\"og:url\" content=\"https:\/\/travindy.com\/news\/2017\/10\/cuando-el-turismo-responsable-y-el-yoga-se-unen-en-espana-pasen-y-vean-su-potencial-en-casa-cuadrau\/\" \/>\n<meta property=\"og:site_name\" content=\"Travindy\" \/>\n<meta property=\"article:publisher\" content=\"https:\/\/www.facebook.com\/travindy\" \/>\n<meta property=\"article:published_time\" content=\"2017-10-08T11:57:45+00:00\" \/>\n<meta property=\"article:modified_time\" content=\"2017-10-08T20:03:28+00:00\" \/>\n<meta property=\"og:image\" content=\"https:\/\/travindy.com\/news\/wp-content\/uploads\/2017\/10\/Casa-Cadrau-3.jpg\" \/>\n\t<meta property=\"og:image:width\" content=\"1333\" \/>\n\t<meta property=\"og:image:height\" content=\"793\" \/>\n\t<meta property=\"og:image:type\" content=\"image\/jpeg\" \/>\n<meta name=\"author\" content=\"Nuria Mohedano\" \/>\n<meta name=\"twitter:card\" content=\"summary_large_image\" \/>\n<meta name=\"twitter:creator\" content=\"@Travindy\" \/>\n<meta name=\"twitter:site\" content=\"@Travindy\" \/>\n<meta name=\"twitter:label1\" content=\"Written by\" \/>\n\t<meta name=\"twitter:data1\" content=\"Nuria Mohedano\" \/>\n\t<meta name=\"twitter:label2\" content=\"Est. reading time\" \/>\n\t<meta name=\"twitter:data2\" content=\"8 minutes\" \/>\n<script type=\"application\/ld+json\" class=\"yoast-schema-graph\">{\"@context\":\"https:\/\/schema.org\",\"@graph\":[{\"@type\":\"Article\",\"@id\":\"https:\/\/travindy.com\/news\/2017\/10\/cuando-el-turismo-responsable-y-el-yoga-se-unen-en-espana-pasen-y-vean-su-potencial-en-casa-cuadrau\/#article\",\"isPartOf\":{\"@id\":\"https:\/\/travindy.com\/news\/2017\/10\/cuando-el-turismo-responsable-y-el-yoga-se-unen-en-espana-pasen-y-vean-su-potencial-en-casa-cuadrau\/\"},\"author\":{\"name\":\"Nuria Mohedano\",\"@id\":\"https:\/\/travindy.com\/news\/#\/schema\/person\/03e6f92c0d151f770d489abb40ac78a2\"},\"headline\":\"Cuando el turismo responsable y el yoga se unen en Espa\u00f1a. Pasen y vean su potencial en Casa Cuadrau\",\"datePublished\":\"2017-10-08T11:57:45+00:00\",\"dateModified\":\"2017-10-08T20:03:28+00:00\",\"mainEntityOfPage\":{\"@id\":\"https:\/\/travindy.com\/news\/2017\/10\/cuando-el-turismo-responsable-y-el-yoga-se-unen-en-espana-pasen-y-vean-su-potencial-en-casa-cuadrau\/\"},\"wordCount\":1572,\"commentCount\":0,\"publisher\":{\"@id\":\"https:\/\/travindy.com\/news\/#organization\"},\"keywords\":[\"Casa Cuadrau\",\"Pirineos\",\"Yoga\"],\"articleSection\":[\"News\"],\"inLanguage\":\"en-US\",\"potentialAction\":[{\"@type\":\"CommentAction\",\"name\":\"Comment\",\"target\":[\"https:\/\/travindy.com\/news\/2017\/10\/cuando-el-turismo-responsable-y-el-yoga-se-unen-en-espana-pasen-y-vean-su-potencial-en-casa-cuadrau\/#respond\"]}]},{\"@type\":\"WebPage\",\"@id\":\"https:\/\/travindy.com\/news\/2017\/10\/cuando-el-turismo-responsable-y-el-yoga-se-unen-en-espana-pasen-y-vean-su-potencial-en-casa-cuadrau\/\",\"url\":\"https:\/\/travindy.com\/news\/2017\/10\/cuando-el-turismo-responsable-y-el-yoga-se-unen-en-espana-pasen-y-vean-su-potencial-en-casa-cuadrau\/\",\"name\":\"Cuando el turismo responsable y el yoga se unen en Espa\u00f1a. Pasen y vean su potencial en Casa Cuadrau\",\"isPartOf\":{\"@id\":\"https:\/\/travindy.com\/news\/#website\"},\"datePublished\":\"2017-10-08T11:57:45+00:00\",\"dateModified\":\"2017-10-08T20:03:28+00:00\",\"description\":\"Sentados en la sala de yoga, con vistas al Parque Nacional de Ordesa y Monte Perdido, Daniel Benito y Katya R\u00edos comparten con Nuria Mohedano los detalles de este alojamiento pensado para turistas responsables.\",\"breadcrumb\":{\"@id\":\"https:\/\/travindy.com\/news\/2017\/10\/cuando-el-turismo-responsable-y-el-yoga-se-unen-en-espana-pasen-y-vean-su-potencial-en-casa-cuadrau\/#breadcrumb\"},\"inLanguage\":\"en-US\",\"potentialAction\":[{\"@type\":\"ReadAction\",\"target\":[\"https:\/\/travindy.com\/news\/2017\/10\/cuando-el-turismo-responsable-y-el-yoga-se-unen-en-espana-pasen-y-vean-su-potencial-en-casa-cuadrau\/\"]}]},{\"@type\":\"BreadcrumbList\",\"@id\":\"https:\/\/travindy.com\/news\/2017\/10\/cuando-el-turismo-responsable-y-el-yoga-se-unen-en-espana-pasen-y-vean-su-potencial-en-casa-cuadrau\/#breadcrumb\",\"itemListElement\":[{\"@type\":\"ListItem\",\"position\":1,\"name\":\"Home\",\"item\":\"https:\/\/travindy.com\/news\/\"},{\"@type\":\"ListItem\",\"position\":2,\"name\":\"Cuando el turismo responsable y el yoga se unen en Espa\u00f1a. Pasen y vean su potencial en Casa Cuadrau\"}]},{\"@type\":\"WebSite\",\"@id\":\"https:\/\/travindy.com\/news\/#website\",\"url\":\"https:\/\/travindy.com\/news\/\",\"name\":\"Travindy\",\"description\":\"sustainable tourism consulting, news and resources\",\"publisher\":{\"@id\":\"https:\/\/travindy.com\/news\/#organization\"},\"potentialAction\":[{\"@type\":\"SearchAction\",\"target\":{\"@type\":\"EntryPoint\",\"urlTemplate\":\"https:\/\/travindy.com\/news\/?s={search_term_string}\"},\"query-input\":\"required name=search_term_string\"}],\"inLanguage\":\"en-US\"},{\"@type\":\"Organization\",\"@id\":\"https:\/\/travindy.com\/news\/#organization\",\"name\":\"Travindy\",\"url\":\"https:\/\/travindy.com\/news\/\",\"logo\":{\"@type\":\"ImageObject\",\"inLanguage\":\"en-US\",\"@id\":\"https:\/\/travindy.com\/news\/#\/schema\/logo\/image\/\",\"url\":\"https:\/\/travindy.com\/wp-content\/uploads\/2022\/08\/cropped-travindy-logo-square.png\",\"contentUrl\":\"https:\/\/travindy.com\/wp-content\/uploads\/2022\/08\/cropped-travindy-logo-square.png\",\"width\":512,\"height\":512,\"caption\":\"Travindy\"},\"image\":{\"@id\":\"https:\/\/travindy.com\/news\/#\/schema\/logo\/image\/\"},\"sameAs\":[\"https:\/\/www.facebook.com\/travindy\",\"https:\/\/twitter.com\/Travindy\"]},{\"@type\":\"Person\",\"@id\":\"https:\/\/travindy.com\/news\/#\/schema\/person\/03e6f92c0d151f770d489abb40ac78a2\",\"name\":\"Nuria Mohedano\",\"image\":{\"@type\":\"ImageObject\",\"inLanguage\":\"en-US\",\"@id\":\"https:\/\/travindy.com\/news\/#\/schema\/person\/image\/\",\"url\":\"https:\/\/secure.gravatar.com\/avatar\/dc431ebbe8e8c3dd5c208ae74a93a1c7?s=96&d=mm&r=g\",\"contentUrl\":\"https:\/\/secure.gravatar.com\/avatar\/dc431ebbe8e8c3dd5c208ae74a93a1c7?s=96&d=mm&r=g\",\"caption\":\"Nuria Mohedano\"},\"description\":\"Es formadora y consultora freelance de turismo sostenible. Su \u00faltimo proyecto ha sido el dise\u00f1o y ejecuci\u00f3n del Plan de Comunicaci\u00f3n del III Congreso Nacional de Ecoturismo en Espa\u00f1a. Apuesta por la interpretaci\u00f3n del patrimonio como herramienta de puesta en valor de destinos y es una apasionada del paisaje y el paisanaje de Castilla-La Mancha, su tierra natal.\",\"url\":\"https:\/\/travindy.com\/news\/author\/nuriam\/\"}]}<\/script>\n<!-- \/ Yoast SEO plugin. -->","yoast_head_json":{"title":"Cuando el turismo responsable y el yoga se unen en Espa\u00f1a. Pasen y vean su potencial en Casa Cuadrau","description":"Sentados en la sala de yoga, con vistas al Parque Nacional de Ordesa y Monte Perdido, Daniel Benito y Katya R\u00edos comparten con Nuria Mohedano los detalles de este alojamiento pensado para turistas responsables.","robots":{"index":"index","follow":"follow","max-snippet":"max-snippet:-1","max-image-preview":"max-image-preview:large","max-video-preview":"max-video-preview:-1"},"canonical":"https:\/\/travindy.com\/news\/2017\/10\/cuando-el-turismo-responsable-y-el-yoga-se-unen-en-espana-pasen-y-vean-su-potencial-en-casa-cuadrau\/","og_locale":"en_US","og_type":"article","og_title":"Cuando el turismo responsable y el yoga se unen en Espa\u00f1a. Pasen y vean su potencial en Casa Cuadrau","og_description":"Sentados en la sala de yoga, con vistas al Parque Nacional de Ordesa y Monte Perdido, Daniel Benito y Katya R\u00edos comparten con Nuria Mohedano los detalles de este alojamiento pensado para turistas responsables.","og_url":"https:\/\/travindy.com\/news\/2017\/10\/cuando-el-turismo-responsable-y-el-yoga-se-unen-en-espana-pasen-y-vean-su-potencial-en-casa-cuadrau\/","og_site_name":"Travindy","article_publisher":"https:\/\/www.facebook.com\/travindy","article_published_time":"2017-10-08T11:57:45+00:00","article_modified_time":"2017-10-08T20:03:28+00:00","og_image":[{"width":1333,"height":793,"url":"https:\/\/travindy.com\/news\/wp-content\/uploads\/2017\/10\/Casa-Cadrau-3.jpg","type":"image\/jpeg"}],"author":"Nuria Mohedano","twitter_card":"summary_large_image","twitter_creator":"@Travindy","twitter_site":"@Travindy","twitter_misc":{"Written by":"Nuria Mohedano","Est. reading time":"8 minutes"},"schema":{"@context":"https:\/\/schema.org","@graph":[{"@type":"Article","@id":"https:\/\/travindy.com\/news\/2017\/10\/cuando-el-turismo-responsable-y-el-yoga-se-unen-en-espana-pasen-y-vean-su-potencial-en-casa-cuadrau\/#article","isPartOf":{"@id":"https:\/\/travindy.com\/news\/2017\/10\/cuando-el-turismo-responsable-y-el-yoga-se-unen-en-espana-pasen-y-vean-su-potencial-en-casa-cuadrau\/"},"author":{"name":"Nuria Mohedano","@id":"https:\/\/travindy.com\/news\/#\/schema\/person\/03e6f92c0d151f770d489abb40ac78a2"},"headline":"Cuando el turismo responsable y el yoga se unen en Espa\u00f1a. Pasen y vean su potencial en Casa Cuadrau","datePublished":"2017-10-08T11:57:45+00:00","dateModified":"2017-10-08T20:03:28+00:00","mainEntityOfPage":{"@id":"https:\/\/travindy.com\/news\/2017\/10\/cuando-el-turismo-responsable-y-el-yoga-se-unen-en-espana-pasen-y-vean-su-potencial-en-casa-cuadrau\/"},"wordCount":1572,"commentCount":0,"publisher":{"@id":"https:\/\/travindy.com\/news\/#organization"},"keywords":["Casa Cuadrau","Pirineos","Yoga"],"articleSection":["News"],"inLanguage":"en-US","potentialAction":[{"@type":"CommentAction","name":"Comment","target":["https:\/\/travindy.com\/news\/2017\/10\/cuando-el-turismo-responsable-y-el-yoga-se-unen-en-espana-pasen-y-vean-su-potencial-en-casa-cuadrau\/#respond"]}]},{"@type":"WebPage","@id":"https:\/\/travindy.com\/news\/2017\/10\/cuando-el-turismo-responsable-y-el-yoga-se-unen-en-espana-pasen-y-vean-su-potencial-en-casa-cuadrau\/","url":"https:\/\/travindy.com\/news\/2017\/10\/cuando-el-turismo-responsable-y-el-yoga-se-unen-en-espana-pasen-y-vean-su-potencial-en-casa-cuadrau\/","name":"Cuando el turismo responsable y el yoga se unen en Espa\u00f1a. Pasen y vean su potencial en Casa Cuadrau","isPartOf":{"@id":"https:\/\/travindy.com\/news\/#website"},"datePublished":"2017-10-08T11:57:45+00:00","dateModified":"2017-10-08T20:03:28+00:00","description":"Sentados en la sala de yoga, con vistas al Parque Nacional de Ordesa y Monte Perdido, Daniel Benito y Katya R\u00edos comparten con Nuria Mohedano los detalles de este alojamiento pensado para turistas responsables.","breadcrumb":{"@id":"https:\/\/travindy.com\/news\/2017\/10\/cuando-el-turismo-responsable-y-el-yoga-se-unen-en-espana-pasen-y-vean-su-potencial-en-casa-cuadrau\/#breadcrumb"},"inLanguage":"en-US","potentialAction":[{"@type":"ReadAction","target":["https:\/\/travindy.com\/news\/2017\/10\/cuando-el-turismo-responsable-y-el-yoga-se-unen-en-espana-pasen-y-vean-su-potencial-en-casa-cuadrau\/"]}]},{"@type":"BreadcrumbList","@id":"https:\/\/travindy.com\/news\/2017\/10\/cuando-el-turismo-responsable-y-el-yoga-se-unen-en-espana-pasen-y-vean-su-potencial-en-casa-cuadrau\/#breadcrumb","itemListElement":[{"@type":"ListItem","position":1,"name":"Home","item":"https:\/\/travindy.com\/news\/"},{"@type":"ListItem","position":2,"name":"Cuando el turismo responsable y el yoga se unen en Espa\u00f1a. Pasen y vean su potencial en Casa Cuadrau"}]},{"@type":"WebSite","@id":"https:\/\/travindy.com\/news\/#website","url":"https:\/\/travindy.com\/news\/","name":"Travindy","description":"sustainable tourism consulting, news and resources","publisher":{"@id":"https:\/\/travindy.com\/news\/#organization"},"potentialAction":[{"@type":"SearchAction","target":{"@type":"EntryPoint","urlTemplate":"https:\/\/travindy.com\/news\/?s={search_term_string}"},"query-input":"required name=search_term_string"}],"inLanguage":"en-US"},{"@type":"Organization","@id":"https:\/\/travindy.com\/news\/#organization","name":"Travindy","url":"https:\/\/travindy.com\/news\/","logo":{"@type":"ImageObject","inLanguage":"en-US","@id":"https:\/\/travindy.com\/news\/#\/schema\/logo\/image\/","url":"https:\/\/travindy.com\/wp-content\/uploads\/2022\/08\/cropped-travindy-logo-square.png","contentUrl":"https:\/\/travindy.com\/wp-content\/uploads\/2022\/08\/cropped-travindy-logo-square.png","width":512,"height":512,"caption":"Travindy"},"image":{"@id":"https:\/\/travindy.com\/news\/#\/schema\/logo\/image\/"},"sameAs":["https:\/\/www.facebook.com\/travindy","https:\/\/twitter.com\/Travindy"]},{"@type":"Person","@id":"https:\/\/travindy.com\/news\/#\/schema\/person\/03e6f92c0d151f770d489abb40ac78a2","name":"Nuria Mohedano","image":{"@type":"ImageObject","inLanguage":"en-US","@id":"https:\/\/travindy.com\/news\/#\/schema\/person\/image\/","url":"https:\/\/secure.gravatar.com\/avatar\/dc431ebbe8e8c3dd5c208ae74a93a1c7?s=96&d=mm&r=g","contentUrl":"https:\/\/secure.gravatar.com\/avatar\/dc431ebbe8e8c3dd5c208ae74a93a1c7?s=96&d=mm&r=g","caption":"Nuria Mohedano"},"description":"Es formadora y consultora freelance de turismo sostenible. Su \u00faltimo proyecto ha sido el dise\u00f1o y ejecuci\u00f3n del Plan de Comunicaci\u00f3n del III Congreso Nacional de Ecoturismo en Espa\u00f1a. Apuesta por la interpretaci\u00f3n del patrimonio como herramienta de puesta en valor de destinos y es una apasionada del paisaje y el paisanaje de Castilla-La Mancha, su tierra natal.","url":"https:\/\/travindy.com\/news\/author\/nuriam\/"}]}},"_links":{"self":[{"href":"https:\/\/travindy.com\/news\/wp-json\/wp\/v2\/posts\/20183"}],"collection":[{"href":"https:\/\/travindy.com\/news\/wp-json\/wp\/v2\/posts"}],"about":[{"href":"https:\/\/travindy.com\/news\/wp-json\/wp\/v2\/types\/post"}],"author":[{"embeddable":true,"href":"https:\/\/travindy.com\/news\/wp-json\/wp\/v2\/users\/66"}],"replies":[{"embeddable":true,"href":"https:\/\/travindy.com\/news\/wp-json\/wp\/v2\/comments?post=20183"}],"version-history":[{"count":0,"href":"https:\/\/travindy.com\/news\/wp-json\/wp\/v2\/posts\/20183\/revisions"}],"wp:featuredmedia":[{"embeddable":true,"href":"https:\/\/travindy.com\/news\/wp-json\/wp\/v2\/media\/20208"}],"wp:attachment":[{"href":"https:\/\/travindy.com\/news\/wp-json\/wp\/v2\/media?parent=20183"}],"wp:term":[{"taxonomy":"category","embeddable":true,"href":"https:\/\/travindy.com\/news\/wp-json\/wp\/v2\/categories?post=20183"},{"taxonomy":"post_tag","embeddable":true,"href":"https:\/\/travindy.com\/news\/wp-json\/wp\/v2\/tags?post=20183"}],"curies":[{"name":"wp","href":"https:\/\/api.w.org\/{rel}","templated":true}]}}