{"id":20013,"date":"2017-09-30T11:33:23","date_gmt":"2017-09-30T10:33:23","guid":{"rendered":"https:\/\/travindy.com\/es\/?p=20013"},"modified":"2017-09-30T11:33:23","modified_gmt":"2017-09-30T10:33:23","slug":"costa-rica-acoge-la-conferencia-sobre-turismo-sostenible-de-la-omt","status":"publish","type":"post","link":"https:\/\/travindy.com\/news\/2017\/09\/costa-rica-acoge-la-conferencia-sobre-turismo-sostenible-de-la-omt\/","title":{"rendered":"Costa Rica acoge la conferencia sobre turismo sostenible de la OMT"},"content":{"rendered":"<p><img fetchpriority=\"high\" decoding=\"async\" class=\"aligncenter wp-image-20008\" src=\"https:\/\/travindy.com\/wp-content\/uploads\/2017\/09\/arenal-300x207.jpg\" alt=\"Costa Rica acoge la conferencia sobre turismo sostenible de la OMT\" width=\"423\" height=\"292\" \/><\/p>\n<p><span class=\"wpsdc-drop-cap\">E<\/span>ntre los d\u00edas 9 y 11 de octubre,\u00a0Costa Rica\u00a0ser\u00e1 la sede de la sexta edici\u00f3n de la\u00a0Conferencia Internacional de Turismo Sostenible Planeta, Personas, Paz (P3), que espera la asistencia de 25 expositores de 15 pa\u00edses.<\/p>\n<p>Las autoridades del pa\u00eds esperan que este encuentro fortalezca el\u00a0posicionamiento de Costa Rica como destino responsable, gracias a las\u00a0iniciativas innovadoras\u00a0que realizan los sectores p\u00fablicos y privados del pa\u00eds.<\/p>\n<p>Este pa\u00eds, pionero en\u00a0turismo sostenible,\u00a0est\u00e1 comprometido con un an\u00e1lisis abierto y constante sobre el tema, seg\u00fan un comunicado remitido por\u00a0Turismo de Costa Rica.\u00a0Por esta raz\u00f3n, surge la idea de liderar esta conferencia, cuyo t\u00edtulo refleja el\u00a0inter\u00e9s por comprender nuestro entorno\u00a0y su problem\u00e1tica desde una perspectiva global, \u00edntimamente asociada al papel que juegan las personas con sus acciones y decisiones.<\/p>\n<p><b>Este art\u00edculo es un resumen de la noticia original publicada por Hosteltur:\u00a0<\/b><a href=\"https:\/\/www.hosteltur.com\/124092_costa-rica-acoge-conferencia-turismo-sostenible-omt.html?fromNewsletter=com&amp;fromNewsletterDate=2017-09-16&amp;internalFormatClick=diario-20170916\" target=\"_blank\" rel=\"noopener\"><b>\u201cCosta Rica acoge la conferencia sobre turismo sostenible de la OMT<\/b><b>\u201d.<\/b><\/a><\/p>\n","protected":false},"excerpt":{"rendered":"<p>Costa Rica\u00a0ser\u00e1 la sede de la sexta edici\u00f3n de la\u00a0Conferencia Internacional de Turismo Sostenible Planeta, Personas, Paz, entre los d\u00edas 9 y 11 de octubre.<\/p>\n","protected":false},"author":5,"featured_media":0,"comment_status":"open","ping_status":"open","sticky":false,"template":"","format":"standard","meta":{"footnotes":""},"categories":[534],"tags":[728],"yoast_head":"<!-- This site is optimized with the Yoast SEO plugin v21.4 - https:\/\/yoast.com\/wordpress\/plugins\/seo\/ -->\n<title>Costa Rica acoge la conferencia sobre turismo sostenible de la OMT<\/title>\n<meta name=\"description\" content=\"Costa Rica\u00a0ser\u00e1 la sede de la sexta edici\u00f3n de la\u00a0Conferencia Internacional de Turismo Sostenible Planeta, Personas, Paz, entre los d\u00edas 9 y 11 de octubre.\" \/>\n<meta name=\"robots\" content=\"index, follow, max-snippet:-1, max-image-preview:large, max-video-preview:-1\" \/>\n<link rel=\"canonical\" href=\"https:\/\/travindy.com\/news\/2017\/09\/costa-rica-acoge-la-conferencia-sobre-turismo-sostenible-de-la-omt\/\" \/>\n<meta property=\"og:locale\" content=\"en_US\" \/>\n<meta property=\"og:type\" content=\"article\" \/>\n<meta property=\"og:title\" content=\"Costa Rica acoge la conferencia sobre turismo sostenible de la OMT\" \/>\n<meta property=\"og:description\" content=\"Costa Rica\u00a0ser\u00e1 la sede de la sexta edici\u00f3n de la\u00a0Conferencia Internacional de Turismo Sostenible Planeta, Personas, Paz, entre los d\u00edas 9 y 11 de octubre.\" \/>\n<meta property=\"og:url\" content=\"https:\/\/travindy.com\/news\/2017\/09\/costa-rica-acoge-la-conferencia-sobre-turismo-sostenible-de-la-omt\/\" \/>\n<meta property=\"og:site_name\" content=\"Travindy\" \/>\n<meta property=\"article:publisher\" content=\"https:\/\/www.facebook.com\/travindy\" \/>\n<meta property=\"article:author\" content=\"https:\/\/www.facebook.com\/travindy\" \/>\n<meta property=\"article:published_time\" content=\"2017-09-30T10:33:23+00:00\" \/>\n<meta property=\"og:image\" content=\"https:\/\/travindy.com\/wp-content\/uploads\/2017\/09\/arenal-300x207.jpg\" \/>\n<meta name=\"author\" content=\"Travindy\" \/>\n<meta name=\"twitter:card\" content=\"summary_large_image\" \/>\n<meta name=\"twitter:creator\" content=\"@travindy\" \/>\n<meta name=\"twitter:site\" content=\"@Travindy\" \/>\n<meta name=\"twitter:label1\" content=\"Written by\" \/>\n\t<meta name=\"twitter:data1\" content=\"Travindy\" \/>\n\t<meta name=\"twitter:label2\" content=\"Est. reading time\" \/>\n\t<meta name=\"twitter:data2\" content=\"1 minute\" \/>\n<script type=\"application\/ld+json\" class=\"yoast-schema-graph\">{\"@context\":\"https:\/\/schema.org\",\"@graph\":[{\"@type\":\"Article\",\"@id\":\"https:\/\/travindy.com\/news\/2017\/09\/costa-rica-acoge-la-conferencia-sobre-turismo-sostenible-de-la-omt\/#article\",\"isPartOf\":{\"@id\":\"https:\/\/travindy.com\/news\/2017\/09\/costa-rica-acoge-la-conferencia-sobre-turismo-sostenible-de-la-omt\/\"},\"author\":{\"name\":\"Travindy\",\"@id\":\"https:\/\/travindy.com\/news\/#\/schema\/person\/79576b26c03e84ac969c6cf7ad8118bb\"},\"headline\":\"Costa Rica acoge la conferencia sobre turismo sostenible de la OMT\",\"datePublished\":\"2017-09-30T10:33:23+00:00\",\"dateModified\":\"2017-09-30T10:33:23+00:00\",\"mainEntityOfPage\":{\"@id\":\"https:\/\/travindy.com\/news\/2017\/09\/costa-rica-acoge-la-conferencia-sobre-turismo-sostenible-de-la-omt\/\"},\"wordCount\":181,\"commentCount\":0,\"publisher\":{\"@id\":\"https:\/\/travindy.com\/news\/#organization\"},\"keywords\":[\"OMT\"],\"articleSection\":[\"News\"],\"inLanguage\":\"en-US\",\"potentialAction\":[{\"@type\":\"CommentAction\",\"name\":\"Comment\",\"target\":[\"https:\/\/travindy.com\/news\/2017\/09\/costa-rica-acoge-la-conferencia-sobre-turismo-sostenible-de-la-omt\/#respond\"]}]},{\"@type\":\"WebPage\",\"@id\":\"https:\/\/travindy.com\/news\/2017\/09\/costa-rica-acoge-la-conferencia-sobre-turismo-sostenible-de-la-omt\/\",\"url\":\"https:\/\/travindy.com\/news\/2017\/09\/costa-rica-acoge-la-conferencia-sobre-turismo-sostenible-de-la-omt\/\",\"name\":\"Costa Rica acoge la conferencia sobre turismo sostenible de la OMT\",\"isPartOf\":{\"@id\":\"https:\/\/travindy.com\/news\/#website\"},\"datePublished\":\"2017-09-30T10:33:23+00:00\",\"dateModified\":\"2017-09-30T10:33:23+00:00\",\"description\":\"Costa Rica\u00a0ser\u00e1 la sede de la sexta edici\u00f3n de la\u00a0Conferencia Internacional de Turismo Sostenible Planeta, Personas, Paz, entre los d\u00edas 9 y 11 de octubre.\",\"breadcrumb\":{\"@id\":\"https:\/\/travindy.com\/news\/2017\/09\/costa-rica-acoge-la-conferencia-sobre-turismo-sostenible-de-la-omt\/#breadcrumb\"},\"inLanguage\":\"en-US\",\"potentialAction\":[{\"@type\":\"ReadAction\",\"target\":[\"https:\/\/travindy.com\/news\/2017\/09\/costa-rica-acoge-la-conferencia-sobre-turismo-sostenible-de-la-omt\/\"]}]},{\"@type\":\"BreadcrumbList\",\"@id\":\"https:\/\/travindy.com\/news\/2017\/09\/costa-rica-acoge-la-conferencia-sobre-turismo-sostenible-de-la-omt\/#breadcrumb\",\"itemListElement\":[{\"@type\":\"ListItem\",\"position\":1,\"name\":\"Home\",\"item\":\"https:\/\/travindy.com\/news\/\"},{\"@type\":\"ListItem\",\"position\":2,\"name\":\"Costa Rica acoge la conferencia sobre turismo sostenible de la OMT\"}]},{\"@type\":\"WebSite\",\"@id\":\"https:\/\/travindy.com\/news\/#website\",\"url\":\"https:\/\/travindy.com\/news\/\",\"name\":\"Travindy\",\"description\":\"sustainable tourism consulting, news and resources\",\"publisher\":{\"@id\":\"https:\/\/travindy.com\/news\/#organization\"},\"potentialAction\":[{\"@type\":\"SearchAction\",\"target\":{\"@type\":\"EntryPoint\",\"urlTemplate\":\"https:\/\/travindy.com\/news\/?s={search_term_string}\"},\"query-input\":\"required name=search_term_string\"}],\"inLanguage\":\"en-US\"},{\"@type\":\"Organization\",\"@id\":\"https:\/\/travindy.com\/news\/#organization\",\"name\":\"Travindy\",\"url\":\"https:\/\/travindy.com\/news\/\",\"logo\":{\"@type\":\"ImageObject\",\"inLanguage\":\"en-US\",\"@id\":\"https:\/\/travindy.com\/news\/#\/schema\/logo\/image\/\",\"url\":\"https:\/\/travindy.com\/wp-content\/uploads\/2022\/08\/cropped-travindy-logo-square.png\",\"contentUrl\":\"https:\/\/travindy.com\/wp-content\/uploads\/2022\/08\/cropped-travindy-logo-square.png\",\"width\":512,\"height\":512,\"caption\":\"Travindy\"},\"image\":{\"@id\":\"https:\/\/travindy.com\/news\/#\/schema\/logo\/image\/\"},\"sameAs\":[\"https:\/\/www.facebook.com\/travindy\",\"https:\/\/twitter.com\/Travindy\"]},{\"@type\":\"Person\",\"@id\":\"https:\/\/travindy.com\/news\/#\/schema\/person\/79576b26c03e84ac969c6cf7ad8118bb\",\"name\":\"Travindy\",\"image\":{\"@type\":\"ImageObject\",\"inLanguage\":\"en-US\",\"@id\":\"https:\/\/travindy.com\/news\/#\/schema\/person\/image\/\",\"url\":\"https:\/\/secure.gravatar.com\/avatar\/7e8e24b511c9178e320b9eb2226dadb1?s=96&d=mm&r=g\",\"contentUrl\":\"https:\/\/secure.gravatar.com\/avatar\/7e8e24b511c9178e320b9eb2226dadb1?s=96&d=mm&r=g\",\"caption\":\"Travindy\"},\"description\":\"Travindy is an independent website featuring news and opinion on all issues to do with tourism and sustainability. Written primarily for an industry audience, our aim is to support the transformation of the sector into one that is regenerative, restorative and fully inclusive.\",\"sameAs\":[\"https:\/\/www.facebook.com\/travindy\",\"https:\/\/twitter.com\/travindy\"],\"url\":\"https:\/\/travindy.com\/news\/author\/travindy\/\"}]}<\/script>\n<!-- \/ Yoast SEO plugin. -->","yoast_head_json":{"title":"Costa Rica acoge la conferencia sobre turismo sostenible de la OMT","description":"Costa Rica\u00a0ser\u00e1 la sede de la sexta edici\u00f3n de la\u00a0Conferencia Internacional de Turismo Sostenible Planeta, Personas, Paz, entre los d\u00edas 9 y 11 de octubre.","robots":{"index":"index","follow":"follow","max-snippet":"max-snippet:-1","max-image-preview":"max-image-preview:large","max-video-preview":"max-video-preview:-1"},"canonical":"https:\/\/travindy.com\/news\/2017\/09\/costa-rica-acoge-la-conferencia-sobre-turismo-sostenible-de-la-omt\/","og_locale":"en_US","og_type":"article","og_title":"Costa Rica acoge la conferencia sobre turismo sostenible de la OMT","og_description":"Costa Rica\u00a0ser\u00e1 la sede de la sexta edici\u00f3n de la\u00a0Conferencia Internacional de Turismo Sostenible Planeta, Personas, Paz, entre los d\u00edas 9 y 11 de octubre.","og_url":"https:\/\/travindy.com\/news\/2017\/09\/costa-rica-acoge-la-conferencia-sobre-turismo-sostenible-de-la-omt\/","og_site_name":"Travindy","article_publisher":"https:\/\/www.facebook.com\/travindy","article_author":"https:\/\/www.facebook.com\/travindy","article_published_time":"2017-09-30T10:33:23+00:00","og_image":[{"url":"https:\/\/travindy.com\/wp-content\/uploads\/2017\/09\/arenal-300x207.jpg"}],"author":"Travindy","twitter_card":"summary_large_image","twitter_creator":"@travindy","twitter_site":"@Travindy","twitter_misc":{"Written by":"Travindy","Est. reading time":"1 minute"},"schema":{"@context":"https:\/\/schema.org","@graph":[{"@type":"Article","@id":"https:\/\/travindy.com\/news\/2017\/09\/costa-rica-acoge-la-conferencia-sobre-turismo-sostenible-de-la-omt\/#article","isPartOf":{"@id":"https:\/\/travindy.com\/news\/2017\/09\/costa-rica-acoge-la-conferencia-sobre-turismo-sostenible-de-la-omt\/"},"author":{"name":"Travindy","@id":"https:\/\/travindy.com\/news\/#\/schema\/person\/79576b26c03e84ac969c6cf7ad8118bb"},"headline":"Costa Rica acoge la conferencia sobre turismo sostenible de la OMT","datePublished":"2017-09-30T10:33:23+00:00","dateModified":"2017-09-30T10:33:23+00:00","mainEntityOfPage":{"@id":"https:\/\/travindy.com\/news\/2017\/09\/costa-rica-acoge-la-conferencia-sobre-turismo-sostenible-de-la-omt\/"},"wordCount":181,"commentCount":0,"publisher":{"@id":"https:\/\/travindy.com\/news\/#organization"},"keywords":["OMT"],"articleSection":["News"],"inLanguage":"en-US","potentialAction":[{"@type":"CommentAction","name":"Comment","target":["https:\/\/travindy.com\/news\/2017\/09\/costa-rica-acoge-la-conferencia-sobre-turismo-sostenible-de-la-omt\/#respond"]}]},{"@type":"WebPage","@id":"https:\/\/travindy.com\/news\/2017\/09\/costa-rica-acoge-la-conferencia-sobre-turismo-sostenible-de-la-omt\/","url":"https:\/\/travindy.com\/news\/2017\/09\/costa-rica-acoge-la-conferencia-sobre-turismo-sostenible-de-la-omt\/","name":"Costa Rica acoge la conferencia sobre turismo sostenible de la OMT","isPartOf":{"@id":"https:\/\/travindy.com\/news\/#website"},"datePublished":"2017-09-30T10:33:23+00:00","dateModified":"2017-09-30T10:33:23+00:00","description":"Costa Rica\u00a0ser\u00e1 la sede de la sexta edici\u00f3n de la\u00a0Conferencia Internacional de Turismo Sostenible Planeta, Personas, Paz, entre los d\u00edas 9 y 11 de octubre.","breadcrumb":{"@id":"https:\/\/travindy.com\/news\/2017\/09\/costa-rica-acoge-la-conferencia-sobre-turismo-sostenible-de-la-omt\/#breadcrumb"},"inLanguage":"en-US","potentialAction":[{"@type":"ReadAction","target":["https:\/\/travindy.com\/news\/2017\/09\/costa-rica-acoge-la-conferencia-sobre-turismo-sostenible-de-la-omt\/"]}]},{"@type":"BreadcrumbList","@id":"https:\/\/travindy.com\/news\/2017\/09\/costa-rica-acoge-la-conferencia-sobre-turismo-sostenible-de-la-omt\/#breadcrumb","itemListElement":[{"@type":"ListItem","position":1,"name":"Home","item":"https:\/\/travindy.com\/news\/"},{"@type":"ListItem","position":2,"name":"Costa Rica acoge la conferencia sobre turismo sostenible de la OMT"}]},{"@type":"WebSite","@id":"https:\/\/travindy.com\/news\/#website","url":"https:\/\/travindy.com\/news\/","name":"Travindy","description":"sustainable tourism consulting, news and resources","publisher":{"@id":"https:\/\/travindy.com\/news\/#organization"},"potentialAction":[{"@type":"SearchAction","target":{"@type":"EntryPoint","urlTemplate":"https:\/\/travindy.com\/news\/?s={search_term_string}"},"query-input":"required name=search_term_string"}],"inLanguage":"en-US"},{"@type":"Organization","@id":"https:\/\/travindy.com\/news\/#organization","name":"Travindy","url":"https:\/\/travindy.com\/news\/","logo":{"@type":"ImageObject","inLanguage":"en-US","@id":"https:\/\/travindy.com\/news\/#\/schema\/logo\/image\/","url":"https:\/\/travindy.com\/wp-content\/uploads\/2022\/08\/cropped-travindy-logo-square.png","contentUrl":"https:\/\/travindy.com\/wp-content\/uploads\/2022\/08\/cropped-travindy-logo-square.png","width":512,"height":512,"caption":"Travindy"},"image":{"@id":"https:\/\/travindy.com\/news\/#\/schema\/logo\/image\/"},"sameAs":["https:\/\/www.facebook.com\/travindy","https:\/\/twitter.com\/Travindy"]},{"@type":"Person","@id":"https:\/\/travindy.com\/news\/#\/schema\/person\/79576b26c03e84ac969c6cf7ad8118bb","name":"Travindy","image":{"@type":"ImageObject","inLanguage":"en-US","@id":"https:\/\/travindy.com\/news\/#\/schema\/person\/image\/","url":"https:\/\/secure.gravatar.com\/avatar\/7e8e24b511c9178e320b9eb2226dadb1?s=96&d=mm&r=g","contentUrl":"https:\/\/secure.gravatar.com\/avatar\/7e8e24b511c9178e320b9eb2226dadb1?s=96&d=mm&r=g","caption":"Travindy"},"description":"Travindy is an independent website featuring news and opinion on all issues to do with tourism and sustainability. Written primarily for an industry audience, our aim is to support the transformation of the sector into one that is regenerative, restorative and fully inclusive.","sameAs":["https:\/\/www.facebook.com\/travindy","https:\/\/twitter.com\/travindy"],"url":"https:\/\/travindy.com\/news\/author\/travindy\/"}]}},"_links":{"self":[{"href":"https:\/\/travindy.com\/news\/wp-json\/wp\/v2\/posts\/20013"}],"collection":[{"href":"https:\/\/travindy.com\/news\/wp-json\/wp\/v2\/posts"}],"about":[{"href":"https:\/\/travindy.com\/news\/wp-json\/wp\/v2\/types\/post"}],"author":[{"embeddable":true,"href":"https:\/\/travindy.com\/news\/wp-json\/wp\/v2\/users\/5"}],"replies":[{"embeddable":true,"href":"https:\/\/travindy.com\/news\/wp-json\/wp\/v2\/comments?post=20013"}],"version-history":[{"count":0,"href":"https:\/\/travindy.com\/news\/wp-json\/wp\/v2\/posts\/20013\/revisions"}],"wp:attachment":[{"href":"https:\/\/travindy.com\/news\/wp-json\/wp\/v2\/media?parent=20013"}],"wp:term":[{"taxonomy":"category","embeddable":true,"href":"https:\/\/travindy.com\/news\/wp-json\/wp\/v2\/categories?post=20013"},{"taxonomy":"post_tag","embeddable":true,"href":"https:\/\/travindy.com\/news\/wp-json\/wp\/v2\/tags?post=20013"}],"curies":[{"name":"wp","href":"https:\/\/api.w.org\/{rel}","templated":true}]}}