{"id":19151,"date":"2017-06-23T16:58:08","date_gmt":"2017-06-23T15:58:08","guid":{"rendered":"https:\/\/travindy.com\/es\/?p=19151"},"modified":"2017-06-23T16:58:08","modified_gmt":"2017-06-23T15:58:08","slug":"declaracion-de-arona-senda-que-debe-seguir-el-turismo-sostenible-en-linea-con-los-ods-y-el-acuerdo-de-paris-leer-mas-declaracion-de-arona-senda-que-debe-seguir-el-turismo-sostenible-en-linea-con","status":"publish","type":"post","link":"https:\/\/travindy.com\/news\/2017\/06\/declaracion-de-arona-senda-que-debe-seguir-el-turismo-sostenible-en-linea-con-los-ods-y-el-acuerdo-de-paris-leer-mas-declaracion-de-arona-senda-que-debe-seguir-el-turismo-sostenible-en-linea-con\/","title":{"rendered":"Declaraci\u00f3n de Arona: Senda que debe seguir el turismo sostenible en l\u00ednea con los ODS y el Acuerdo de Par\u00eds"},"content":{"rendered":"<p><img fetchpriority=\"high\" decoding=\"async\" class=\" wp-image-19152 aligncenter\" src=\"https:\/\/travindy.com\/wp-content\/uploads\/2017\/06\/arona-300x200.jpg\" alt=\"Declaraci\u00f3n de Arona: Senda que debe seguir el turismo sostenible en l\u00ednea con los ODS y el Acuerdo de Par\u00eds\" width=\"382\" height=\"254\" srcset=\"https:\/\/travindy.com\/news\/wp-content\/uploads\/2017\/06\/arona-300x200.jpg 300w, https:\/\/travindy.com\/news\/wp-content\/uploads\/2017\/06\/arona-768x512.jpg 768w, https:\/\/travindy.com\/news\/wp-content\/uploads\/2017\/06\/arona-103x67.jpg 103w, https:\/\/travindy.com\/news\/wp-content\/uploads\/2017\/06\/arona.jpg 960w\" sizes=\"(max-width: 382px) 100vw, 382px\" \/><\/p>\n<p><span class=\"wpsdc-drop-cap\">L<\/span>a Conferencia Internacional sobre Sostenibilidad y Competitividad en los Destinos Tur\u00edsticos 2017 (<em>STD17<\/em>, por su acr\u00f3nimo ingl\u00e9s) concluy\u00f3 a finales de la semana pasada en la localidad tinerfe\u00f1a de Arona (Islas Canarias) con los deberes hechos. Fue aprobada la Declaraci\u00f3n de Arona, un documento que establece las l\u00edneas estrat\u00e9gicas que servir\u00e1n de gu\u00eda a los gestores de los destinos tur\u00edsticos de todo el mundo para lograr la deseada sostenibilidad, en l\u00ednea con los compromisos de la Agenda 2030 del Desarrollo Sostenible y el Acuerdo de Par\u00eds sobre cambio clim\u00e1tico.<\/p>\n<p>El texto consensuado en Arona subraya que \u00ablos destinos tur\u00edsticos est\u00e1n llamados a reducir significativamente su huella ecol\u00f3gica y que, en consecuencia, el turismo puede convertirse en un impulsor de la innovaci\u00f3n, y del desarrollo de econom\u00edas verdes, inclusivas y bajas en carbono\u00bb. Asimismo, defiende que \u00abel turismo debe ser un protagonista trascendental y un gran aliado de la actual batalla contra el cambio clim\u00e1tico, donde los destinos costeros e insulares se presentan como las principales v\u00edctimas, pero tambi\u00e9n, como potenciales modelos avanzados para su mitigaci\u00f3n mediante la apuesta por la sostenibilidad\u00bb.<\/p>\n<p>Junto a la declaraci\u00f3n, tambi\u00e9n se aprob\u00f3 el Memor\u00e1ndum de Arona, que recoge los criterios que han de ser tenidos en cuenta para que los emplazamientos y tur\u00edsticos est\u00e9n en l\u00ednea con los principios de la sostenibilidad. Como factor de posicionamiento y competitividad en los destinos tur\u00edsticos. As\u00ed como los desaf\u00edos que representa dicha sostenibilidad en los destinos tur\u00edsticos, la promoci\u00f3n y el marketing que envuelve a la sostenibilidad, la gobernanza e innovaci\u00f3n organizativa en los destinos tur\u00edsticos sostenibles o el reto de la gesti\u00f3n de la sostenibilidad en las empresas y en el destino.<\/p>\n<p><strong>Este art\u00edculo es un resumen de la noticia original publicada por Mercados de Medio Ambiente: <a href=\"http:\/\/www.mercadosdemedioambiente.com\/actualidad\/declaracion-de-arona-senda-que-deben-seguir-los-destinos-turisticos-sostenibles-en-linea-con-los-ods-y-el-acuerdo-de-paris\/\" target=\"_blank\" rel=\"noopener nofollow\">&#8220;Declaraci\u00f3n de Arona: Senda que debe seguir el turismo sostenible en l\u00ednea con los ODS y el Acuerdo de Par\u00eds\u201d.<\/a><\/strong><\/p>\n","protected":false},"excerpt":{"rendered":"<p>La Declaraci\u00f3n de Arona establece las l\u00edneas estrat\u00e9gicas que ayudaran a los gestores de los destinos tur\u00edsticos a lograr un modelo de turismo sostenible y aplicar las l\u00edneas de trabajo de la COP21<\/p>\n","protected":false},"author":5,"featured_media":19152,"comment_status":"open","ping_status":"open","sticky":false,"template":"","format":"standard","meta":{"footnotes":""},"categories":[534],"tags":[1975],"yoast_head":"<!-- This site is optimized with the Yoast SEO plugin v21.4 - https:\/\/yoast.com\/wordpress\/plugins\/seo\/ -->\n<title>Declaraci\u00f3n de Arona: Senda que debe seguir el turismo sostenible en l\u00ednea con los ODS y el Acuerdo de Par\u00eds<\/title>\n<meta name=\"description\" content=\"La Declaraci\u00f3n de Arona establece las l\u00edneas estrat\u00e9gicas que ayudaran a los gestores de los destinos tur\u00edsticos a lograr un modelo de turismo sostenible.\" \/>\n<meta name=\"robots\" content=\"index, follow, max-snippet:-1, max-image-preview:large, max-video-preview:-1\" \/>\n<link rel=\"canonical\" href=\"https:\/\/travindy.com\/news\/2017\/06\/declaracion-de-arona-senda-que-debe-seguir-el-turismo-sostenible-en-linea-con-los-ods-y-el-acuerdo-de-paris-leer-mas-declaracion-de-arona-senda-que-debe-seguir-el-turismo-sostenible-en-linea-con\/\" \/>\n<meta property=\"og:locale\" content=\"en_US\" \/>\n<meta property=\"og:type\" content=\"article\" \/>\n<meta property=\"og:title\" content=\"Declaraci\u00f3n de Arona: Senda que debe seguir el turismo sostenible en l\u00ednea con los ODS y el Acuerdo de Par\u00eds\" \/>\n<meta property=\"og:description\" content=\"La Declaraci\u00f3n de Arona establece las l\u00edneas estrat\u00e9gicas que ayudaran a los gestores de los destinos tur\u00edsticos a lograr un modelo de turismo sostenible.\" \/>\n<meta property=\"og:url\" content=\"https:\/\/travindy.com\/news\/2017\/06\/declaracion-de-arona-senda-que-debe-seguir-el-turismo-sostenible-en-linea-con-los-ods-y-el-acuerdo-de-paris-leer-mas-declaracion-de-arona-senda-que-debe-seguir-el-turismo-sostenible-en-linea-con\/\" \/>\n<meta property=\"og:site_name\" content=\"Travindy\" \/>\n<meta property=\"article:publisher\" content=\"https:\/\/www.facebook.com\/travindy\" \/>\n<meta property=\"article:author\" content=\"https:\/\/www.facebook.com\/travindy\" \/>\n<meta property=\"article:published_time\" content=\"2017-06-23T15:58:08+00:00\" \/>\n<meta property=\"og:image\" content=\"https:\/\/travindy.com\/news\/wp-content\/uploads\/2017\/06\/arona.jpg\" \/>\n\t<meta property=\"og:image:width\" content=\"960\" \/>\n\t<meta property=\"og:image:height\" content=\"640\" \/>\n\t<meta property=\"og:image:type\" content=\"image\/jpeg\" \/>\n<meta name=\"author\" content=\"Travindy\" \/>\n<meta name=\"twitter:card\" content=\"summary_large_image\" \/>\n<meta name=\"twitter:creator\" content=\"@travindy\" \/>\n<meta name=\"twitter:site\" content=\"@Travindy\" \/>\n<meta name=\"twitter:label1\" content=\"Written by\" \/>\n\t<meta name=\"twitter:data1\" content=\"Travindy\" \/>\n\t<meta name=\"twitter:label2\" content=\"Est. reading time\" \/>\n\t<meta name=\"twitter:data2\" content=\"2 minutes\" \/>\n<script type=\"application\/ld+json\" class=\"yoast-schema-graph\">{\"@context\":\"https:\/\/schema.org\",\"@graph\":[{\"@type\":\"Article\",\"@id\":\"https:\/\/travindy.com\/news\/2017\/06\/declaracion-de-arona-senda-que-debe-seguir-el-turismo-sostenible-en-linea-con-los-ods-y-el-acuerdo-de-paris-leer-mas-declaracion-de-arona-senda-que-debe-seguir-el-turismo-sostenible-en-linea-con\/#article\",\"isPartOf\":{\"@id\":\"https:\/\/travindy.com\/news\/2017\/06\/declaracion-de-arona-senda-que-debe-seguir-el-turismo-sostenible-en-linea-con-los-ods-y-el-acuerdo-de-paris-leer-mas-declaracion-de-arona-senda-que-debe-seguir-el-turismo-sostenible-en-linea-con\/\"},\"author\":{\"name\":\"Travindy\",\"@id\":\"https:\/\/travindy.com\/news\/#\/schema\/person\/79576b26c03e84ac969c6cf7ad8118bb\"},\"headline\":\"Declaraci\u00f3n de Arona: Senda que debe seguir el turismo sostenible en l\u00ednea con los ODS y el Acuerdo de Par\u00eds\",\"datePublished\":\"2017-06-23T15:58:08+00:00\",\"dateModified\":\"2017-06-23T15:58:08+00:00\",\"mainEntityOfPage\":{\"@id\":\"https:\/\/travindy.com\/news\/2017\/06\/declaracion-de-arona-senda-que-debe-seguir-el-turismo-sostenible-en-linea-con-los-ods-y-el-acuerdo-de-paris-leer-mas-declaracion-de-arona-senda-que-debe-seguir-el-turismo-sostenible-en-linea-con\/\"},\"wordCount\":374,\"commentCount\":0,\"publisher\":{\"@id\":\"https:\/\/travindy.com\/news\/#organization\"},\"keywords\":[\"Declaraci\u00f3n de Arona\"],\"articleSection\":[\"News\"],\"inLanguage\":\"en-US\",\"potentialAction\":[{\"@type\":\"CommentAction\",\"name\":\"Comment\",\"target\":[\"https:\/\/travindy.com\/news\/2017\/06\/declaracion-de-arona-senda-que-debe-seguir-el-turismo-sostenible-en-linea-con-los-ods-y-el-acuerdo-de-paris-leer-mas-declaracion-de-arona-senda-que-debe-seguir-el-turismo-sostenible-en-linea-con\/#respond\"]}]},{\"@type\":\"WebPage\",\"@id\":\"https:\/\/travindy.com\/news\/2017\/06\/declaracion-de-arona-senda-que-debe-seguir-el-turismo-sostenible-en-linea-con-los-ods-y-el-acuerdo-de-paris-leer-mas-declaracion-de-arona-senda-que-debe-seguir-el-turismo-sostenible-en-linea-con\/\",\"url\":\"https:\/\/travindy.com\/news\/2017\/06\/declaracion-de-arona-senda-que-debe-seguir-el-turismo-sostenible-en-linea-con-los-ods-y-el-acuerdo-de-paris-leer-mas-declaracion-de-arona-senda-que-debe-seguir-el-turismo-sostenible-en-linea-con\/\",\"name\":\"Declaraci\u00f3n de Arona: Senda que debe seguir el turismo sostenible en l\u00ednea con los ODS y el Acuerdo de Par\u00eds\",\"isPartOf\":{\"@id\":\"https:\/\/travindy.com\/news\/#website\"},\"datePublished\":\"2017-06-23T15:58:08+00:00\",\"dateModified\":\"2017-06-23T15:58:08+00:00\",\"description\":\"La Declaraci\u00f3n de Arona establece las l\u00edneas estrat\u00e9gicas que ayudaran a los gestores de los destinos tur\u00edsticos a lograr un modelo de turismo sostenible.\",\"breadcrumb\":{\"@id\":\"https:\/\/travindy.com\/news\/2017\/06\/declaracion-de-arona-senda-que-debe-seguir-el-turismo-sostenible-en-linea-con-los-ods-y-el-acuerdo-de-paris-leer-mas-declaracion-de-arona-senda-que-debe-seguir-el-turismo-sostenible-en-linea-con\/#breadcrumb\"},\"inLanguage\":\"en-US\",\"potentialAction\":[{\"@type\":\"ReadAction\",\"target\":[\"https:\/\/travindy.com\/news\/2017\/06\/declaracion-de-arona-senda-que-debe-seguir-el-turismo-sostenible-en-linea-con-los-ods-y-el-acuerdo-de-paris-leer-mas-declaracion-de-arona-senda-que-debe-seguir-el-turismo-sostenible-en-linea-con\/\"]}]},{\"@type\":\"BreadcrumbList\",\"@id\":\"https:\/\/travindy.com\/news\/2017\/06\/declaracion-de-arona-senda-que-debe-seguir-el-turismo-sostenible-en-linea-con-los-ods-y-el-acuerdo-de-paris-leer-mas-declaracion-de-arona-senda-que-debe-seguir-el-turismo-sostenible-en-linea-con\/#breadcrumb\",\"itemListElement\":[{\"@type\":\"ListItem\",\"position\":1,\"name\":\"Home\",\"item\":\"https:\/\/travindy.com\/news\/\"},{\"@type\":\"ListItem\",\"position\":2,\"name\":\"Declaraci\u00f3n de Arona: Senda que debe seguir el turismo sostenible en l\u00ednea con los ODS y el Acuerdo de Par\u00eds\"}]},{\"@type\":\"WebSite\",\"@id\":\"https:\/\/travindy.com\/news\/#website\",\"url\":\"https:\/\/travindy.com\/news\/\",\"name\":\"Travindy\",\"description\":\"sustainable tourism consulting, news and resources\",\"publisher\":{\"@id\":\"https:\/\/travindy.com\/news\/#organization\"},\"potentialAction\":[{\"@type\":\"SearchAction\",\"target\":{\"@type\":\"EntryPoint\",\"urlTemplate\":\"https:\/\/travindy.com\/news\/?s={search_term_string}\"},\"query-input\":\"required name=search_term_string\"}],\"inLanguage\":\"en-US\"},{\"@type\":\"Organization\",\"@id\":\"https:\/\/travindy.com\/news\/#organization\",\"name\":\"Travindy\",\"url\":\"https:\/\/travindy.com\/news\/\",\"logo\":{\"@type\":\"ImageObject\",\"inLanguage\":\"en-US\",\"@id\":\"https:\/\/travindy.com\/news\/#\/schema\/logo\/image\/\",\"url\":\"https:\/\/travindy.com\/wp-content\/uploads\/2022\/08\/cropped-travindy-logo-square.png\",\"contentUrl\":\"https:\/\/travindy.com\/wp-content\/uploads\/2022\/08\/cropped-travindy-logo-square.png\",\"width\":512,\"height\":512,\"caption\":\"Travindy\"},\"image\":{\"@id\":\"https:\/\/travindy.com\/news\/#\/schema\/logo\/image\/\"},\"sameAs\":[\"https:\/\/www.facebook.com\/travindy\",\"https:\/\/twitter.com\/Travindy\"]},{\"@type\":\"Person\",\"@id\":\"https:\/\/travindy.com\/news\/#\/schema\/person\/79576b26c03e84ac969c6cf7ad8118bb\",\"name\":\"Travindy\",\"image\":{\"@type\":\"ImageObject\",\"inLanguage\":\"en-US\",\"@id\":\"https:\/\/travindy.com\/news\/#\/schema\/person\/image\/\",\"url\":\"https:\/\/secure.gravatar.com\/avatar\/7e8e24b511c9178e320b9eb2226dadb1?s=96&d=mm&r=g\",\"contentUrl\":\"https:\/\/secure.gravatar.com\/avatar\/7e8e24b511c9178e320b9eb2226dadb1?s=96&d=mm&r=g\",\"caption\":\"Travindy\"},\"description\":\"Travindy is an independent website featuring news and opinion on all issues to do with tourism and sustainability. Written primarily for an industry audience, our aim is to support the transformation of the sector into one that is regenerative, restorative and fully inclusive.\",\"sameAs\":[\"https:\/\/www.facebook.com\/travindy\",\"https:\/\/twitter.com\/travindy\"],\"url\":\"https:\/\/travindy.com\/news\/author\/travindy\/\"}]}<\/script>\n<!-- \/ Yoast SEO plugin. -->","yoast_head_json":{"title":"Declaraci\u00f3n de Arona: Senda que debe seguir el turismo sostenible en l\u00ednea con los ODS y el Acuerdo de Par\u00eds","description":"La Declaraci\u00f3n de Arona establece las l\u00edneas estrat\u00e9gicas que ayudaran a los gestores de los destinos tur\u00edsticos a lograr un modelo de turismo sostenible.","robots":{"index":"index","follow":"follow","max-snippet":"max-snippet:-1","max-image-preview":"max-image-preview:large","max-video-preview":"max-video-preview:-1"},"canonical":"https:\/\/travindy.com\/news\/2017\/06\/declaracion-de-arona-senda-que-debe-seguir-el-turismo-sostenible-en-linea-con-los-ods-y-el-acuerdo-de-paris-leer-mas-declaracion-de-arona-senda-que-debe-seguir-el-turismo-sostenible-en-linea-con\/","og_locale":"en_US","og_type":"article","og_title":"Declaraci\u00f3n de Arona: Senda que debe seguir el turismo sostenible en l\u00ednea con los ODS y el Acuerdo de Par\u00eds","og_description":"La Declaraci\u00f3n de Arona establece las l\u00edneas estrat\u00e9gicas que ayudaran a los gestores de los destinos tur\u00edsticos a lograr un modelo de turismo sostenible.","og_url":"https:\/\/travindy.com\/news\/2017\/06\/declaracion-de-arona-senda-que-debe-seguir-el-turismo-sostenible-en-linea-con-los-ods-y-el-acuerdo-de-paris-leer-mas-declaracion-de-arona-senda-que-debe-seguir-el-turismo-sostenible-en-linea-con\/","og_site_name":"Travindy","article_publisher":"https:\/\/www.facebook.com\/travindy","article_author":"https:\/\/www.facebook.com\/travindy","article_published_time":"2017-06-23T15:58:08+00:00","og_image":[{"width":960,"height":640,"url":"https:\/\/travindy.com\/news\/wp-content\/uploads\/2017\/06\/arona.jpg","type":"image\/jpeg"}],"author":"Travindy","twitter_card":"summary_large_image","twitter_creator":"@travindy","twitter_site":"@Travindy","twitter_misc":{"Written by":"Travindy","Est. reading time":"2 minutes"},"schema":{"@context":"https:\/\/schema.org","@graph":[{"@type":"Article","@id":"https:\/\/travindy.com\/news\/2017\/06\/declaracion-de-arona-senda-que-debe-seguir-el-turismo-sostenible-en-linea-con-los-ods-y-el-acuerdo-de-paris-leer-mas-declaracion-de-arona-senda-que-debe-seguir-el-turismo-sostenible-en-linea-con\/#article","isPartOf":{"@id":"https:\/\/travindy.com\/news\/2017\/06\/declaracion-de-arona-senda-que-debe-seguir-el-turismo-sostenible-en-linea-con-los-ods-y-el-acuerdo-de-paris-leer-mas-declaracion-de-arona-senda-que-debe-seguir-el-turismo-sostenible-en-linea-con\/"},"author":{"name":"Travindy","@id":"https:\/\/travindy.com\/news\/#\/schema\/person\/79576b26c03e84ac969c6cf7ad8118bb"},"headline":"Declaraci\u00f3n de Arona: Senda que debe seguir el turismo sostenible en l\u00ednea con los ODS y el Acuerdo de Par\u00eds","datePublished":"2017-06-23T15:58:08+00:00","dateModified":"2017-06-23T15:58:08+00:00","mainEntityOfPage":{"@id":"https:\/\/travindy.com\/news\/2017\/06\/declaracion-de-arona-senda-que-debe-seguir-el-turismo-sostenible-en-linea-con-los-ods-y-el-acuerdo-de-paris-leer-mas-declaracion-de-arona-senda-que-debe-seguir-el-turismo-sostenible-en-linea-con\/"},"wordCount":374,"commentCount":0,"publisher":{"@id":"https:\/\/travindy.com\/news\/#organization"},"keywords":["Declaraci\u00f3n de Arona"],"articleSection":["News"],"inLanguage":"en-US","potentialAction":[{"@type":"CommentAction","name":"Comment","target":["https:\/\/travindy.com\/news\/2017\/06\/declaracion-de-arona-senda-que-debe-seguir-el-turismo-sostenible-en-linea-con-los-ods-y-el-acuerdo-de-paris-leer-mas-declaracion-de-arona-senda-que-debe-seguir-el-turismo-sostenible-en-linea-con\/#respond"]}]},{"@type":"WebPage","@id":"https:\/\/travindy.com\/news\/2017\/06\/declaracion-de-arona-senda-que-debe-seguir-el-turismo-sostenible-en-linea-con-los-ods-y-el-acuerdo-de-paris-leer-mas-declaracion-de-arona-senda-que-debe-seguir-el-turismo-sostenible-en-linea-con\/","url":"https:\/\/travindy.com\/news\/2017\/06\/declaracion-de-arona-senda-que-debe-seguir-el-turismo-sostenible-en-linea-con-los-ods-y-el-acuerdo-de-paris-leer-mas-declaracion-de-arona-senda-que-debe-seguir-el-turismo-sostenible-en-linea-con\/","name":"Declaraci\u00f3n de Arona: Senda que debe seguir el turismo sostenible en l\u00ednea con los ODS y el Acuerdo de Par\u00eds","isPartOf":{"@id":"https:\/\/travindy.com\/news\/#website"},"datePublished":"2017-06-23T15:58:08+00:00","dateModified":"2017-06-23T15:58:08+00:00","description":"La Declaraci\u00f3n de Arona establece las l\u00edneas estrat\u00e9gicas que ayudaran a los gestores de los destinos tur\u00edsticos a lograr un modelo de turismo sostenible.","breadcrumb":{"@id":"https:\/\/travindy.com\/news\/2017\/06\/declaracion-de-arona-senda-que-debe-seguir-el-turismo-sostenible-en-linea-con-los-ods-y-el-acuerdo-de-paris-leer-mas-declaracion-de-arona-senda-que-debe-seguir-el-turismo-sostenible-en-linea-con\/#breadcrumb"},"inLanguage":"en-US","potentialAction":[{"@type":"ReadAction","target":["https:\/\/travindy.com\/news\/2017\/06\/declaracion-de-arona-senda-que-debe-seguir-el-turismo-sostenible-en-linea-con-los-ods-y-el-acuerdo-de-paris-leer-mas-declaracion-de-arona-senda-que-debe-seguir-el-turismo-sostenible-en-linea-con\/"]}]},{"@type":"BreadcrumbList","@id":"https:\/\/travindy.com\/news\/2017\/06\/declaracion-de-arona-senda-que-debe-seguir-el-turismo-sostenible-en-linea-con-los-ods-y-el-acuerdo-de-paris-leer-mas-declaracion-de-arona-senda-que-debe-seguir-el-turismo-sostenible-en-linea-con\/#breadcrumb","itemListElement":[{"@type":"ListItem","position":1,"name":"Home","item":"https:\/\/travindy.com\/news\/"},{"@type":"ListItem","position":2,"name":"Declaraci\u00f3n de Arona: Senda que debe seguir el turismo sostenible en l\u00ednea con los ODS y el Acuerdo de Par\u00eds"}]},{"@type":"WebSite","@id":"https:\/\/travindy.com\/news\/#website","url":"https:\/\/travindy.com\/news\/","name":"Travindy","description":"sustainable tourism consulting, news and resources","publisher":{"@id":"https:\/\/travindy.com\/news\/#organization"},"potentialAction":[{"@type":"SearchAction","target":{"@type":"EntryPoint","urlTemplate":"https:\/\/travindy.com\/news\/?s={search_term_string}"},"query-input":"required name=search_term_string"}],"inLanguage":"en-US"},{"@type":"Organization","@id":"https:\/\/travindy.com\/news\/#organization","name":"Travindy","url":"https:\/\/travindy.com\/news\/","logo":{"@type":"ImageObject","inLanguage":"en-US","@id":"https:\/\/travindy.com\/news\/#\/schema\/logo\/image\/","url":"https:\/\/travindy.com\/wp-content\/uploads\/2022\/08\/cropped-travindy-logo-square.png","contentUrl":"https:\/\/travindy.com\/wp-content\/uploads\/2022\/08\/cropped-travindy-logo-square.png","width":512,"height":512,"caption":"Travindy"},"image":{"@id":"https:\/\/travindy.com\/news\/#\/schema\/logo\/image\/"},"sameAs":["https:\/\/www.facebook.com\/travindy","https:\/\/twitter.com\/Travindy"]},{"@type":"Person","@id":"https:\/\/travindy.com\/news\/#\/schema\/person\/79576b26c03e84ac969c6cf7ad8118bb","name":"Travindy","image":{"@type":"ImageObject","inLanguage":"en-US","@id":"https:\/\/travindy.com\/news\/#\/schema\/person\/image\/","url":"https:\/\/secure.gravatar.com\/avatar\/7e8e24b511c9178e320b9eb2226dadb1?s=96&d=mm&r=g","contentUrl":"https:\/\/secure.gravatar.com\/avatar\/7e8e24b511c9178e320b9eb2226dadb1?s=96&d=mm&r=g","caption":"Travindy"},"description":"Travindy is an independent website featuring news and opinion on all issues to do with tourism and sustainability. Written primarily for an industry audience, our aim is to support the transformation of the sector into one that is regenerative, restorative and fully inclusive.","sameAs":["https:\/\/www.facebook.com\/travindy","https:\/\/twitter.com\/travindy"],"url":"https:\/\/travindy.com\/news\/author\/travindy\/"}]}},"_links":{"self":[{"href":"https:\/\/travindy.com\/news\/wp-json\/wp\/v2\/posts\/19151"}],"collection":[{"href":"https:\/\/travindy.com\/news\/wp-json\/wp\/v2\/posts"}],"about":[{"href":"https:\/\/travindy.com\/news\/wp-json\/wp\/v2\/types\/post"}],"author":[{"embeddable":true,"href":"https:\/\/travindy.com\/news\/wp-json\/wp\/v2\/users\/5"}],"replies":[{"embeddable":true,"href":"https:\/\/travindy.com\/news\/wp-json\/wp\/v2\/comments?post=19151"}],"version-history":[{"count":0,"href":"https:\/\/travindy.com\/news\/wp-json\/wp\/v2\/posts\/19151\/revisions"}],"wp:featuredmedia":[{"embeddable":true,"href":"https:\/\/travindy.com\/news\/wp-json\/wp\/v2\/media\/19152"}],"wp:attachment":[{"href":"https:\/\/travindy.com\/news\/wp-json\/wp\/v2\/media?parent=19151"}],"wp:term":[{"taxonomy":"category","embeddable":true,"href":"https:\/\/travindy.com\/news\/wp-json\/wp\/v2\/categories?post=19151"},{"taxonomy":"post_tag","embeddable":true,"href":"https:\/\/travindy.com\/news\/wp-json\/wp\/v2\/tags?post=19151"}],"curies":[{"name":"wp","href":"https:\/\/api.w.org\/{rel}","templated":true}]}}