{"id":18976,"date":"2017-06-09T23:34:50","date_gmt":"2017-06-09T22:34:50","guid":{"rendered":"https:\/\/travindy.com\/es\/?p=18976"},"modified":"2017-06-29T17:16:15","modified_gmt":"2017-06-29T16:16:15","slug":"el-valor-de-los-famtrips-de-turismo-responsable-el-caso-de-castellon","status":"publish","type":"post","link":"https:\/\/travindy.com\/news\/2017\/06\/el-valor-de-los-famtrips-de-turismo-responsable-el-caso-de-castellon\/","title":{"rendered":"El valor de los famtrips de turismo responsable: el caso de Castell\u00f3n"},"content":{"rendered":"<figure id=\"attachment_18977\" aria-describedby=\"caption-attachment-18977\" style=\"width: 850px\" class=\"wp-caption aligncenter\"><img fetchpriority=\"high\" decoding=\"async\" class=\"size-full wp-image-18977\" src=\"https:\/\/travindy.com\/wp-content\/uploads\/2017\/06\/Cr\u00e9dito-Itinerantur-6.jpg\" alt=\"El valor de los famtrips de turismo responsable: el caso de Castell\u00f3n\" width=\"850\" height=\"465\" srcset=\"https:\/\/travindy.com\/news\/wp-content\/uploads\/2017\/06\/Cr\u00e9dito-Itinerantur-6.jpg 850w, https:\/\/travindy.com\/news\/wp-content\/uploads\/2017\/06\/Cr\u00e9dito-Itinerantur-6-300x164.jpg 300w, https:\/\/travindy.com\/news\/wp-content\/uploads\/2017\/06\/Cr\u00e9dito-Itinerantur-6-768x420.jpg 768w\" sizes=\"(max-width: 850px) 100vw, 850px\" \/><figcaption id=\"caption-attachment-18977\" class=\"wp-caption-text\">Participantes del Famtrip en Castell\u00f3n. Cr\u00e9dito Itinerantur<\/figcaption><\/figure>\n<p><span style=\"font-weight: 400;\"><span class=\"wpsdc-drop-cap\">L<\/span>os <\/span><i><span style=\"font-weight: 400;\">famtrip<\/span><\/i><span style=\"font-weight: 400;\">, o viajes de familiarizaci\u00f3n, no son algo nuevo en la promoci\u00f3n de los destinos tur\u00edsticos: llevan a\u00f1os ofreci\u00e9ndose a operadores tur\u00edsticos o agencias de viajes para que \u00e9stos tengan un mayor conocimiento del destino para as\u00ed comercializarlo mejor; tambi\u00e9n a prensa y medios de comunicaci\u00f3n especializados con el objetivo de que hablen de sus experiencias en el destino e influyan en la opini\u00f3n de los clientes potenciales. Lo que es realmente novedoso en este caso es que se trata de un <\/span><i><span style=\"font-weight: 400;\">famtrip<\/span><\/i><span style=\"font-weight: 400;\"> espec\u00edfico de turismo responsable.<\/span><\/p>\n<p><span style=\"font-weight: 400;\">El hecho de que una DMO (Destination Management Organization), como el Patronato de Turismo de Castell\u00f3n, organice un <\/span><i><span style=\"font-weight: 400;\">famtrip<\/span><\/i><span style=\"font-weight: 400;\"> espec\u00edfico de turismo responsable nos indica un cambio de direcci\u00f3n en el modelo de promoci\u00f3n tur\u00edstica tradicional de este tipo de destinos, basado en un turismo masivo de sol y playa; as\u00ed como un cambio en el comportamiento de los visitantes, ya que la idea del mismo es dar a conocer la oferta a los clientes potenciales.<\/span><\/p>\n<p><span style=\"font-weight: 400;\">Con esta acci\u00f3n promocional se otorga valor a\u00f1adido al destino para captar esta demanda m\u00e1s concienciada con el respeto al lugar que visita, que generalmente tiene un mayor inter\u00e9s hacia las costumbres locales. Cabe destacar, adem\u00e1s, la importancia de la colaboraci\u00f3n p\u00fablico \u2013 privada para el buen funcionamiento del <\/span><i><span style=\"font-weight: 400;\">famtrip<\/span><\/i><span style=\"font-weight: 400;\">: por un lado, el sector p\u00fablico financia y gestiona el evento; por otro, el sector privado se encarga de prestar los servicios a los participantes (log\u00edstica, actividades, comidas, alojamiento\u2026).<\/span><\/p>\n<p><span style=\"font-weight: 400;\">Esta colaboraci\u00f3n indica un cambio de paradigma en el que la gesti\u00f3n y promoci\u00f3n tur\u00edstica ya no est\u00e1n solo en manos del sector p\u00fablico. El partenariado p\u00fablico \u2013 privado es una forma de cooperaci\u00f3n que va m\u00e1s all\u00e1 de la colaboraci\u00f3n: se comparten tanto riesgos como beneficios; se basa en la creencia de que compartir objetivos y recursos es beneficioso para todos los participantes. El sector p\u00fablico puede obtener del sector privado una visi\u00f3n m\u00e1s amplia para las oportunidades de desarrollo econ\u00f3mico, ya que son las empresas las que trabajan en el territorio en su d\u00eda a d\u00eda, siendo conscientes de los puntos fuertes y los puntos d\u00e9biles del mismo. A su vez, las empresas privadas se benefician, en el caso de este <\/span><i><span style=\"font-weight: 400;\">famtrip<\/span><\/i><span style=\"font-weight: 400;\">, del acceso a nuevos mercado que a nivel individual pueden ser m\u00e1s dif\u00edciles de alcanzar.<\/span><\/p>\n<p><span style=\"font-weight: 400;\">La tendencia hacia el partenariado p\u00fablico-privado se da, principalmente, a escala nacional, pero cada vez se est\u00e1 desarrollando m\u00e1s a otras escalas, como la provincial en este caso. El <\/span><i><span style=\"font-weight: 400;\">famtrip<\/span><\/i><span style=\"font-weight: 400;\"> de turismo responsable en Castell\u00f3n es, adem\u00e1s, un buen ejemplo de acci\u00f3n concreta que maximiza el alcance del A\u00f1o Internacional del Turismo Sostenible para el Desarrollo declarado por las Naciones Unidas. \u00a0<\/span><\/p>\n<p><span style=\"font-weight: 400;\">Tanto el Patronato como los empresarios de turismo responsable son conscientes de que hay que desarrollar un turismo sostenible para preservar esta privilegiada zona. As\u00ed mismo, para un aut\u00e9ntico desarrollo sostenible, son muy conscientes de que hay que implicar a los residentes en las iniciativas tur\u00edsticas, proyectos de gesti\u00f3n del territorio, procesos de toma de decisiones\u2026 El hecho de poner en valor lugares m\u00e1s desconocidos nos indica la intenci\u00f3n de diversificar la oferta tur\u00edstica, generando complementariedad entre la costa y el interior. Entre los sitios que visitamos destacan el Parque Natural de la Tinen\u00e7a de Benifass\u00e0, los pueblos de la Setena de Benifass\u00e0, la Ruta de los Olivos Milenarios de Canet lo Roig y el embalse de la Alcora.<\/span><\/p>\n<p><span style=\"font-weight: 400;\">Para terminar el art\u00edculo, quiero dar mi m\u00e1s sincero agradecimiento a los organizadores del <\/span><i><span style=\"font-weight: 400;\">famtrip<\/span><\/i><span style=\"font-weight: 400;\">: Salvador Andr\u00e9s St\u00fcble, T\u00e9cnico de Promoci\u00f3n del Patronato Provincial de Turismo de Castell\u00f3n y Chema Rabasa, creador de Itinerantur junto a Bel\u00e9n Salvador, por haber invitado a Travindy a conocer todo el trabajo que hacen a favor del turismo responsable.<\/span><\/p>\n<h5><b><i>Empresas participantes del famtrip de turismo responsable de Castell\u00f3n<\/i><\/b><\/h5>\n<p><strong><i>Gastronom\u00eda:\u00a0<\/i><\/strong><span style=\"font-weight: 400;\"><a href=\"http:\/\/www.alcossebre.org\/que-hacer\/\" target=\"_blank\" rel=\"noopener noreferrer\">Restaurante Montemar de Alcossebre<\/a>,\u00a0<\/span><a href=\"http:\/\/www.elboixar.net\/cast\/\" target=\"_blank\" rel=\"noopener noreferrer\"><span style=\"font-weight: 400;\">Casa \u2013 refugio El Boixar<\/span><\/a><span style=\"font-weight: 400;\">, donde nos hablan tambi\u00e9n del proyecto 7pobles.com, en el que se ofrecen rutas a pie o en bicicleta,\u00a0<\/span><span style=\"font-weight: 400;\">Ca l\u2019Estanquer, peque\u00f1a bodega en Canet lo Roig,\u00a0<\/span><a href=\"http:\/\/poudebeca.blogspot.com.es\/\" target=\"_blank\" rel=\"noopener noreferrer\"><span style=\"font-weight: 400;\">Pou de Beca<\/span><\/a><span style=\"font-weight: 400;\">, en Vall d\u2019Alba, el primer restaurante de Castell\u00f3n certificado como Slow Food.<\/span><\/p>\n<p><strong><i>Actividades:\u00a0<\/i><\/strong><span style=\"font-weight: 400;\">Empresa de turismo cultural <a href=\"http:\/\/lavolteta.es\/\" target=\"_blank\" rel=\"noopener noreferrer nofollow\">La Volteta<\/a><\/span><span style=\"font-weight: 400;\">, que nos hizo la visita guiada a Pe\u00f1\u00edscola,\u00a0<\/span><span style=\"font-weight: 400;\"><a href=\"http:\/\/www.parquesnaturales.gva.es\/web\/pn-tinenca-de-benifassa\" target=\"_blank\" rel=\"noopener noreferrer\">Centro de Interpretaci\u00f3n del Parque Natural \u00a0de la Tinen\u00e7a de Benifass<\/a>\u00e0,\u00a0<\/span><span style=\"font-weight: 400;\"><a href=\"http:\/\/www.maestratequestre.com\/es\/inicio\/\" target=\"_blank\" rel=\"noopener noreferrer\">Maestrat Eq\u00fcestre<\/a>\u00a0y\u00a0<\/span><span style=\"font-weight: 400;\"><a href=\"http:\/\/www.viunatura.com\/\" target=\"_blank\" rel=\"noopener noreferrer\">Cooperativa de turismo activo Viunatura<\/a>.<\/span><\/p>\n<p><strong><i>Alojamientos:\u00a0<\/i><\/strong><span style=\"font-weight: 400;\"><a href=\"http:\/\/www.moliabad.com\/\" target=\"_blank\" rel=\"noopener noreferrer\">El Mol\u00ed de l\u2019Abad<\/a>,\u00a0<\/span><span style=\"font-weight: 400;\"><a href=\"http:\/\/www.hostaldecabrit.com\/\" target=\"_blank\" rel=\"noopener noreferrer\">Hostal de Cabrit<\/a>\u00a0y\u00a0<\/span><span style=\"font-weight: 400;\"><a href=\"http:\/\/www.elmangranar.com\/\" target=\"_blank\" rel=\"noopener noreferrer nofollow\">Turismo Rural El Mangranar<\/a>.<\/span><\/p>\n<h5><b><i>Participantes del famtrip<\/i><\/b><\/h5>\n<p><span style=\"font-weight: 400;\">Juanjo Alonso, alias Kapitan Pedales,<\/span><span style=\"font-weight: 400;\">\u00a0de la <a href=\"http:\/\/www.kapitanpedales.wordpress.com\" target=\"_blank\" rel=\"noopener noreferrer\">revista Ox\u00edgeno<\/a>,\u00a0<\/span><span style=\"font-weight: 400;\">Jorge Melo, de <a href=\"http:\/\/www.nattule.com\" target=\"_blank\" rel=\"noopener noreferrer nofollow\">Nattule<\/a>,\u00a0<\/span><span style=\"font-weight: 400;\">Alexander Pereda de <a href=\"http:\/\/www.lagisteria.com\" target=\"_blank\" rel=\"noopener noreferrer\">La Gister\u00eda<\/a><\/span><span style=\"font-weight: 400;\"> y<a href=\"http:\/\/www.tupiq.es.\" target=\"_blank\" rel=\"noopener noreferrer\"> Tupiq Viajes<\/a>,\u00a0<\/span><span style=\"font-weight: 400;\">Jos\u00e9 Alberto Puertas de <a href=\"http:\/\/www.ecowildlife.es\" target=\"_blank\" rel=\"noopener noreferrer\">EcoWildLife<\/a>,\u00a0<\/span><span style=\"font-weight: 400;\">Juan Sarri\u00f3n, de <a href=\"http:\/\/www.rutaspangea.com\" target=\"_blank\" rel=\"noopener noreferrer\">Rutas Pangea<\/a>,\u00a0<\/span><span style=\"font-weight: 400;\">Jaume Torres, de <a href=\"http:\/\/www.taranna.com\" target=\"_blank\" rel=\"noopener noreferrer\">Tarann\u00e0 Viatges<\/a><\/span><span style=\"font-weight: 400;\"> y <a href=\"http:\/\/www.creativerural.com\" target=\"_blank\" rel=\"noopener noreferrer\">Creative Rura<\/a>l y u<\/span>na servidora, Laura Basaga\u00f1a Illa.<\/p>\n<p><strong>Organizado por el Patronato de Turismo de Castell\u00f3n e <a href=\"http:\/\/www.itinerantur.com\" target=\"_blank\" rel=\"noopener\">Itinerantur<\/a><\/strong><\/p>\n","protected":false},"excerpt":{"rendered":"<p>Los famtrips de turismo responsable: una estrategia de promoci\u00f3n de todos los tiempos pero adaptada a las necesidades del futuro del turismo. Nuestra experiencia en el Famtrip de Castell\u00f3n.<\/p>\n","protected":false},"author":55,"featured_media":0,"comment_status":"open","ping_status":"open","sticky":false,"template":"","format":"standard","meta":{"footnotes":""},"categories":[534],"tags":[1692,1943,1944],"yoast_head":"<!-- This site is optimized with the Yoast SEO plugin v21.4 - https:\/\/yoast.com\/wordpress\/plugins\/seo\/ -->\n<title>El valor de los famtrips de turismo responsable: el caso de Castell\u00f3n<\/title>\n<meta name=\"description\" content=\"Los famtrips de turismo responsable: una estrategia de promoci\u00f3n de todos los tiempos pero adaptada a las necesidades del futuro del turismo\" \/>\n<meta name=\"robots\" content=\"index, follow, max-snippet:-1, max-image-preview:large, max-video-preview:-1\" \/>\n<link rel=\"canonical\" href=\"https:\/\/travindy.com\/news\/2017\/06\/el-valor-de-los-famtrips-de-turismo-responsable-el-caso-de-castellon\/\" \/>\n<meta property=\"og:locale\" content=\"en_US\" \/>\n<meta property=\"og:type\" content=\"article\" \/>\n<meta property=\"og:title\" content=\"El valor de los famtrips de turismo responsable: el caso de Castell\u00f3n\" \/>\n<meta property=\"og:description\" content=\"Los famtrips de turismo responsable: una estrategia de promoci\u00f3n de todos los tiempos pero adaptada a las necesidades del futuro del turismo\" \/>\n<meta property=\"og:url\" content=\"https:\/\/travindy.com\/news\/2017\/06\/el-valor-de-los-famtrips-de-turismo-responsable-el-caso-de-castellon\/\" \/>\n<meta property=\"og:site_name\" content=\"Travindy\" \/>\n<meta property=\"article:publisher\" content=\"https:\/\/www.facebook.com\/travindy\" \/>\n<meta property=\"article:published_time\" content=\"2017-06-09T22:34:50+00:00\" \/>\n<meta property=\"article:modified_time\" content=\"2017-06-29T16:16:15+00:00\" \/>\n<meta name=\"author\" content=\"Laura Basaga\u00f1a Illa\" \/>\n<meta name=\"twitter:card\" content=\"summary_large_image\" \/>\n<meta name=\"twitter:creator\" content=\"@Travindy\" \/>\n<meta name=\"twitter:site\" content=\"@Travindy\" \/>\n<meta name=\"twitter:label1\" content=\"Written by\" \/>\n\t<meta name=\"twitter:data1\" content=\"Laura Basaga\u00f1a Illa\" \/>\n\t<meta name=\"twitter:label2\" content=\"Est. reading time\" \/>\n\t<meta name=\"twitter:data2\" content=\"4 minutes\" \/>\n<script type=\"application\/ld+json\" class=\"yoast-schema-graph\">{\"@context\":\"https:\/\/schema.org\",\"@graph\":[{\"@type\":\"Article\",\"@id\":\"https:\/\/travindy.com\/news\/2017\/06\/el-valor-de-los-famtrips-de-turismo-responsable-el-caso-de-castellon\/#article\",\"isPartOf\":{\"@id\":\"https:\/\/travindy.com\/news\/2017\/06\/el-valor-de-los-famtrips-de-turismo-responsable-el-caso-de-castellon\/\"},\"author\":{\"name\":\"Laura Basaga\u00f1a Illa\",\"@id\":\"https:\/\/travindy.com\/news\/#\/schema\/person\/4e174bea5d57426cbc41e34a5ba4cc03\"},\"headline\":\"El valor de los famtrips de turismo responsable: el caso de Castell\u00f3n\",\"datePublished\":\"2017-06-09T22:34:50+00:00\",\"dateModified\":\"2017-06-29T16:16:15+00:00\",\"mainEntityOfPage\":{\"@id\":\"https:\/\/travindy.com\/news\/2017\/06\/el-valor-de-los-famtrips-de-turismo-responsable-el-caso-de-castellon\/\"},\"wordCount\":893,\"commentCount\":0,\"publisher\":{\"@id\":\"https:\/\/travindy.com\/news\/#organization\"},\"keywords\":[\"Castell\u00f3n\",\"Famtrip\",\"Itinerantur\"],\"articleSection\":[\"News\"],\"inLanguage\":\"en-US\",\"potentialAction\":[{\"@type\":\"CommentAction\",\"name\":\"Comment\",\"target\":[\"https:\/\/travindy.com\/news\/2017\/06\/el-valor-de-los-famtrips-de-turismo-responsable-el-caso-de-castellon\/#respond\"]}]},{\"@type\":\"WebPage\",\"@id\":\"https:\/\/travindy.com\/news\/2017\/06\/el-valor-de-los-famtrips-de-turismo-responsable-el-caso-de-castellon\/\",\"url\":\"https:\/\/travindy.com\/news\/2017\/06\/el-valor-de-los-famtrips-de-turismo-responsable-el-caso-de-castellon\/\",\"name\":\"El valor de los famtrips de turismo responsable: el caso de Castell\u00f3n\",\"isPartOf\":{\"@id\":\"https:\/\/travindy.com\/news\/#website\"},\"datePublished\":\"2017-06-09T22:34:50+00:00\",\"dateModified\":\"2017-06-29T16:16:15+00:00\",\"description\":\"Los famtrips de turismo responsable: una estrategia de promoci\u00f3n de todos los tiempos pero adaptada a las necesidades del futuro del turismo\",\"breadcrumb\":{\"@id\":\"https:\/\/travindy.com\/news\/2017\/06\/el-valor-de-los-famtrips-de-turismo-responsable-el-caso-de-castellon\/#breadcrumb\"},\"inLanguage\":\"en-US\",\"potentialAction\":[{\"@type\":\"ReadAction\",\"target\":[\"https:\/\/travindy.com\/news\/2017\/06\/el-valor-de-los-famtrips-de-turismo-responsable-el-caso-de-castellon\/\"]}]},{\"@type\":\"BreadcrumbList\",\"@id\":\"https:\/\/travindy.com\/news\/2017\/06\/el-valor-de-los-famtrips-de-turismo-responsable-el-caso-de-castellon\/#breadcrumb\",\"itemListElement\":[{\"@type\":\"ListItem\",\"position\":1,\"name\":\"Home\",\"item\":\"https:\/\/travindy.com\/news\/\"},{\"@type\":\"ListItem\",\"position\":2,\"name\":\"El valor de los famtrips de turismo responsable: el caso de Castell\u00f3n\"}]},{\"@type\":\"WebSite\",\"@id\":\"https:\/\/travindy.com\/news\/#website\",\"url\":\"https:\/\/travindy.com\/news\/\",\"name\":\"Travindy\",\"description\":\"sustainable tourism consulting, news and resources\",\"publisher\":{\"@id\":\"https:\/\/travindy.com\/news\/#organization\"},\"potentialAction\":[{\"@type\":\"SearchAction\",\"target\":{\"@type\":\"EntryPoint\",\"urlTemplate\":\"https:\/\/travindy.com\/news\/?s={search_term_string}\"},\"query-input\":\"required name=search_term_string\"}],\"inLanguage\":\"en-US\"},{\"@type\":\"Organization\",\"@id\":\"https:\/\/travindy.com\/news\/#organization\",\"name\":\"Travindy\",\"url\":\"https:\/\/travindy.com\/news\/\",\"logo\":{\"@type\":\"ImageObject\",\"inLanguage\":\"en-US\",\"@id\":\"https:\/\/travindy.com\/news\/#\/schema\/logo\/image\/\",\"url\":\"https:\/\/travindy.com\/wp-content\/uploads\/2022\/08\/cropped-travindy-logo-square.png\",\"contentUrl\":\"https:\/\/travindy.com\/wp-content\/uploads\/2022\/08\/cropped-travindy-logo-square.png\",\"width\":512,\"height\":512,\"caption\":\"Travindy\"},\"image\":{\"@id\":\"https:\/\/travindy.com\/news\/#\/schema\/logo\/image\/\"},\"sameAs\":[\"https:\/\/www.facebook.com\/travindy\",\"https:\/\/twitter.com\/Travindy\"]},{\"@type\":\"Person\",\"@id\":\"https:\/\/travindy.com\/news\/#\/schema\/person\/4e174bea5d57426cbc41e34a5ba4cc03\",\"name\":\"Laura Basaga\u00f1a Illa\",\"image\":{\"@type\":\"ImageObject\",\"inLanguage\":\"en-US\",\"@id\":\"https:\/\/travindy.com\/news\/#\/schema\/person\/image\/\",\"url\":\"https:\/\/secure.gravatar.com\/avatar\/a61c7a6af62f6cb223b4f6e55351288b?s=96&d=mm&r=g\",\"contentUrl\":\"https:\/\/secure.gravatar.com\/avatar\/a61c7a6af62f6cb223b4f6e55351288b?s=96&d=mm&r=g\",\"caption\":\"Laura Basaga\u00f1a Illa\"},\"description\":\"Actualmente trabaja como Coordinadora de la Agencia de Viajes de Oxineu, empresa de turismo activo especializada en experiencias de monta\u00f1a. Su inter\u00e9s por el turismo sostenible la llev\u00f3 a estudiar el M\u00e1ster en Gesti\u00f3n y Estrategia de Destinos Tur\u00edsticos en la UOC, donde emple\u00f3 el concepto de geoturismo para elaborar su tesis.\",\"url\":\"https:\/\/travindy.com\/news\/author\/laurabasaganya\/\"}]}<\/script>\n<!-- \/ Yoast SEO plugin. -->","yoast_head_json":{"title":"El valor de los famtrips de turismo responsable: el caso de Castell\u00f3n","description":"Los famtrips de turismo responsable: una estrategia de promoci\u00f3n de todos los tiempos pero adaptada a las necesidades del futuro del turismo","robots":{"index":"index","follow":"follow","max-snippet":"max-snippet:-1","max-image-preview":"max-image-preview:large","max-video-preview":"max-video-preview:-1"},"canonical":"https:\/\/travindy.com\/news\/2017\/06\/el-valor-de-los-famtrips-de-turismo-responsable-el-caso-de-castellon\/","og_locale":"en_US","og_type":"article","og_title":"El valor de los famtrips de turismo responsable: el caso de Castell\u00f3n","og_description":"Los famtrips de turismo responsable: una estrategia de promoci\u00f3n de todos los tiempos pero adaptada a las necesidades del futuro del turismo","og_url":"https:\/\/travindy.com\/news\/2017\/06\/el-valor-de-los-famtrips-de-turismo-responsable-el-caso-de-castellon\/","og_site_name":"Travindy","article_publisher":"https:\/\/www.facebook.com\/travindy","article_published_time":"2017-06-09T22:34:50+00:00","article_modified_time":"2017-06-29T16:16:15+00:00","author":"Laura Basaga\u00f1a Illa","twitter_card":"summary_large_image","twitter_creator":"@Travindy","twitter_site":"@Travindy","twitter_misc":{"Written by":"Laura Basaga\u00f1a Illa","Est. reading time":"4 minutes"},"schema":{"@context":"https:\/\/schema.org","@graph":[{"@type":"Article","@id":"https:\/\/travindy.com\/news\/2017\/06\/el-valor-de-los-famtrips-de-turismo-responsable-el-caso-de-castellon\/#article","isPartOf":{"@id":"https:\/\/travindy.com\/news\/2017\/06\/el-valor-de-los-famtrips-de-turismo-responsable-el-caso-de-castellon\/"},"author":{"name":"Laura Basaga\u00f1a Illa","@id":"https:\/\/travindy.com\/news\/#\/schema\/person\/4e174bea5d57426cbc41e34a5ba4cc03"},"headline":"El valor de los famtrips de turismo responsable: el caso de Castell\u00f3n","datePublished":"2017-06-09T22:34:50+00:00","dateModified":"2017-06-29T16:16:15+00:00","mainEntityOfPage":{"@id":"https:\/\/travindy.com\/news\/2017\/06\/el-valor-de-los-famtrips-de-turismo-responsable-el-caso-de-castellon\/"},"wordCount":893,"commentCount":0,"publisher":{"@id":"https:\/\/travindy.com\/news\/#organization"},"keywords":["Castell\u00f3n","Famtrip","Itinerantur"],"articleSection":["News"],"inLanguage":"en-US","potentialAction":[{"@type":"CommentAction","name":"Comment","target":["https:\/\/travindy.com\/news\/2017\/06\/el-valor-de-los-famtrips-de-turismo-responsable-el-caso-de-castellon\/#respond"]}]},{"@type":"WebPage","@id":"https:\/\/travindy.com\/news\/2017\/06\/el-valor-de-los-famtrips-de-turismo-responsable-el-caso-de-castellon\/","url":"https:\/\/travindy.com\/news\/2017\/06\/el-valor-de-los-famtrips-de-turismo-responsable-el-caso-de-castellon\/","name":"El valor de los famtrips de turismo responsable: el caso de Castell\u00f3n","isPartOf":{"@id":"https:\/\/travindy.com\/news\/#website"},"datePublished":"2017-06-09T22:34:50+00:00","dateModified":"2017-06-29T16:16:15+00:00","description":"Los famtrips de turismo responsable: una estrategia de promoci\u00f3n de todos los tiempos pero adaptada a las necesidades del futuro del turismo","breadcrumb":{"@id":"https:\/\/travindy.com\/news\/2017\/06\/el-valor-de-los-famtrips-de-turismo-responsable-el-caso-de-castellon\/#breadcrumb"},"inLanguage":"en-US","potentialAction":[{"@type":"ReadAction","target":["https:\/\/travindy.com\/news\/2017\/06\/el-valor-de-los-famtrips-de-turismo-responsable-el-caso-de-castellon\/"]}]},{"@type":"BreadcrumbList","@id":"https:\/\/travindy.com\/news\/2017\/06\/el-valor-de-los-famtrips-de-turismo-responsable-el-caso-de-castellon\/#breadcrumb","itemListElement":[{"@type":"ListItem","position":1,"name":"Home","item":"https:\/\/travindy.com\/news\/"},{"@type":"ListItem","position":2,"name":"El valor de los famtrips de turismo responsable: el caso de Castell\u00f3n"}]},{"@type":"WebSite","@id":"https:\/\/travindy.com\/news\/#website","url":"https:\/\/travindy.com\/news\/","name":"Travindy","description":"sustainable tourism consulting, news and resources","publisher":{"@id":"https:\/\/travindy.com\/news\/#organization"},"potentialAction":[{"@type":"SearchAction","target":{"@type":"EntryPoint","urlTemplate":"https:\/\/travindy.com\/news\/?s={search_term_string}"},"query-input":"required name=search_term_string"}],"inLanguage":"en-US"},{"@type":"Organization","@id":"https:\/\/travindy.com\/news\/#organization","name":"Travindy","url":"https:\/\/travindy.com\/news\/","logo":{"@type":"ImageObject","inLanguage":"en-US","@id":"https:\/\/travindy.com\/news\/#\/schema\/logo\/image\/","url":"https:\/\/travindy.com\/wp-content\/uploads\/2022\/08\/cropped-travindy-logo-square.png","contentUrl":"https:\/\/travindy.com\/wp-content\/uploads\/2022\/08\/cropped-travindy-logo-square.png","width":512,"height":512,"caption":"Travindy"},"image":{"@id":"https:\/\/travindy.com\/news\/#\/schema\/logo\/image\/"},"sameAs":["https:\/\/www.facebook.com\/travindy","https:\/\/twitter.com\/Travindy"]},{"@type":"Person","@id":"https:\/\/travindy.com\/news\/#\/schema\/person\/4e174bea5d57426cbc41e34a5ba4cc03","name":"Laura Basaga\u00f1a Illa","image":{"@type":"ImageObject","inLanguage":"en-US","@id":"https:\/\/travindy.com\/news\/#\/schema\/person\/image\/","url":"https:\/\/secure.gravatar.com\/avatar\/a61c7a6af62f6cb223b4f6e55351288b?s=96&d=mm&r=g","contentUrl":"https:\/\/secure.gravatar.com\/avatar\/a61c7a6af62f6cb223b4f6e55351288b?s=96&d=mm&r=g","caption":"Laura Basaga\u00f1a Illa"},"description":"Actualmente trabaja como Coordinadora de la Agencia de Viajes de Oxineu, empresa de turismo activo especializada en experiencias de monta\u00f1a. Su inter\u00e9s por el turismo sostenible la llev\u00f3 a estudiar el M\u00e1ster en Gesti\u00f3n y Estrategia de Destinos Tur\u00edsticos en la UOC, donde emple\u00f3 el concepto de geoturismo para elaborar su tesis.","url":"https:\/\/travindy.com\/news\/author\/laurabasaganya\/"}]}},"_links":{"self":[{"href":"https:\/\/travindy.com\/news\/wp-json\/wp\/v2\/posts\/18976"}],"collection":[{"href":"https:\/\/travindy.com\/news\/wp-json\/wp\/v2\/posts"}],"about":[{"href":"https:\/\/travindy.com\/news\/wp-json\/wp\/v2\/types\/post"}],"author":[{"embeddable":true,"href":"https:\/\/travindy.com\/news\/wp-json\/wp\/v2\/users\/55"}],"replies":[{"embeddable":true,"href":"https:\/\/travindy.com\/news\/wp-json\/wp\/v2\/comments?post=18976"}],"version-history":[{"count":0,"href":"https:\/\/travindy.com\/news\/wp-json\/wp\/v2\/posts\/18976\/revisions"}],"wp:attachment":[{"href":"https:\/\/travindy.com\/news\/wp-json\/wp\/v2\/media?parent=18976"}],"wp:term":[{"taxonomy":"category","embeddable":true,"href":"https:\/\/travindy.com\/news\/wp-json\/wp\/v2\/categories?post=18976"},{"taxonomy":"post_tag","embeddable":true,"href":"https:\/\/travindy.com\/news\/wp-json\/wp\/v2\/tags?post=18976"}],"curies":[{"name":"wp","href":"https:\/\/api.w.org\/{rel}","templated":true}]}}