{"id":18642,"date":"2017-05-24T12:32:51","date_gmt":"2017-05-24T11:32:51","guid":{"rendered":"https:\/\/travindy.com\/es\/?p=18642"},"modified":"2017-05-30T12:14:38","modified_gmt":"2017-05-30T11:14:38","slug":"invitacion-al-dia-mundial-del-turismo-responsable-2017-en-madrid","status":"publish","type":"post","link":"https:\/\/travindy.com\/news\/2017\/05\/invitacion-al-dia-mundial-del-turismo-responsable-2017-en-madrid\/","title":{"rendered":"Invitaci\u00f3n al D\u00eda Mundial del Turismo Responsable 2017 en Madrid"},"content":{"rendered":"<div class=\"page\" title=\"Page 1\">\n<div class=\"section\">\n<div class=\"layoutArea\">\n<div class=\"column\">\n<p><img fetchpriority=\"high\" decoding=\"async\" class=\"aligncenter size-full wp-image-18646\" src=\"https:\/\/travindy.com\/wp-content\/uploads\/2017\/05\/DMTR17CAM.jpg\" alt=\"Invitaci\u00f3n al D\u00eda Mundial del Turismo Responsable 2017 en Madrid\" width=\"1024\" height=\"641\" srcset=\"https:\/\/travindy.com\/news\/wp-content\/uploads\/2017\/05\/DMTR17CAM.jpg 1024w, https:\/\/travindy.com\/news\/wp-content\/uploads\/2017\/05\/DMTR17CAM-300x188.jpg 300w, https:\/\/travindy.com\/news\/wp-content\/uploads\/2017\/05\/DMTR17CAM-768x481.jpg 768w\" sizes=\"(max-width: 1024px) 100vw, 1024px\" \/><\/p>\n<p style=\"text-align: left;\"><span class=\"wpsdc-drop-cap\">E<\/span>l CETR-Centro Espa\u00f1ol de Turismo Responsable, celebra como cada a\u00f1o el D\u00eda Mundial del Turismo Responsable (DMTR) el pr\u00f3ximo 2 de junio en Madrid.<\/p>\n<p style=\"text-align: left;\">Este a\u00f1o la jornada del DMTR estar\u00e1 centrado en las buenas pr\u00e1cticas y el intercambio de experiencias en turismo sostenible, aplicables tanto a\u00a0empresas como a destinos.<\/p>\n<p style=\"text-align: left;\">El evento es abierto y se celebrar\u00e1 en la ma\u00f1ana del viernes 2 de Junio de 9 am a 1.30 pm en el Auditorio de la Direcci\u00f3n General de Turismo de la Comunidad de Madrid, en la calle de Alcal\u00e1 31.<\/p>\n<p style=\"text-align: left;\"><strong>Confirma tu asistencia en:\u00a0<a href=\"mailto:comunicacion@ceturismoresponsable.com\" target=\"_blank\" rel=\"noopener noreferrer\">comunicacion@<wbr \/>ceturismoresponsable.com<\/a>\u00a0(aforo limitado).<\/strong><\/p>\n<p style=\"text-align: left;\"><strong>Para descubrir el programa completo <a href=\"http:\/\/www.koanconsulting.com\/programa-oficial-del-dia-mundial-del-turismo-responsable-2017\/\" target=\"_blank\" rel=\"noopener noreferrer\">visita este enlace<\/a><\/strong><\/p>\n<p style=\"text-align: left;\">M\u00e1s info\u00a0<a href=\"http:\/\/www.koanconsulting.com\/save-the-date-2-junio-2017-dia-mundial-del-turismo-responsable-%E2%80%8E\/\" target=\"_blank\" rel=\"noopener noreferrer nofollow\">aqu\u00ed<\/a><\/p>\n<\/div>\n<\/div>\n<\/div>\n<\/div>\n","protected":false},"excerpt":{"rendered":"<p>El CETR organiza el D\u00eda Mundial del Turismo Responsable en Madrid y extiende una invitaci\u00f3n abierta a todos los interesados<\/p>\n","protected":false},"author":5,"featured_media":18804,"comment_status":"open","ping_status":"open","sticky":false,"template":"","format":"standard","meta":{"footnotes":""},"categories":[534],"tags":[1889,770],"yoast_head":"<!-- This site is optimized with the Yoast SEO plugin v21.4 - https:\/\/yoast.com\/wordpress\/plugins\/seo\/ -->\n<title>Invitaci\u00f3n al D\u00eda Mundial del Turismo Responsable 2017 en Madrid<\/title>\n<meta name=\"description\" content=\"El CETR organiza el D\u00eda Mundial del Turismo Responsable en Madrid y extiende una invitaci\u00f3n abierta a todos los interesados\" \/>\n<meta name=\"robots\" content=\"index, follow, max-snippet:-1, max-image-preview:large, max-video-preview:-1\" \/>\n<link rel=\"canonical\" href=\"https:\/\/travindy.com\/news\/2017\/05\/invitacion-al-dia-mundial-del-turismo-responsable-2017-en-madrid\/\" \/>\n<meta property=\"og:locale\" content=\"en_US\" \/>\n<meta property=\"og:type\" content=\"article\" \/>\n<meta property=\"og:title\" content=\"Invitaci\u00f3n al D\u00eda Mundial del Turismo Responsable 2017 en Madrid\" \/>\n<meta property=\"og:description\" content=\"El CETR organiza el D\u00eda Mundial del Turismo Responsable en Madrid y extiende una invitaci\u00f3n abierta a todos los interesados\" \/>\n<meta property=\"og:url\" content=\"https:\/\/travindy.com\/news\/2017\/05\/invitacion-al-dia-mundial-del-turismo-responsable-2017-en-madrid\/\" \/>\n<meta property=\"og:site_name\" content=\"Travindy\" \/>\n<meta property=\"article:publisher\" content=\"https:\/\/www.facebook.com\/travindy\" \/>\n<meta property=\"article:author\" content=\"https:\/\/www.facebook.com\/travindy\" \/>\n<meta property=\"article:published_time\" content=\"2017-05-24T11:32:51+00:00\" \/>\n<meta property=\"article:modified_time\" content=\"2017-05-30T11:14:38+00:00\" \/>\n<meta property=\"og:image\" content=\"https:\/\/travindy.com\/news\/wp-content\/uploads\/2017\/05\/D\u00eda-Mundial-del-Turismo-Responsable-20172_06_17DMTR17-e1496142852976.jpg\" \/>\n\t<meta property=\"og:image:width\" content=\"800\" \/>\n\t<meta property=\"og:image:height\" content=\"548\" \/>\n\t<meta property=\"og:image:type\" content=\"image\/jpeg\" \/>\n<meta name=\"author\" content=\"Travindy\" \/>\n<meta name=\"twitter:card\" content=\"summary_large_image\" \/>\n<meta name=\"twitter:creator\" content=\"@travindy\" \/>\n<meta name=\"twitter:site\" content=\"@Travindy\" \/>\n<meta name=\"twitter:label1\" content=\"Written by\" \/>\n\t<meta name=\"twitter:data1\" content=\"Travindy\" \/>\n\t<meta name=\"twitter:label2\" content=\"Est. reading time\" \/>\n\t<meta name=\"twitter:data2\" content=\"1 minute\" \/>\n<script type=\"application\/ld+json\" class=\"yoast-schema-graph\">{\"@context\":\"https:\/\/schema.org\",\"@graph\":[{\"@type\":\"Article\",\"@id\":\"https:\/\/travindy.com\/news\/2017\/05\/invitacion-al-dia-mundial-del-turismo-responsable-2017-en-madrid\/#article\",\"isPartOf\":{\"@id\":\"https:\/\/travindy.com\/news\/2017\/05\/invitacion-al-dia-mundial-del-turismo-responsable-2017-en-madrid\/\"},\"author\":{\"name\":\"Travindy\",\"@id\":\"https:\/\/travindy.com\/news\/#\/schema\/person\/79576b26c03e84ac969c6cf7ad8118bb\"},\"headline\":\"Invitaci\u00f3n al D\u00eda Mundial del Turismo Responsable 2017 en Madrid\",\"datePublished\":\"2017-05-24T11:32:51+00:00\",\"dateModified\":\"2017-05-30T11:14:38+00:00\",\"mainEntityOfPage\":{\"@id\":\"https:\/\/travindy.com\/news\/2017\/05\/invitacion-al-dia-mundial-del-turismo-responsable-2017-en-madrid\/\"},\"wordCount\":130,\"commentCount\":0,\"publisher\":{\"@id\":\"https:\/\/travindy.com\/news\/#organization\"},\"keywords\":[\"DMTR\",\"Madrid\"],\"articleSection\":[\"News\"],\"inLanguage\":\"en-US\",\"potentialAction\":[{\"@type\":\"CommentAction\",\"name\":\"Comment\",\"target\":[\"https:\/\/travindy.com\/news\/2017\/05\/invitacion-al-dia-mundial-del-turismo-responsable-2017-en-madrid\/#respond\"]}]},{\"@type\":\"WebPage\",\"@id\":\"https:\/\/travindy.com\/news\/2017\/05\/invitacion-al-dia-mundial-del-turismo-responsable-2017-en-madrid\/\",\"url\":\"https:\/\/travindy.com\/news\/2017\/05\/invitacion-al-dia-mundial-del-turismo-responsable-2017-en-madrid\/\",\"name\":\"Invitaci\u00f3n al D\u00eda Mundial del Turismo Responsable 2017 en Madrid\",\"isPartOf\":{\"@id\":\"https:\/\/travindy.com\/news\/#website\"},\"datePublished\":\"2017-05-24T11:32:51+00:00\",\"dateModified\":\"2017-05-30T11:14:38+00:00\",\"description\":\"El CETR organiza el D\u00eda Mundial del Turismo Responsable en Madrid y extiende una invitaci\u00f3n abierta a todos los interesados\",\"breadcrumb\":{\"@id\":\"https:\/\/travindy.com\/news\/2017\/05\/invitacion-al-dia-mundial-del-turismo-responsable-2017-en-madrid\/#breadcrumb\"},\"inLanguage\":\"en-US\",\"potentialAction\":[{\"@type\":\"ReadAction\",\"target\":[\"https:\/\/travindy.com\/news\/2017\/05\/invitacion-al-dia-mundial-del-turismo-responsable-2017-en-madrid\/\"]}]},{\"@type\":\"BreadcrumbList\",\"@id\":\"https:\/\/travindy.com\/news\/2017\/05\/invitacion-al-dia-mundial-del-turismo-responsable-2017-en-madrid\/#breadcrumb\",\"itemListElement\":[{\"@type\":\"ListItem\",\"position\":1,\"name\":\"Home\",\"item\":\"https:\/\/travindy.com\/news\/\"},{\"@type\":\"ListItem\",\"position\":2,\"name\":\"Invitaci\u00f3n al D\u00eda Mundial del Turismo Responsable 2017 en Madrid\"}]},{\"@type\":\"WebSite\",\"@id\":\"https:\/\/travindy.com\/news\/#website\",\"url\":\"https:\/\/travindy.com\/news\/\",\"name\":\"Travindy\",\"description\":\"sustainable tourism consulting, news and resources\",\"publisher\":{\"@id\":\"https:\/\/travindy.com\/news\/#organization\"},\"potentialAction\":[{\"@type\":\"SearchAction\",\"target\":{\"@type\":\"EntryPoint\",\"urlTemplate\":\"https:\/\/travindy.com\/news\/?s={search_term_string}\"},\"query-input\":\"required name=search_term_string\"}],\"inLanguage\":\"en-US\"},{\"@type\":\"Organization\",\"@id\":\"https:\/\/travindy.com\/news\/#organization\",\"name\":\"Travindy\",\"url\":\"https:\/\/travindy.com\/news\/\",\"logo\":{\"@type\":\"ImageObject\",\"inLanguage\":\"en-US\",\"@id\":\"https:\/\/travindy.com\/news\/#\/schema\/logo\/image\/\",\"url\":\"https:\/\/travindy.com\/wp-content\/uploads\/2022\/08\/cropped-travindy-logo-square.png\",\"contentUrl\":\"https:\/\/travindy.com\/wp-content\/uploads\/2022\/08\/cropped-travindy-logo-square.png\",\"width\":512,\"height\":512,\"caption\":\"Travindy\"},\"image\":{\"@id\":\"https:\/\/travindy.com\/news\/#\/schema\/logo\/image\/\"},\"sameAs\":[\"https:\/\/www.facebook.com\/travindy\",\"https:\/\/twitter.com\/Travindy\"]},{\"@type\":\"Person\",\"@id\":\"https:\/\/travindy.com\/news\/#\/schema\/person\/79576b26c03e84ac969c6cf7ad8118bb\",\"name\":\"Travindy\",\"image\":{\"@type\":\"ImageObject\",\"inLanguage\":\"en-US\",\"@id\":\"https:\/\/travindy.com\/news\/#\/schema\/person\/image\/\",\"url\":\"https:\/\/secure.gravatar.com\/avatar\/7e8e24b511c9178e320b9eb2226dadb1?s=96&d=mm&r=g\",\"contentUrl\":\"https:\/\/secure.gravatar.com\/avatar\/7e8e24b511c9178e320b9eb2226dadb1?s=96&d=mm&r=g\",\"caption\":\"Travindy\"},\"description\":\"Travindy is an independent website featuring news and opinion on all issues to do with tourism and sustainability. Written primarily for an industry audience, our aim is to support the transformation of the sector into one that is regenerative, restorative and fully inclusive.\",\"sameAs\":[\"https:\/\/www.facebook.com\/travindy\",\"https:\/\/twitter.com\/travindy\"],\"url\":\"https:\/\/travindy.com\/news\/author\/travindy\/\"}]}<\/script>\n<!-- \/ Yoast SEO plugin. -->","yoast_head_json":{"title":"Invitaci\u00f3n al D\u00eda Mundial del Turismo Responsable 2017 en Madrid","description":"El CETR organiza el D\u00eda Mundial del Turismo Responsable en Madrid y extiende una invitaci\u00f3n abierta a todos los interesados","robots":{"index":"index","follow":"follow","max-snippet":"max-snippet:-1","max-image-preview":"max-image-preview:large","max-video-preview":"max-video-preview:-1"},"canonical":"https:\/\/travindy.com\/news\/2017\/05\/invitacion-al-dia-mundial-del-turismo-responsable-2017-en-madrid\/","og_locale":"en_US","og_type":"article","og_title":"Invitaci\u00f3n al D\u00eda Mundial del Turismo Responsable 2017 en Madrid","og_description":"El CETR organiza el D\u00eda Mundial del Turismo Responsable en Madrid y extiende una invitaci\u00f3n abierta a todos los interesados","og_url":"https:\/\/travindy.com\/news\/2017\/05\/invitacion-al-dia-mundial-del-turismo-responsable-2017-en-madrid\/","og_site_name":"Travindy","article_publisher":"https:\/\/www.facebook.com\/travindy","article_author":"https:\/\/www.facebook.com\/travindy","article_published_time":"2017-05-24T11:32:51+00:00","article_modified_time":"2017-05-30T11:14:38+00:00","og_image":[{"width":800,"height":548,"url":"https:\/\/travindy.com\/news\/wp-content\/uploads\/2017\/05\/D\u00eda-Mundial-del-Turismo-Responsable-20172_06_17DMTR17-e1496142852976.jpg","type":"image\/jpeg"}],"author":"Travindy","twitter_card":"summary_large_image","twitter_creator":"@travindy","twitter_site":"@Travindy","twitter_misc":{"Written by":"Travindy","Est. reading time":"1 minute"},"schema":{"@context":"https:\/\/schema.org","@graph":[{"@type":"Article","@id":"https:\/\/travindy.com\/news\/2017\/05\/invitacion-al-dia-mundial-del-turismo-responsable-2017-en-madrid\/#article","isPartOf":{"@id":"https:\/\/travindy.com\/news\/2017\/05\/invitacion-al-dia-mundial-del-turismo-responsable-2017-en-madrid\/"},"author":{"name":"Travindy","@id":"https:\/\/travindy.com\/news\/#\/schema\/person\/79576b26c03e84ac969c6cf7ad8118bb"},"headline":"Invitaci\u00f3n al D\u00eda Mundial del Turismo Responsable 2017 en Madrid","datePublished":"2017-05-24T11:32:51+00:00","dateModified":"2017-05-30T11:14:38+00:00","mainEntityOfPage":{"@id":"https:\/\/travindy.com\/news\/2017\/05\/invitacion-al-dia-mundial-del-turismo-responsable-2017-en-madrid\/"},"wordCount":130,"commentCount":0,"publisher":{"@id":"https:\/\/travindy.com\/news\/#organization"},"keywords":["DMTR","Madrid"],"articleSection":["News"],"inLanguage":"en-US","potentialAction":[{"@type":"CommentAction","name":"Comment","target":["https:\/\/travindy.com\/news\/2017\/05\/invitacion-al-dia-mundial-del-turismo-responsable-2017-en-madrid\/#respond"]}]},{"@type":"WebPage","@id":"https:\/\/travindy.com\/news\/2017\/05\/invitacion-al-dia-mundial-del-turismo-responsable-2017-en-madrid\/","url":"https:\/\/travindy.com\/news\/2017\/05\/invitacion-al-dia-mundial-del-turismo-responsable-2017-en-madrid\/","name":"Invitaci\u00f3n al D\u00eda Mundial del Turismo Responsable 2017 en Madrid","isPartOf":{"@id":"https:\/\/travindy.com\/news\/#website"},"datePublished":"2017-05-24T11:32:51+00:00","dateModified":"2017-05-30T11:14:38+00:00","description":"El CETR organiza el D\u00eda Mundial del Turismo Responsable en Madrid y extiende una invitaci\u00f3n abierta a todos los interesados","breadcrumb":{"@id":"https:\/\/travindy.com\/news\/2017\/05\/invitacion-al-dia-mundial-del-turismo-responsable-2017-en-madrid\/#breadcrumb"},"inLanguage":"en-US","potentialAction":[{"@type":"ReadAction","target":["https:\/\/travindy.com\/news\/2017\/05\/invitacion-al-dia-mundial-del-turismo-responsable-2017-en-madrid\/"]}]},{"@type":"BreadcrumbList","@id":"https:\/\/travindy.com\/news\/2017\/05\/invitacion-al-dia-mundial-del-turismo-responsable-2017-en-madrid\/#breadcrumb","itemListElement":[{"@type":"ListItem","position":1,"name":"Home","item":"https:\/\/travindy.com\/news\/"},{"@type":"ListItem","position":2,"name":"Invitaci\u00f3n al D\u00eda Mundial del Turismo Responsable 2017 en Madrid"}]},{"@type":"WebSite","@id":"https:\/\/travindy.com\/news\/#website","url":"https:\/\/travindy.com\/news\/","name":"Travindy","description":"sustainable tourism consulting, news and resources","publisher":{"@id":"https:\/\/travindy.com\/news\/#organization"},"potentialAction":[{"@type":"SearchAction","target":{"@type":"EntryPoint","urlTemplate":"https:\/\/travindy.com\/news\/?s={search_term_string}"},"query-input":"required name=search_term_string"}],"inLanguage":"en-US"},{"@type":"Organization","@id":"https:\/\/travindy.com\/news\/#organization","name":"Travindy","url":"https:\/\/travindy.com\/news\/","logo":{"@type":"ImageObject","inLanguage":"en-US","@id":"https:\/\/travindy.com\/news\/#\/schema\/logo\/image\/","url":"https:\/\/travindy.com\/wp-content\/uploads\/2022\/08\/cropped-travindy-logo-square.png","contentUrl":"https:\/\/travindy.com\/wp-content\/uploads\/2022\/08\/cropped-travindy-logo-square.png","width":512,"height":512,"caption":"Travindy"},"image":{"@id":"https:\/\/travindy.com\/news\/#\/schema\/logo\/image\/"},"sameAs":["https:\/\/www.facebook.com\/travindy","https:\/\/twitter.com\/Travindy"]},{"@type":"Person","@id":"https:\/\/travindy.com\/news\/#\/schema\/person\/79576b26c03e84ac969c6cf7ad8118bb","name":"Travindy","image":{"@type":"ImageObject","inLanguage":"en-US","@id":"https:\/\/travindy.com\/news\/#\/schema\/person\/image\/","url":"https:\/\/secure.gravatar.com\/avatar\/7e8e24b511c9178e320b9eb2226dadb1?s=96&d=mm&r=g","contentUrl":"https:\/\/secure.gravatar.com\/avatar\/7e8e24b511c9178e320b9eb2226dadb1?s=96&d=mm&r=g","caption":"Travindy"},"description":"Travindy is an independent website featuring news and opinion on all issues to do with tourism and sustainability. Written primarily for an industry audience, our aim is to support the transformation of the sector into one that is regenerative, restorative and fully inclusive.","sameAs":["https:\/\/www.facebook.com\/travindy","https:\/\/twitter.com\/travindy"],"url":"https:\/\/travindy.com\/news\/author\/travindy\/"}]}},"_links":{"self":[{"href":"https:\/\/travindy.com\/news\/wp-json\/wp\/v2\/posts\/18642"}],"collection":[{"href":"https:\/\/travindy.com\/news\/wp-json\/wp\/v2\/posts"}],"about":[{"href":"https:\/\/travindy.com\/news\/wp-json\/wp\/v2\/types\/post"}],"author":[{"embeddable":true,"href":"https:\/\/travindy.com\/news\/wp-json\/wp\/v2\/users\/5"}],"replies":[{"embeddable":true,"href":"https:\/\/travindy.com\/news\/wp-json\/wp\/v2\/comments?post=18642"}],"version-history":[{"count":0,"href":"https:\/\/travindy.com\/news\/wp-json\/wp\/v2\/posts\/18642\/revisions"}],"wp:featuredmedia":[{"embeddable":true,"href":"https:\/\/travindy.com\/news\/wp-json\/wp\/v2\/media\/18804"}],"wp:attachment":[{"href":"https:\/\/travindy.com\/news\/wp-json\/wp\/v2\/media?parent=18642"}],"wp:term":[{"taxonomy":"category","embeddable":true,"href":"https:\/\/travindy.com\/news\/wp-json\/wp\/v2\/categories?post=18642"},{"taxonomy":"post_tag","embeddable":true,"href":"https:\/\/travindy.com\/news\/wp-json\/wp\/v2\/tags?post=18642"}],"curies":[{"name":"wp","href":"https:\/\/api.w.org\/{rel}","templated":true}]}}