{"id":16861,"date":"2017-02-27T12:00:38","date_gmt":"2017-02-27T11:00:38","guid":{"rendered":"https:\/\/travindy.com\/es\/?p=16861"},"modified":"2017-04-16T16:51:51","modified_gmt":"2017-04-16T15:51:51","slug":"turismo-pro-pobreza-un-llamado-a-la-reflexion","status":"publish","type":"post","link":"https:\/\/travindy.com\/news\/2017\/02\/turismo-pro-pobreza-un-llamado-a-la-reflexion\/","title":{"rendered":"Turismo Pro-pobreza, un llamado a la reflexi\u00f3n."},"content":{"rendered":"<p><img fetchpriority=\"high\" decoding=\"async\" class=\"aligncenter size-full wp-image-16951\" src=\"https:\/\/travindy.com\/wp-content\/uploads\/2017\/02\/rio-de-janeiro-1415783_640.jpg\" alt=\"Turismo Pro-pobreza, un llamado a la reflexi\u00f3n.\" width=\"640\" height=\"320\" srcset=\"https:\/\/travindy.com\/news\/wp-content\/uploads\/2017\/02\/rio-de-janeiro-1415783_640.jpg 640w, https:\/\/travindy.com\/news\/wp-content\/uploads\/2017\/02\/rio-de-janeiro-1415783_640-300x150.jpg 300w\" sizes=\"(max-width: 640px) 100vw, 640px\" \/><\/p>\n<p>\u201cPro-poor tourism\u201d(PPT), termino Ingles que en Espa\u00f1ol se traducir\u00eda \u201cturismo pro-pobreza\u201d, ha ido creciendo y desarroll\u00e1ndose en los \u00faltimos 20 a\u00f1os, consiguiendo un alcance importante en la industria tur\u00edstica. Los n\u00fameros de interesados en este tipo de turismo muestran unos \u00edndices realmente altos, demostrando as\u00ed el incremento, la motivaci\u00f3n e inter\u00e9s por los viajeros a visitar zonas marginales o pobres como las <a href=\"https:\/\/www.tourismconcern.org.uk\/slum-tourism\/\" target=\"_blank\" rel=\"nofollow\">favelas en Rio de Janeiro, y townships en Ciudad del Cabo o Mumbai<\/a>.<\/p>\n<p>El PPT, valora el <a href=\"http:\/\/www.prisma.org.sv\/uploads\/media\/Turismo_pro_poor_Jordi_Gascon.PDF\" target=\"_blank\" rel=\"nofollow\">impacto de la actividad tur\u00edstica<\/a> desde la capacidad de aportar ingresos econ\u00f3micos a la poblaci\u00f3n cuyos ingresos son menores a\u00a01$ al d\u00eda,\u00a0reconociendo\u00a0que la mayor parte de las ganancias son apropiadas por otros agentes como; administraciones, operadores y otros proveedores. Este tipo de turismo ha sido acogido por la Organizaci\u00f3n Mundial del Turismo, y es un fuerte generador de controversia en la industria tur\u00edstica, especialmente la del turismo responsable por la directa connotaci\u00f3n e impacto en las comunidades donde se desarrollan estas actividades.<\/p>\n<p>Hace unos meses, hice una peque\u00f1a investigaci\u00f3n para un trabajo del m\u00e1ster de turismo responsable, acerca del turismo en \u201cslums o \u00e1reas marginales\u201d. Mas all\u00e1 de los debates que son claramente defendidos por soci\u00f3logos, fil\u00f3sofos y agentes del turismo, me llam\u00f3 la atenci\u00f3n de corroborar la falta de datos que existe sobre este tema, especialmente cuando este tipo de turismo tiene el potencial de ser un promotor para el desarrollo. Datos que son importantes para poder cuantificar realmente el n\u00famero de casos exitosos, y a su vez poder evaluar los beneficios econ\u00f3micos que este tipo de turismo genera a los operadores y agentes que forman el producto, y que casualmente en la mayor\u00eda de casos son externos a la zona marginal o no tienen relaci\u00f3n directa con las comunidades <a href=\"http:\/\/www.tandfonline.com\/doi\/abs\/10.1080\/03768351003740795\" target=\"_blank\" rel=\"nofollow\">involucradas<\/a>.<\/p>\n<p>Durante mucho tiempo me ha llamado la atenci\u00f3n, que siempre que se habla de \u201cturismo pro-pobreza\u201d, se lleva a zonas geogr\u00e1ficas en desarrollo, pero la pobreza de bien es sabido que existe y cada vez mas visiblemente est\u00e1 en crecimiento en pa\u00edses desarrollados. En Brasil, el 21.4% de la poblaci\u00f3n se considera que vive bajo niveles de pobreza, pero curiosamente en Espa\u00f1a o Croacia el 21.1% de la poblaci\u00f3n tambi\u00e9n <a href=\"http:\/\/www.indexmundi.com\/g\/r.aspx?v=69\" target=\"_blank\">vive bajo niveles de pobreza.<\/a> Intento recordar, sin encontrar ning\u00fan producto tur\u00edstico que me venga a la mente, ni tampoco creo conocer operadores que est\u00e9n desarrollando productos o visitas en zonas marginales o a las comunidades que viven bajo niveles de pobreza en ninguno de estos, u otros pa\u00edses considerados \u2018desarrollados\u2019.<\/p>\n<p>Dicho esto, sin intenci\u00f3n de entrar en debates \u00e9ticos sobre este tema y bajo mi punto de vista personal y profesional secundo la posici\u00f3n del turismo responsable, que aboga por la necesidad imperativa de pol\u00edticas y regulaciones para el turismo en zonas marginales. Que adem\u00e1s equilibre la creaci\u00f3n de pol\u00edticas de promoci\u00f3n tur\u00edstica para mitigar la pobreza, con un foco y necesidad de salvaguardar a las comunidades m\u00e1s vulnerables, y que promuevan la prevenci\u00f3n de conflictos sociales. Tambi\u00e9n hago un llamado a la reflexi\u00f3n, simplemente para poder entender porqu\u00e9 este tipo de turismo que curiosamente se inici\u00f3 en Inglaterra en el siglo XIX, ahora solamente se desarrolla en pa\u00edses en proceso de desarrollo.<\/p>\n","protected":false},"excerpt":{"rendered":"<p>El turismo Pro-Pobreza valora el impacto de la actividad tur\u00edstica desde la capacidad de aportar ingresos econ\u00f3micos a la poblaci\u00f3n cuyos ingresos son menores a 1$ al d\u00eda<\/p>\n","protected":false},"author":79,"featured_media":0,"comment_status":"open","ping_status":"open","sticky":false,"template":"","format":"standard","meta":{"footnotes":""},"categories":[534],"tags":[751,1120],"yoast_head":"<!-- This site is optimized with the Yoast SEO plugin v21.4 - https:\/\/yoast.com\/wordpress\/plugins\/seo\/ -->\n<title>Turismo Pro-pobreza, un llamado a la reflexi\u00f3n.<\/title>\n<meta name=\"description\" content=\"Pro-poor tourism\u201d(PPT), termino Ingles que en Espa\u00f1ol se traducir\u00eda \u201cturismo pro-pobreza\u201d, ha ido creciendo y desarroll\u00e1ndose en los \u00faltimos 20 a\u00f1os\" \/>\n<meta name=\"robots\" content=\"index, follow, max-snippet:-1, max-image-preview:large, max-video-preview:-1\" \/>\n<link rel=\"canonical\" href=\"https:\/\/travindy.com\/news\/2017\/02\/turismo-pro-pobreza-un-llamado-a-la-reflexion\/\" \/>\n<meta property=\"og:locale\" content=\"en_US\" \/>\n<meta property=\"og:type\" content=\"article\" \/>\n<meta property=\"og:title\" content=\"Turismo Pro-pobreza, un llamado a la reflexi\u00f3n.\" \/>\n<meta property=\"og:description\" content=\"Pro-poor tourism\u201d(PPT), termino Ingles que en Espa\u00f1ol se traducir\u00eda \u201cturismo pro-pobreza\u201d, ha ido creciendo y desarroll\u00e1ndose en los \u00faltimos 20 a\u00f1os\" \/>\n<meta property=\"og:url\" content=\"https:\/\/travindy.com\/news\/2017\/02\/turismo-pro-pobreza-un-llamado-a-la-reflexion\/\" \/>\n<meta property=\"og:site_name\" content=\"Travindy\" \/>\n<meta property=\"article:publisher\" content=\"https:\/\/www.facebook.com\/travindy\" \/>\n<meta property=\"article:author\" content=\"https:\/\/www.facebook.com\/mireia.munoz.796\" \/>\n<meta property=\"article:published_time\" content=\"2017-02-27T11:00:38+00:00\" \/>\n<meta property=\"article:modified_time\" content=\"2017-04-16T15:51:51+00:00\" \/>\n<meta property=\"og:image\" content=\"https:\/\/travindy.com\/wp-content\/uploads\/2017\/02\/rio-de-janeiro-1415783_640.jpg\" \/>\n<meta name=\"author\" content=\"Mireia Munoz\" \/>\n<meta name=\"twitter:card\" content=\"summary_large_image\" \/>\n<meta name=\"twitter:creator\" content=\"@mireia_mun\" \/>\n<meta name=\"twitter:site\" content=\"@Travindy\" \/>\n<meta name=\"twitter:label1\" content=\"Written by\" \/>\n\t<meta name=\"twitter:data1\" content=\"Mireia Munoz\" \/>\n\t<meta name=\"twitter:label2\" content=\"Est. reading time\" \/>\n\t<meta name=\"twitter:data2\" content=\"3 minutes\" \/>\n<script type=\"application\/ld+json\" class=\"yoast-schema-graph\">{\"@context\":\"https:\/\/schema.org\",\"@graph\":[{\"@type\":\"Article\",\"@id\":\"https:\/\/travindy.com\/news\/2017\/02\/turismo-pro-pobreza-un-llamado-a-la-reflexion\/#article\",\"isPartOf\":{\"@id\":\"https:\/\/travindy.com\/news\/2017\/02\/turismo-pro-pobreza-un-llamado-a-la-reflexion\/\"},\"author\":{\"name\":\"Mireia Munoz\",\"@id\":\"https:\/\/travindy.com\/news\/#\/schema\/person\/71da35c373989eae4fa6160bbe711133\"},\"headline\":\"Turismo Pro-pobreza, un llamado a la reflexi\u00f3n.\",\"datePublished\":\"2017-02-27T11:00:38+00:00\",\"dateModified\":\"2017-04-16T15:51:51+00:00\",\"mainEntityOfPage\":{\"@id\":\"https:\/\/travindy.com\/news\/2017\/02\/turismo-pro-pobreza-un-llamado-a-la-reflexion\/\"},\"wordCount\":582,\"commentCount\":0,\"publisher\":{\"@id\":\"https:\/\/travindy.com\/news\/#organization\"},\"keywords\":[\"Pobreza\",\"pro poor\"],\"articleSection\":[\"News\"],\"inLanguage\":\"en-US\",\"potentialAction\":[{\"@type\":\"CommentAction\",\"name\":\"Comment\",\"target\":[\"https:\/\/travindy.com\/news\/2017\/02\/turismo-pro-pobreza-un-llamado-a-la-reflexion\/#respond\"]}]},{\"@type\":\"WebPage\",\"@id\":\"https:\/\/travindy.com\/news\/2017\/02\/turismo-pro-pobreza-un-llamado-a-la-reflexion\/\",\"url\":\"https:\/\/travindy.com\/news\/2017\/02\/turismo-pro-pobreza-un-llamado-a-la-reflexion\/\",\"name\":\"Turismo Pro-pobreza, un llamado a la reflexi\u00f3n.\",\"isPartOf\":{\"@id\":\"https:\/\/travindy.com\/news\/#website\"},\"datePublished\":\"2017-02-27T11:00:38+00:00\",\"dateModified\":\"2017-04-16T15:51:51+00:00\",\"description\":\"Pro-poor tourism\u201d(PPT), termino Ingles que en Espa\u00f1ol se traducir\u00eda \u201cturismo pro-pobreza\u201d, ha ido creciendo y desarroll\u00e1ndose en los \u00faltimos 20 a\u00f1os\",\"breadcrumb\":{\"@id\":\"https:\/\/travindy.com\/news\/2017\/02\/turismo-pro-pobreza-un-llamado-a-la-reflexion\/#breadcrumb\"},\"inLanguage\":\"en-US\",\"potentialAction\":[{\"@type\":\"ReadAction\",\"target\":[\"https:\/\/travindy.com\/news\/2017\/02\/turismo-pro-pobreza-un-llamado-a-la-reflexion\/\"]}]},{\"@type\":\"BreadcrumbList\",\"@id\":\"https:\/\/travindy.com\/news\/2017\/02\/turismo-pro-pobreza-un-llamado-a-la-reflexion\/#breadcrumb\",\"itemListElement\":[{\"@type\":\"ListItem\",\"position\":1,\"name\":\"Home\",\"item\":\"https:\/\/travindy.com\/news\/\"},{\"@type\":\"ListItem\",\"position\":2,\"name\":\"Turismo Pro-pobreza, un llamado a la reflexi\u00f3n.\"}]},{\"@type\":\"WebSite\",\"@id\":\"https:\/\/travindy.com\/news\/#website\",\"url\":\"https:\/\/travindy.com\/news\/\",\"name\":\"Travindy\",\"description\":\"sustainable tourism consulting, news and resources\",\"publisher\":{\"@id\":\"https:\/\/travindy.com\/news\/#organization\"},\"potentialAction\":[{\"@type\":\"SearchAction\",\"target\":{\"@type\":\"EntryPoint\",\"urlTemplate\":\"https:\/\/travindy.com\/news\/?s={search_term_string}\"},\"query-input\":\"required name=search_term_string\"}],\"inLanguage\":\"en-US\"},{\"@type\":\"Organization\",\"@id\":\"https:\/\/travindy.com\/news\/#organization\",\"name\":\"Travindy\",\"url\":\"https:\/\/travindy.com\/news\/\",\"logo\":{\"@type\":\"ImageObject\",\"inLanguage\":\"en-US\",\"@id\":\"https:\/\/travindy.com\/news\/#\/schema\/logo\/image\/\",\"url\":\"https:\/\/travindy.com\/wp-content\/uploads\/2022\/08\/cropped-travindy-logo-square.png\",\"contentUrl\":\"https:\/\/travindy.com\/wp-content\/uploads\/2022\/08\/cropped-travindy-logo-square.png\",\"width\":512,\"height\":512,\"caption\":\"Travindy\"},\"image\":{\"@id\":\"https:\/\/travindy.com\/news\/#\/schema\/logo\/image\/\"},\"sameAs\":[\"https:\/\/www.facebook.com\/travindy\",\"https:\/\/twitter.com\/Travindy\"]},{\"@type\":\"Person\",\"@id\":\"https:\/\/travindy.com\/news\/#\/schema\/person\/71da35c373989eae4fa6160bbe711133\",\"name\":\"Mireia Munoz\",\"image\":{\"@type\":\"ImageObject\",\"inLanguage\":\"en-US\",\"@id\":\"https:\/\/travindy.com\/news\/#\/schema\/person\/image\/\",\"url\":\"https:\/\/secure.gravatar.com\/avatar\/f9d2a5119fb9578a66a745c73878462d?s=96&d=mm&r=g\",\"contentUrl\":\"https:\/\/secure.gravatar.com\/avatar\/f9d2a5119fb9578a66a745c73878462d?s=96&d=mm&r=g\",\"caption\":\"Mireia Munoz\"},\"description\":\"Mireia Mu\u00f1oz tiene una larga trayectoria y experiencia en la industria del turismo con especialidad en el \u00e1rea de operaciones. Actualmente Mireia vive en Londres donde es Jefa de Operaciones y Responsable del Departamento de Turismo Sostenible para la empresa Charity Challenge. Tambi\u00e9n estudia el Master en Gesti\u00f3n de Turismo Responsable en la Universidad Leeds Beckett (Reino Unido).\",\"sameAs\":[\"https:\/\/www.facebook.com\/mireia.munoz.796\",\"https:\/\/twitter.com\/mireia_mun\"],\"url\":\"https:\/\/travindy.com\/news\/author\/mireia\/\"}]}<\/script>\n<!-- \/ Yoast SEO plugin. -->","yoast_head_json":{"title":"Turismo Pro-pobreza, un llamado a la reflexi\u00f3n.","description":"Pro-poor tourism\u201d(PPT), termino Ingles que en Espa\u00f1ol se traducir\u00eda \u201cturismo pro-pobreza\u201d, ha ido creciendo y desarroll\u00e1ndose en los \u00faltimos 20 a\u00f1os","robots":{"index":"index","follow":"follow","max-snippet":"max-snippet:-1","max-image-preview":"max-image-preview:large","max-video-preview":"max-video-preview:-1"},"canonical":"https:\/\/travindy.com\/news\/2017\/02\/turismo-pro-pobreza-un-llamado-a-la-reflexion\/","og_locale":"en_US","og_type":"article","og_title":"Turismo Pro-pobreza, un llamado a la reflexi\u00f3n.","og_description":"Pro-poor tourism\u201d(PPT), termino Ingles que en Espa\u00f1ol se traducir\u00eda \u201cturismo pro-pobreza\u201d, ha ido creciendo y desarroll\u00e1ndose en los \u00faltimos 20 a\u00f1os","og_url":"https:\/\/travindy.com\/news\/2017\/02\/turismo-pro-pobreza-un-llamado-a-la-reflexion\/","og_site_name":"Travindy","article_publisher":"https:\/\/www.facebook.com\/travindy","article_author":"https:\/\/www.facebook.com\/mireia.munoz.796","article_published_time":"2017-02-27T11:00:38+00:00","article_modified_time":"2017-04-16T15:51:51+00:00","og_image":[{"url":"https:\/\/travindy.com\/wp-content\/uploads\/2017\/02\/rio-de-janeiro-1415783_640.jpg"}],"author":"Mireia Munoz","twitter_card":"summary_large_image","twitter_creator":"@mireia_mun","twitter_site":"@Travindy","twitter_misc":{"Written by":"Mireia Munoz","Est. reading time":"3 minutes"},"schema":{"@context":"https:\/\/schema.org","@graph":[{"@type":"Article","@id":"https:\/\/travindy.com\/news\/2017\/02\/turismo-pro-pobreza-un-llamado-a-la-reflexion\/#article","isPartOf":{"@id":"https:\/\/travindy.com\/news\/2017\/02\/turismo-pro-pobreza-un-llamado-a-la-reflexion\/"},"author":{"name":"Mireia Munoz","@id":"https:\/\/travindy.com\/news\/#\/schema\/person\/71da35c373989eae4fa6160bbe711133"},"headline":"Turismo Pro-pobreza, un llamado a la reflexi\u00f3n.","datePublished":"2017-02-27T11:00:38+00:00","dateModified":"2017-04-16T15:51:51+00:00","mainEntityOfPage":{"@id":"https:\/\/travindy.com\/news\/2017\/02\/turismo-pro-pobreza-un-llamado-a-la-reflexion\/"},"wordCount":582,"commentCount":0,"publisher":{"@id":"https:\/\/travindy.com\/news\/#organization"},"keywords":["Pobreza","pro poor"],"articleSection":["News"],"inLanguage":"en-US","potentialAction":[{"@type":"CommentAction","name":"Comment","target":["https:\/\/travindy.com\/news\/2017\/02\/turismo-pro-pobreza-un-llamado-a-la-reflexion\/#respond"]}]},{"@type":"WebPage","@id":"https:\/\/travindy.com\/news\/2017\/02\/turismo-pro-pobreza-un-llamado-a-la-reflexion\/","url":"https:\/\/travindy.com\/news\/2017\/02\/turismo-pro-pobreza-un-llamado-a-la-reflexion\/","name":"Turismo Pro-pobreza, un llamado a la reflexi\u00f3n.","isPartOf":{"@id":"https:\/\/travindy.com\/news\/#website"},"datePublished":"2017-02-27T11:00:38+00:00","dateModified":"2017-04-16T15:51:51+00:00","description":"Pro-poor tourism\u201d(PPT), termino Ingles que en Espa\u00f1ol se traducir\u00eda \u201cturismo pro-pobreza\u201d, ha ido creciendo y desarroll\u00e1ndose en los \u00faltimos 20 a\u00f1os","breadcrumb":{"@id":"https:\/\/travindy.com\/news\/2017\/02\/turismo-pro-pobreza-un-llamado-a-la-reflexion\/#breadcrumb"},"inLanguage":"en-US","potentialAction":[{"@type":"ReadAction","target":["https:\/\/travindy.com\/news\/2017\/02\/turismo-pro-pobreza-un-llamado-a-la-reflexion\/"]}]},{"@type":"BreadcrumbList","@id":"https:\/\/travindy.com\/news\/2017\/02\/turismo-pro-pobreza-un-llamado-a-la-reflexion\/#breadcrumb","itemListElement":[{"@type":"ListItem","position":1,"name":"Home","item":"https:\/\/travindy.com\/news\/"},{"@type":"ListItem","position":2,"name":"Turismo Pro-pobreza, un llamado a la reflexi\u00f3n."}]},{"@type":"WebSite","@id":"https:\/\/travindy.com\/news\/#website","url":"https:\/\/travindy.com\/news\/","name":"Travindy","description":"sustainable tourism consulting, news and resources","publisher":{"@id":"https:\/\/travindy.com\/news\/#organization"},"potentialAction":[{"@type":"SearchAction","target":{"@type":"EntryPoint","urlTemplate":"https:\/\/travindy.com\/news\/?s={search_term_string}"},"query-input":"required name=search_term_string"}],"inLanguage":"en-US"},{"@type":"Organization","@id":"https:\/\/travindy.com\/news\/#organization","name":"Travindy","url":"https:\/\/travindy.com\/news\/","logo":{"@type":"ImageObject","inLanguage":"en-US","@id":"https:\/\/travindy.com\/news\/#\/schema\/logo\/image\/","url":"https:\/\/travindy.com\/wp-content\/uploads\/2022\/08\/cropped-travindy-logo-square.png","contentUrl":"https:\/\/travindy.com\/wp-content\/uploads\/2022\/08\/cropped-travindy-logo-square.png","width":512,"height":512,"caption":"Travindy"},"image":{"@id":"https:\/\/travindy.com\/news\/#\/schema\/logo\/image\/"},"sameAs":["https:\/\/www.facebook.com\/travindy","https:\/\/twitter.com\/Travindy"]},{"@type":"Person","@id":"https:\/\/travindy.com\/news\/#\/schema\/person\/71da35c373989eae4fa6160bbe711133","name":"Mireia Munoz","image":{"@type":"ImageObject","inLanguage":"en-US","@id":"https:\/\/travindy.com\/news\/#\/schema\/person\/image\/","url":"https:\/\/secure.gravatar.com\/avatar\/f9d2a5119fb9578a66a745c73878462d?s=96&d=mm&r=g","contentUrl":"https:\/\/secure.gravatar.com\/avatar\/f9d2a5119fb9578a66a745c73878462d?s=96&d=mm&r=g","caption":"Mireia Munoz"},"description":"Mireia Mu\u00f1oz tiene una larga trayectoria y experiencia en la industria del turismo con especialidad en el \u00e1rea de operaciones. Actualmente Mireia vive en Londres donde es Jefa de Operaciones y Responsable del Departamento de Turismo Sostenible para la empresa Charity Challenge. Tambi\u00e9n estudia el Master en Gesti\u00f3n de Turismo Responsable en la Universidad Leeds Beckett (Reino Unido).","sameAs":["https:\/\/www.facebook.com\/mireia.munoz.796","https:\/\/twitter.com\/mireia_mun"],"url":"https:\/\/travindy.com\/news\/author\/mireia\/"}]}},"_links":{"self":[{"href":"https:\/\/travindy.com\/news\/wp-json\/wp\/v2\/posts\/16861"}],"collection":[{"href":"https:\/\/travindy.com\/news\/wp-json\/wp\/v2\/posts"}],"about":[{"href":"https:\/\/travindy.com\/news\/wp-json\/wp\/v2\/types\/post"}],"author":[{"embeddable":true,"href":"https:\/\/travindy.com\/news\/wp-json\/wp\/v2\/users\/79"}],"replies":[{"embeddable":true,"href":"https:\/\/travindy.com\/news\/wp-json\/wp\/v2\/comments?post=16861"}],"version-history":[{"count":0,"href":"https:\/\/travindy.com\/news\/wp-json\/wp\/v2\/posts\/16861\/revisions"}],"wp:attachment":[{"href":"https:\/\/travindy.com\/news\/wp-json\/wp\/v2\/media?parent=16861"}],"wp:term":[{"taxonomy":"category","embeddable":true,"href":"https:\/\/travindy.com\/news\/wp-json\/wp\/v2\/categories?post=16861"},{"taxonomy":"post_tag","embeddable":true,"href":"https:\/\/travindy.com\/news\/wp-json\/wp\/v2\/tags?post=16861"}],"curies":[{"name":"wp","href":"https:\/\/api.w.org\/{rel}","templated":true}]}}