{"id":13390,"date":"2016-09-15T12:23:17","date_gmt":"2016-09-15T11:23:17","guid":{"rendered":"https:\/\/travindy.com\/es\/?p=13390"},"modified":"2017-04-16T17:19:19","modified_gmt":"2017-04-16T16:19:19","slug":"los-venecianos-quieren-recuperar-ciudad","status":"publish","type":"post","link":"https:\/\/travindy.com\/news\/2016\/09\/los-venecianos-quieren-recuperar-ciudad\/","title":{"rendered":"Los venecianos quieren recuperar su ciudad"},"content":{"rendered":"<figure id=\"attachment_13395\" aria-describedby=\"caption-attachment-13395\" style=\"width: 538px\" class=\"wp-caption aligncenter\"><img fetchpriority=\"high\" decoding=\"async\" class=\"size-full wp-image-13395\" src=\"https:\/\/travindy.com\/wp-content\/uploads\/2016\/09\/boca-de-leon-chiesa-di-san-martino.jpg\" alt=\"Cr\u00e9dito foto: Gruppo 25 aprile\" width=\"538\" height=\"456\" srcset=\"https:\/\/travindy.com\/news\/wp-content\/uploads\/2016\/09\/boca-de-leon-chiesa-di-san-martino.jpg 538w, https:\/\/travindy.com\/news\/wp-content\/uploads\/2016\/09\/boca-de-leon-chiesa-di-san-martino-300x254.jpg 300w\" sizes=\"(max-width: 538px) 100vw, 538px\" \/><figcaption id=\"caption-attachment-13395\" class=\"wp-caption-text\">Cr\u00e9dito foto: <a href=\"https:\/\/gruppo25aprile.org\/for-our-many-foreign-friends\/\" target=\"_blank\">Gruppo 25 aprile<\/a><\/figcaption><\/figure>\n<p>Unos 34 millones de turistas al a\u00f1o son recibidos por sus <a href=\"https:\/\/gruppo25aprile.org\/quanti-siamo\/\" target=\"_blank\">55.415 residentes en Venecia (a 30 de marzo de 2016)<\/a>. Eran 120.000 residentes en los a\u00f1os 60. El turismo masivo ha incrementado los precios dr\u00e1sticamente y los trabajos disponibles en el sector tur\u00edstico en general no est\u00e1n remunerados lo suficiente como para permitir a los venecianos seguir viviendo en las casas que sus padres y abuelos sol\u00edan vivir.<\/p>\n<p>Hace dos meses esta ciudad Patrimonio de la Humanidad desde 1987 recibi\u00f3 un <a href=\"http:\/\/www.lasprovincias.es\/sociedad\/201607\/18\/ultimatum-venecia-20160718123549.html\" target=\"_blank\">ultim\u00e1tum de la Unesco<\/a>. Antes de febrero de 2017 deben adoptar medidas de peso para reducir el impacto del turismo. La Unesco pide dejar fuera a los megacruceros y poner un l\u00edmite m\u00e1ximo a la entrada de turistas. De lo contrario la ciudad entrar\u00eda a formar parte de la clasificaci\u00f3n de lugares patrimonio de la humanidad en peligro, el paso previo a perder este reconocimiento.<\/p>\n<p>Desde entonces las concentraciones para recuperar Venecia para sus habitantes se dan con m\u00e1s frecuencia. El lema \u201cVenezia \u00e9 il mio futuro \/ Venice is my future\u201d ya no s\u00f3lo se ve en los balcones de la ciudad, sino que las redes sociales empiezan a dar cuenta de ello (Twitter: <a class=\"twitter-hashtag pretty-link js-nav\" dir=\"ltr\" href=\"https:\/\/twitter.com\/hashtag\/venicemyfuture?src=hash\" target=\"_blank\" data-query-source=\"hashtag_click\"><s>#<\/s>venicemyfuture<\/a>, <a class=\"twitter-hashtag pretty-link js-nav\" dir=\"ltr\" href=\"https:\/\/twitter.com\/hashtag\/Veneziamiofuturo?src=hash\" target=\"_blank\" data-query-source=\"hashtag_click\"><s>#<\/s>Veneziamiofuturo)<\/a>, o trav\u00e9s del grupo de Facebook <a href=\"https:\/\/www.facebook.com\/Veneziamiofuturo-Venicemyfuture-1386457084717794\/?hc_ref=SEARCH\" target=\"_blank\">Veneziamiofuturo Venicemyfuture.<\/a><\/p>\n<p>[embedyt] http:\/\/www.youtube.com\/watch?v=REY4sIBVUk0[\/embedyt]<\/p>\n<p>Hace unos d\u00edas una nueva concentraci\u00f3n bajo el lema &#8220;<a href=\"http:\/\/es.euronews.com\/2016\/09\/13\/los-vecinos-de-venecia-se-rebelan-contra-la-invasion-de-turistas\" target=\"_blank\">Queremos recuperar nuestra ciudad<\/a>&#8221; tuvo lugar. Uno de los organizadores afirmaba que la ciudad &#8220;quiere resistir, que necesita su normalidad cotidiana. Estamos aqu\u00ed y queremos seguir viviendo aqu\u00ed&#8221;.<\/p>\n<p><span style=\"border-radius: 2px; text-indent: 20px; width: auto; padding: 0px 4px 0px 0px; text-align: center; font: bold 11px\/20px 'Helvetica Neue',Helvetica,sans-serif; color: #ffffff; background: #bd081c no-repeat scroll 3px 50% \/ 14px 14px; position: absolute; opacity: 1; z-index: 8675309; display: none; cursor: pointer;\">Save<\/span><\/p>\n<p><span style=\"border-radius: 2px; text-indent: 20px; width: auto; padding: 0px 4px 0px 0px; text-align: center; font: bold 11px\/20px 'Helvetica Neue',Helvetica,sans-serif; color: #ffffff; background: #bd081c  no-repeat scroll 3px 50% \/ 14px 14px; position: absolute; opacity: 1; z-index: 8675309; display: none; cursor: pointer; top: 20px; left: 161px;\">Save<\/span><\/p>\n","protected":false},"excerpt":{"rendered":"<p>Al ultim\u00e1tum de la Unesco para conservar el reconocimiento de Patrimonio de la Humanidad ahora se le unen los venecianos en contra del turismo masivo<\/p>\n","protected":false},"author":5,"featured_media":0,"comment_status":"open","ping_status":"open","sticky":false,"template":"","format":"standard","meta":{"footnotes":""},"categories":[534],"tags":[738,1150,11,929],"yoast_head":"<!-- This site is optimized with the Yoast SEO plugin v21.4 - https:\/\/yoast.com\/wordpress\/plugins\/seo\/ -->\n<title>Los venecianos quieren recuperar su ciudad<\/title>\n<meta name=\"description\" content=\"Al ultim\u00e1tum de la Unesco para conservar el reconocimiento de Patrimonio de la Humanidad ahora se le unen los venecianos en contra del turismo masivo\" \/>\n<meta name=\"robots\" content=\"index, follow, max-snippet:-1, max-image-preview:large, max-video-preview:-1\" \/>\n<link rel=\"canonical\" href=\"https:\/\/travindy.com\/news\/2016\/09\/los-venecianos-quieren-recuperar-ciudad\/\" \/>\n<meta property=\"og:locale\" content=\"en_US\" \/>\n<meta property=\"og:type\" content=\"article\" \/>\n<meta property=\"og:title\" content=\"Los venecianos quieren recuperar su ciudad\" \/>\n<meta property=\"og:description\" content=\"Al ultim\u00e1tum de la Unesco para conservar el reconocimiento de Patrimonio de la Humanidad ahora se le unen los venecianos en contra del turismo masivo\" \/>\n<meta property=\"og:url\" content=\"https:\/\/travindy.com\/news\/2016\/09\/los-venecianos-quieren-recuperar-ciudad\/\" \/>\n<meta property=\"og:site_name\" content=\"Travindy\" \/>\n<meta property=\"article:publisher\" content=\"https:\/\/www.facebook.com\/travindy\" \/>\n<meta property=\"article:author\" content=\"https:\/\/www.facebook.com\/travindy\" \/>\n<meta property=\"article:published_time\" content=\"2016-09-15T11:23:17+00:00\" \/>\n<meta property=\"article:modified_time\" content=\"2017-04-16T16:19:19+00:00\" \/>\n<meta property=\"og:image\" content=\"https:\/\/travindy.com\/wp-content\/uploads\/2016\/09\/boca-de-leon-chiesa-di-san-martino.jpg\" \/>\n<meta name=\"author\" content=\"Travindy\" \/>\n<meta name=\"twitter:card\" content=\"summary_large_image\" \/>\n<meta name=\"twitter:creator\" content=\"@travindy\" \/>\n<meta name=\"twitter:site\" content=\"@Travindy\" \/>\n<meta name=\"twitter:label1\" content=\"Written by\" \/>\n\t<meta name=\"twitter:data1\" content=\"Travindy\" \/>\n\t<meta name=\"twitter:label2\" content=\"Est. reading time\" \/>\n\t<meta name=\"twitter:data2\" content=\"1 minute\" \/>\n<script type=\"application\/ld+json\" class=\"yoast-schema-graph\">{\"@context\":\"https:\/\/schema.org\",\"@graph\":[{\"@type\":\"Article\",\"@id\":\"https:\/\/travindy.com\/news\/2016\/09\/los-venecianos-quieren-recuperar-ciudad\/#article\",\"isPartOf\":{\"@id\":\"https:\/\/travindy.com\/news\/2016\/09\/los-venecianos-quieren-recuperar-ciudad\/\"},\"author\":{\"name\":\"Travindy\",\"@id\":\"https:\/\/travindy.com\/news\/#\/schema\/person\/79576b26c03e84ac969c6cf7ad8118bb\"},\"headline\":\"Los venecianos quieren recuperar su ciudad\",\"datePublished\":\"2016-09-15T11:23:17+00:00\",\"dateModified\":\"2017-04-16T16:19:19+00:00\",\"mainEntityOfPage\":{\"@id\":\"https:\/\/travindy.com\/news\/2016\/09\/los-venecianos-quieren-recuperar-ciudad\/\"},\"wordCount\":280,\"commentCount\":0,\"publisher\":{\"@id\":\"https:\/\/travindy.com\/news\/#organization\"},\"keywords\":[\"Patrimonio de la Humanidad\",\"turismo masivo\",\"UNESCO\",\"Venecia\"],\"articleSection\":[\"News\"],\"inLanguage\":\"en-US\",\"potentialAction\":[{\"@type\":\"CommentAction\",\"name\":\"Comment\",\"target\":[\"https:\/\/travindy.com\/news\/2016\/09\/los-venecianos-quieren-recuperar-ciudad\/#respond\"]}]},{\"@type\":\"WebPage\",\"@id\":\"https:\/\/travindy.com\/news\/2016\/09\/los-venecianos-quieren-recuperar-ciudad\/\",\"url\":\"https:\/\/travindy.com\/news\/2016\/09\/los-venecianos-quieren-recuperar-ciudad\/\",\"name\":\"Los venecianos quieren recuperar su ciudad\",\"isPartOf\":{\"@id\":\"https:\/\/travindy.com\/news\/#website\"},\"datePublished\":\"2016-09-15T11:23:17+00:00\",\"dateModified\":\"2017-04-16T16:19:19+00:00\",\"description\":\"Al ultim\u00e1tum de la Unesco para conservar el reconocimiento de Patrimonio de la Humanidad ahora se le unen los venecianos en contra del turismo masivo\",\"breadcrumb\":{\"@id\":\"https:\/\/travindy.com\/news\/2016\/09\/los-venecianos-quieren-recuperar-ciudad\/#breadcrumb\"},\"inLanguage\":\"en-US\",\"potentialAction\":[{\"@type\":\"ReadAction\",\"target\":[\"https:\/\/travindy.com\/news\/2016\/09\/los-venecianos-quieren-recuperar-ciudad\/\"]}]},{\"@type\":\"BreadcrumbList\",\"@id\":\"https:\/\/travindy.com\/news\/2016\/09\/los-venecianos-quieren-recuperar-ciudad\/#breadcrumb\",\"itemListElement\":[{\"@type\":\"ListItem\",\"position\":1,\"name\":\"Home\",\"item\":\"https:\/\/travindy.com\/news\/\"},{\"@type\":\"ListItem\",\"position\":2,\"name\":\"Los venecianos quieren recuperar su ciudad\"}]},{\"@type\":\"WebSite\",\"@id\":\"https:\/\/travindy.com\/news\/#website\",\"url\":\"https:\/\/travindy.com\/news\/\",\"name\":\"Travindy\",\"description\":\"sustainable tourism consulting, news and resources\",\"publisher\":{\"@id\":\"https:\/\/travindy.com\/news\/#organization\"},\"potentialAction\":[{\"@type\":\"SearchAction\",\"target\":{\"@type\":\"EntryPoint\",\"urlTemplate\":\"https:\/\/travindy.com\/news\/?s={search_term_string}\"},\"query-input\":\"required name=search_term_string\"}],\"inLanguage\":\"en-US\"},{\"@type\":\"Organization\",\"@id\":\"https:\/\/travindy.com\/news\/#organization\",\"name\":\"Travindy\",\"url\":\"https:\/\/travindy.com\/news\/\",\"logo\":{\"@type\":\"ImageObject\",\"inLanguage\":\"en-US\",\"@id\":\"https:\/\/travindy.com\/news\/#\/schema\/logo\/image\/\",\"url\":\"https:\/\/travindy.com\/wp-content\/uploads\/2022\/08\/cropped-travindy-logo-square.png\",\"contentUrl\":\"https:\/\/travindy.com\/wp-content\/uploads\/2022\/08\/cropped-travindy-logo-square.png\",\"width\":512,\"height\":512,\"caption\":\"Travindy\"},\"image\":{\"@id\":\"https:\/\/travindy.com\/news\/#\/schema\/logo\/image\/\"},\"sameAs\":[\"https:\/\/www.facebook.com\/travindy\",\"https:\/\/twitter.com\/Travindy\"]},{\"@type\":\"Person\",\"@id\":\"https:\/\/travindy.com\/news\/#\/schema\/person\/79576b26c03e84ac969c6cf7ad8118bb\",\"name\":\"Travindy\",\"image\":{\"@type\":\"ImageObject\",\"inLanguage\":\"en-US\",\"@id\":\"https:\/\/travindy.com\/news\/#\/schema\/person\/image\/\",\"url\":\"https:\/\/secure.gravatar.com\/avatar\/7e8e24b511c9178e320b9eb2226dadb1?s=96&d=mm&r=g\",\"contentUrl\":\"https:\/\/secure.gravatar.com\/avatar\/7e8e24b511c9178e320b9eb2226dadb1?s=96&d=mm&r=g\",\"caption\":\"Travindy\"},\"description\":\"Travindy is an independent website featuring news and opinion on all issues to do with tourism and sustainability. Written primarily for an industry audience, our aim is to support the transformation of the sector into one that is regenerative, restorative and fully inclusive.\",\"sameAs\":[\"https:\/\/www.facebook.com\/travindy\",\"https:\/\/twitter.com\/travindy\"],\"url\":\"https:\/\/travindy.com\/news\/author\/travindy\/\"}]}<\/script>\n<!-- \/ Yoast SEO plugin. -->","yoast_head_json":{"title":"Los venecianos quieren recuperar su ciudad","description":"Al ultim\u00e1tum de la Unesco para conservar el reconocimiento de Patrimonio de la Humanidad ahora se le unen los venecianos en contra del turismo masivo","robots":{"index":"index","follow":"follow","max-snippet":"max-snippet:-1","max-image-preview":"max-image-preview:large","max-video-preview":"max-video-preview:-1"},"canonical":"https:\/\/travindy.com\/news\/2016\/09\/los-venecianos-quieren-recuperar-ciudad\/","og_locale":"en_US","og_type":"article","og_title":"Los venecianos quieren recuperar su ciudad","og_description":"Al ultim\u00e1tum de la Unesco para conservar el reconocimiento de Patrimonio de la Humanidad ahora se le unen los venecianos en contra del turismo masivo","og_url":"https:\/\/travindy.com\/news\/2016\/09\/los-venecianos-quieren-recuperar-ciudad\/","og_site_name":"Travindy","article_publisher":"https:\/\/www.facebook.com\/travindy","article_author":"https:\/\/www.facebook.com\/travindy","article_published_time":"2016-09-15T11:23:17+00:00","article_modified_time":"2017-04-16T16:19:19+00:00","og_image":[{"url":"https:\/\/travindy.com\/wp-content\/uploads\/2016\/09\/boca-de-leon-chiesa-di-san-martino.jpg"}],"author":"Travindy","twitter_card":"summary_large_image","twitter_creator":"@travindy","twitter_site":"@Travindy","twitter_misc":{"Written by":"Travindy","Est. reading time":"1 minute"},"schema":{"@context":"https:\/\/schema.org","@graph":[{"@type":"Article","@id":"https:\/\/travindy.com\/news\/2016\/09\/los-venecianos-quieren-recuperar-ciudad\/#article","isPartOf":{"@id":"https:\/\/travindy.com\/news\/2016\/09\/los-venecianos-quieren-recuperar-ciudad\/"},"author":{"name":"Travindy","@id":"https:\/\/travindy.com\/news\/#\/schema\/person\/79576b26c03e84ac969c6cf7ad8118bb"},"headline":"Los venecianos quieren recuperar su ciudad","datePublished":"2016-09-15T11:23:17+00:00","dateModified":"2017-04-16T16:19:19+00:00","mainEntityOfPage":{"@id":"https:\/\/travindy.com\/news\/2016\/09\/los-venecianos-quieren-recuperar-ciudad\/"},"wordCount":280,"commentCount":0,"publisher":{"@id":"https:\/\/travindy.com\/news\/#organization"},"keywords":["Patrimonio de la Humanidad","turismo masivo","UNESCO","Venecia"],"articleSection":["News"],"inLanguage":"en-US","potentialAction":[{"@type":"CommentAction","name":"Comment","target":["https:\/\/travindy.com\/news\/2016\/09\/los-venecianos-quieren-recuperar-ciudad\/#respond"]}]},{"@type":"WebPage","@id":"https:\/\/travindy.com\/news\/2016\/09\/los-venecianos-quieren-recuperar-ciudad\/","url":"https:\/\/travindy.com\/news\/2016\/09\/los-venecianos-quieren-recuperar-ciudad\/","name":"Los venecianos quieren recuperar su ciudad","isPartOf":{"@id":"https:\/\/travindy.com\/news\/#website"},"datePublished":"2016-09-15T11:23:17+00:00","dateModified":"2017-04-16T16:19:19+00:00","description":"Al ultim\u00e1tum de la Unesco para conservar el reconocimiento de Patrimonio de la Humanidad ahora se le unen los venecianos en contra del turismo masivo","breadcrumb":{"@id":"https:\/\/travindy.com\/news\/2016\/09\/los-venecianos-quieren-recuperar-ciudad\/#breadcrumb"},"inLanguage":"en-US","potentialAction":[{"@type":"ReadAction","target":["https:\/\/travindy.com\/news\/2016\/09\/los-venecianos-quieren-recuperar-ciudad\/"]}]},{"@type":"BreadcrumbList","@id":"https:\/\/travindy.com\/news\/2016\/09\/los-venecianos-quieren-recuperar-ciudad\/#breadcrumb","itemListElement":[{"@type":"ListItem","position":1,"name":"Home","item":"https:\/\/travindy.com\/news\/"},{"@type":"ListItem","position":2,"name":"Los venecianos quieren recuperar su ciudad"}]},{"@type":"WebSite","@id":"https:\/\/travindy.com\/news\/#website","url":"https:\/\/travindy.com\/news\/","name":"Travindy","description":"sustainable tourism consulting, news and resources","publisher":{"@id":"https:\/\/travindy.com\/news\/#organization"},"potentialAction":[{"@type":"SearchAction","target":{"@type":"EntryPoint","urlTemplate":"https:\/\/travindy.com\/news\/?s={search_term_string}"},"query-input":"required name=search_term_string"}],"inLanguage":"en-US"},{"@type":"Organization","@id":"https:\/\/travindy.com\/news\/#organization","name":"Travindy","url":"https:\/\/travindy.com\/news\/","logo":{"@type":"ImageObject","inLanguage":"en-US","@id":"https:\/\/travindy.com\/news\/#\/schema\/logo\/image\/","url":"https:\/\/travindy.com\/wp-content\/uploads\/2022\/08\/cropped-travindy-logo-square.png","contentUrl":"https:\/\/travindy.com\/wp-content\/uploads\/2022\/08\/cropped-travindy-logo-square.png","width":512,"height":512,"caption":"Travindy"},"image":{"@id":"https:\/\/travindy.com\/news\/#\/schema\/logo\/image\/"},"sameAs":["https:\/\/www.facebook.com\/travindy","https:\/\/twitter.com\/Travindy"]},{"@type":"Person","@id":"https:\/\/travindy.com\/news\/#\/schema\/person\/79576b26c03e84ac969c6cf7ad8118bb","name":"Travindy","image":{"@type":"ImageObject","inLanguage":"en-US","@id":"https:\/\/travindy.com\/news\/#\/schema\/person\/image\/","url":"https:\/\/secure.gravatar.com\/avatar\/7e8e24b511c9178e320b9eb2226dadb1?s=96&d=mm&r=g","contentUrl":"https:\/\/secure.gravatar.com\/avatar\/7e8e24b511c9178e320b9eb2226dadb1?s=96&d=mm&r=g","caption":"Travindy"},"description":"Travindy is an independent website featuring news and opinion on all issues to do with tourism and sustainability. Written primarily for an industry audience, our aim is to support the transformation of the sector into one that is regenerative, restorative and fully inclusive.","sameAs":["https:\/\/www.facebook.com\/travindy","https:\/\/twitter.com\/travindy"],"url":"https:\/\/travindy.com\/news\/author\/travindy\/"}]}},"_links":{"self":[{"href":"https:\/\/travindy.com\/news\/wp-json\/wp\/v2\/posts\/13390"}],"collection":[{"href":"https:\/\/travindy.com\/news\/wp-json\/wp\/v2\/posts"}],"about":[{"href":"https:\/\/travindy.com\/news\/wp-json\/wp\/v2\/types\/post"}],"author":[{"embeddable":true,"href":"https:\/\/travindy.com\/news\/wp-json\/wp\/v2\/users\/5"}],"replies":[{"embeddable":true,"href":"https:\/\/travindy.com\/news\/wp-json\/wp\/v2\/comments?post=13390"}],"version-history":[{"count":0,"href":"https:\/\/travindy.com\/news\/wp-json\/wp\/v2\/posts\/13390\/revisions"}],"wp:attachment":[{"href":"https:\/\/travindy.com\/news\/wp-json\/wp\/v2\/media?parent=13390"}],"wp:term":[{"taxonomy":"category","embeddable":true,"href":"https:\/\/travindy.com\/news\/wp-json\/wp\/v2\/categories?post=13390"},{"taxonomy":"post_tag","embeddable":true,"href":"https:\/\/travindy.com\/news\/wp-json\/wp\/v2\/tags?post=13390"}],"curies":[{"name":"wp","href":"https:\/\/api.w.org\/{rel}","templated":true}]}}