{"id":13208,"date":"2016-09-02T01:22:54","date_gmt":"2016-09-02T00:22:54","guid":{"rendered":"https:\/\/travindy.com\/es\/?p=13208"},"modified":"2017-04-16T17:20:47","modified_gmt":"2017-04-16T16:20:47","slug":"la-sierra-del-guadarrama-se-engancha-al-turismo-sostenible-mediante-la-central-de-reservas","status":"publish","type":"post","link":"https:\/\/travindy.com\/news\/2016\/09\/la-sierra-del-guadarrama-se-engancha-al-turismo-sostenible-mediante-la-central-de-reservas\/","title":{"rendered":"La Sierra del Guadarrama se engancha al turismo sostenible mediante &#8216;La Central de Reservas&#8217;"},"content":{"rendered":"<p><img decoding=\"async\" class=\" wp-image-13209 alignleft\" src=\"https:\/\/travindy.com\/wp-content\/uploads\/2016\/09\/javier-vicente-del-r\u00edo.jpg\" alt=\"javier vicente del r\u00edo\" width=\"151\" height=\"151\" \/><span class=\"wpsdc-drop-cap\">C<\/span><em>on idea de aglutinar en un mismo sitio todos los servicios y actividades tur\u00edsticas del\u00a0<a href=\"http:\/\/www.parquenacionalsierraguadarrama.es\" target=\"_blank\">Parque Nacional de la Sierra de Guadarrama<\/a>, recientemente se ha fundado en Cercedilla (Madrid) la <a href=\"http:\/\/sierradelguadarrama.com\" target=\"_blank\">&#8220;La Central de Reservas Sierra del Guadarrama&#8221;<\/a>. Su\u00a0responsable\u00a0<span class=\"il\">de<\/span>\u00a0dise\u00f1o de actividades, Javier Vicente del R\u00edo, nos cuenta un poco m\u00e1s en detalle c\u00f3mo surge esta iniciativa y la contribuci\u00f3n de la misma hac\u00eda un turismo m\u00e1s\u00a0sostenible en un Parque Nacional que cuenta con 11 ecosistemas diferentes y 34 municipios.<\/em><\/p>\n<hr \/>\n<h5><strong><span style=\"color: #800000;\">\u00c1ngela:<\/span>\u00a0<\/strong><strong>\u00bfCu\u00e1les son los principales desaf\u00edos a los que &#8216;La Central de Reservas Sierra del Guadarrama&#8217; se est\u00e1 enfrentando?<\/strong><\/h5>\n<p><span style=\"color: #008000;\"><strong>Javier:<\/strong><\/span> La Creaci\u00f3n del nuevo<a href=\"http:\/\/www.parquenacionalsierraguadarrama.es\" target=\"_blank\"> Parque Nacional de la Sierra de Guadarrama<\/a>, abre un abanico de oportunidades de negocio y desarrollo del sector tur\u00edstico. Sin embargo, este desarrollo deber\u00eda hacerse de una manera ordenada, consciente y responsable, respondiendo a las sensibilidades que emergen en unos <em>nuevos turistas<\/em> que demandan otro tipo de ocio.<\/p>\n<p>El Parque Nacional cuenta con unos valores naturales de sobra conocidos y difundidos a trav\u00e9s de la larga historia del Guadarramismo que ha creado generaciones de amantes de la Sierra. Pero adem\u00e1s, este Parque Nacional en concreto, atesora uno de los paisajes culturales m\u00e1s importantes de Espa\u00f1a. Los municipios que forman parte del Parque, cuentan asimismo con un patrimonio cultural, material e inmaterial en muy pocas ocasiones difundido y desconocido por el gran p\u00fablico.<\/p>\n<p style=\"text-align: center;\">[embedyt] http:\/\/www.youtube.com\/watch?v=ModcQRr3UOY[\/embedyt]<\/p>\n<p>As\u00ed pues, nuestro gran reto consiste en, por un lado, ofrecer a esta nueva tipolog\u00eda de visitantes, algo distinto al turismo masivo que s\u00f3lo acude a la Sierra el fin de semana, y por otro, dar a conocer entre quienes nos visitan, todos esos valores, promoviendo un turismo sostenible y de calidad.<\/p>\n<h5><strong><span style=\"color: #800000;\">\u00c1ngela:<\/span>\u00a0\u00bfCu\u00e1l es vuestro objetivo principal?<\/strong><\/h5>\n<p><strong><span style=\"color: #008000;\">Javier:<\/span>\u00a0<\/strong>Sin duda: la promoci\u00f3n de estos valores y el desarrollo local sostenible con el turismo responsable como motor de desarrollo.<img fetchpriority=\"high\" decoding=\"async\" class=\"aligncenter size-full wp-image-13211\" src=\"https:\/\/travindy.com\/wp-content\/uploads\/2016\/09\/kiko2-4b5e884f2e.jpg\" alt=\"kiko2-4b5e884f2e\" width=\"570\" height=\"285\" srcset=\"https:\/\/travindy.com\/news\/wp-content\/uploads\/2016\/09\/kiko2-4b5e884f2e.jpg 570w, https:\/\/travindy.com\/news\/wp-content\/uploads\/2016\/09\/kiko2-4b5e884f2e-300x150.jpg 300w\" sizes=\"(max-width: 570px) 100vw, 570px\" \/><\/p>\n<h5><strong><span style=\"color: #800000;\">\u00c1ngela:<\/span>\u00a0\u00bfQu\u00e9 tiene de particular vuestro enfoque para superar los desaf\u00edos a los que os\u00a0enfrent\u00e1is?<\/strong><\/h5>\n<p><strong><span style=\"color: #008000;\">Javier:\u00a0<\/span><\/strong>Lo primero es definir bien el concepto de <strong>CENTRAL DE RESERVAS<\/strong>. No es m\u00e1s que el aglutinar la oferta de un determinado producto o servicio y ofrecer la contrataci\u00f3n mediante la reserva del mismo. Adem\u00e1s, la Central de Reservas, con la Agencia de Viajes que est\u00e1 detr\u00e1s, es el canal adecuado para la organizaci\u00f3n y realizaci\u00f3n de proyectos, elaboraci\u00f3n y venta de productos tur\u00edsticos entre los usuarios. As\u00ed pues, cuanto mayor es la oferta, mayor ser\u00e1 la demanda. <strong>Este concepto a d\u00eda de hoy es inexistente en la Sierra de Guadarrama<\/strong>. La Central de Reservas permite la compra del servicio o producto. Y en esto, en la mayor\u00eda de los sectores tur\u00edsticos de la comarca, est\u00e1 por hacer. Pongamos como ejemplo las casas rurales donde hay multitud de portales, pero no hay central en la zona que aglutine esa oferta.<\/p>\n<p><img decoding=\"async\" class=\"aligncenter size-full wp-image-13213\" src=\"https:\/\/travindy.com\/wp-content\/uploads\/2016\/09\/pnsg-d13810fb79.jpg\" alt=\"pnsg-d13810fb79\" width=\"570\" height=\"285\" srcset=\"https:\/\/travindy.com\/news\/wp-content\/uploads\/2016\/09\/pnsg-d13810fb79.jpg 570w, https:\/\/travindy.com\/news\/wp-content\/uploads\/2016\/09\/pnsg-d13810fb79-300x150.jpg 300w\" sizes=\"(max-width: 570px) 100vw, 570px\" \/><\/p>\n<h5><strong><span style=\"color: #800000;\">\u00c1ngela:<\/span>\u00a0<\/strong><strong>De todo lo que hab\u00e9is conseguido hasta ahora, \u00bfde qu\u00e9 est\u00e1is m\u00e1s orgull@s?<\/strong><\/h5>\n<p><strong><span style=\"color: #008000;\">Javier:\u00a0<\/span><\/strong>Sin duda, de haber sido capaces de articular todo el armaz\u00f3n de la Central de Reservas uniendo bajo el mismo paraguas a muchas empresas y colaboradores que, hac\u00edan \u201cla guerra en solitario\u201d. La Central es una especie de barco en el que quienes lo integramos, vamos remando al un\u00edsono para conseguir nuestro objetivo.<\/p>\n<h5><strong><span style=\"color: #800000;\">\u00c1ngela:<\/span>\u00a0<\/strong><strong>\u00bfQu\u00e9 os podr\u00eda ayudar a llegar m\u00e1s lejos?\u00a0<\/strong><\/h5>\n<p><strong><span style=\"color: #008000;\">Javier:\u00a0<\/span><\/strong>Las corporaciones locales de los municipios de nuestro \u00e1mbito de actuaci\u00f3n pueden sernos de mucha ayuda si deciden colaborar con nosotros, en tanto en cuanto el beneficio ser\u00e1 m\u00fatuo.<img loading=\"lazy\" decoding=\"async\" class=\"aligncenter wp-image-12057\" src=\"https:\/\/travindy.com\/wp-content\/uploads\/2016\/06\/DSC_0155.jpeg\" alt=\"DSC_0155\" width=\"527\" height=\"353\" srcset=\"https:\/\/travindy.com\/news\/wp-content\/uploads\/2016\/06\/DSC_0155.jpeg 640w, https:\/\/travindy.com\/news\/wp-content\/uploads\/2016\/06\/DSC_0155-300x201.jpeg 300w\" sizes=\"(max-width: 527px) 100vw, 527px\" \/><\/p>\n<p>Adem\u00e1s, la promoci\u00f3n y difusi\u00f3n de la Central como aglutinante de servicios en nuestra zona, es b\u00e1sica para que vayamos tendiendo hacia la creaci\u00f3n de la marca \u201cSIERRA DE GUADARRAMA\u201d, con todo lo que eso conlleva.<\/p>\n<h5><strong><span style=\"color: #800000;\">\u00c1ngela:<\/span>\u00a0\u00bfC\u00f3mo imaginas el \u00e9xito de &#8216;La Central&#8217;? Comparte tu sue\u00f1o con nosotros.<\/strong><\/h5>\n<p><strong><span style=\"color: #008000;\">Javier:\u00a0<\/span><\/strong>El \u00e9xito de la Central, ser\u00e1 el convertirse en uno de los motores econ\u00f3micos de la zona, posibilitando que los j\u00f3venes de nuestra comarca tengan una salida laboral en el turismo y no tengan que abandonar los municipios.<\/p>\n<h5><strong><span style=\"color: #800000;\">\u00c1ngela:<\/span>\u00a0Si pudieras conectar con una persona, empresa u organizaci\u00f3n en turismo responsable, \u00bfcon qui\u00e9n ser\u00eda y por qu\u00e9?<\/strong><\/h5>\n<p><strong><img loading=\"lazy\" decoding=\"async\" class=\"wp-image-13215 alignright\" src=\"https:\/\/travindy.com\/wp-content\/uploads\/2016\/09\/kiko4-d1d5997f03.jpg\" alt=\"kiko4-d1d5997f03\" width=\"368\" height=\"184\" srcset=\"https:\/\/travindy.com\/news\/wp-content\/uploads\/2016\/09\/kiko4-d1d5997f03.jpg 570w, https:\/\/travindy.com\/news\/wp-content\/uploads\/2016\/09\/kiko4-d1d5997f03-300x150.jpg 300w\" sizes=\"(max-width: 368px) 100vw, 368px\" \/><span style=\"color: #008000;\">Javier:\u00a0<\/span><\/strong>Quiz\u00e1 con <a href=\"http:\/\/www.different-travel.com\">DIFFERENT TRAVEL<\/a>, la empresa que gestiona la CENTRAL DE RESERVAS en el Valle de Ar\u00e1n, por su recorrido y su buen hacer. Creo que en la Sierra de Guadarrama a\u00fan nos queda mucho que aprender en muchos sentidos y hemos de hacerlo de aquellos que, en mi opini\u00f3n van en vanguardia en este tipo de iniciativas. Uno de mis profesores de m\u00fasica, repet\u00eda: \u201cpara aprender, hay que imitar al que sabe\u201d.<\/p>\n<h5><strong><span style=\"color: #800000;\">\u00c1ngela:<\/span>\u00a0\u00bfQu\u00e9 otra persona, empresa u organizaci\u00f3n nos recomendar\u00edas entrevistar y por qu\u00e9?<\/strong><\/h5>\n<p><strong><span style=\"color: #008000;\">Javier:\u00a0<\/span><\/strong>Sin duda, a cualquiera de nuestras colaboradoras, por el esfuerzo que est\u00e1n haciendo por crear el destino SIERRA DE GUADARRAMA y por buscar un futuro para nuestra comarca, poniendo atenci\u00f3n en que este futuro se construya de una manera sostenible para nuestra Sierra.<\/p>\n<h5 style=\"text-align: center;\">Si quieres contactar con Javier del R\u00edo puedes visitar la web de <a href=\"http:\/\/sierradelguadarrama.com\" target=\"_blank\">La Central de Reservas<\/a>\u00a0y\u00a0seguirles en <a href=\"https:\/\/www.facebook.com\/sierradelguadarrama\/\" target=\"_blank\">Facebook<\/a>\u00a0para no perderte ninguna actividad en tu zona.<\/h5>\n<p style=\"text-align: center;\"><em>Esta entrevista forma parte de nuestra serie de entrevistas con emprendedores de turismo sostenible, no dudes en ponerte en contacto con nosotros escribiendo a Angela@travindy.com si te gustar\u00eda participar.<\/em><\/p>\n<p><strong>\u00a0<\/strong><\/p>\n<p>&nbsp;<\/p>\n<p>&nbsp;<\/p>\n<p>&nbsp;<\/p>\n<p>&nbsp;<\/p>\n<p>&nbsp;<\/p>\n<p>&nbsp;<\/p>\n<p>&nbsp;<\/p>\n<p>&nbsp;<\/p>\n<p><strong>\u00a0<\/strong><\/p>\n<p>&nbsp;<\/p>\n<p>&nbsp;<\/p>\n","protected":false},"excerpt":{"rendered":"<p>Entrevistamos a Javier del R\u00edo, director de actividades de la Central de Reservas Sierra del Guadarrama que trabaja dentro del Parque Nacional creado hace tan s\u00f3lo 3 a\u00f1os. <\/p>\n","protected":false},"author":7,"featured_media":13215,"comment_status":"open","ping_status":"open","sticky":false,"template":"","format":"standard","meta":{"footnotes":""},"categories":[534],"tags":[1082,770,1081],"yoast_head":"<!-- This site is optimized with the Yoast SEO plugin v21.4 - https:\/\/yoast.com\/wordpress\/plugins\/seo\/ -->\n<title>La Sierra del Guadarrama se engancha al turismo sostenible mediante &#039;La Central de Reservas&#039;<\/title>\n<meta name=\"description\" content=\"Entrevistamos a Javier del R\u00edo, director de actividades de la Central de Reservas Sierra del Guadarrama que trabaja dentro del Parque Nacional creado hace tan s\u00f3lo 3 a\u00f1os.\" \/>\n<meta name=\"robots\" content=\"index, follow, max-snippet:-1, max-image-preview:large, max-video-preview:-1\" \/>\n<link rel=\"canonical\" href=\"https:\/\/travindy.com\/news\/2016\/09\/la-sierra-del-guadarrama-se-engancha-al-turismo-sostenible-mediante-la-central-de-reservas\/\" \/>\n<meta property=\"og:locale\" content=\"en_US\" \/>\n<meta property=\"og:type\" content=\"article\" \/>\n<meta property=\"og:title\" content=\"La Sierra del Guadarrama se engancha al turismo sostenible mediante &#039;La Central de Reservas&#039;\" \/>\n<meta property=\"og:description\" content=\"Entrevistamos a Javier del R\u00edo, director de actividades de la Central de Reservas Sierra del Guadarrama que trabaja dentro del Parque Nacional creado hace tan s\u00f3lo 3 a\u00f1os.\" \/>\n<meta property=\"og:url\" content=\"https:\/\/travindy.com\/news\/2016\/09\/la-sierra-del-guadarrama-se-engancha-al-turismo-sostenible-mediante-la-central-de-reservas\/\" \/>\n<meta property=\"og:site_name\" content=\"Travindy\" \/>\n<meta property=\"article:publisher\" content=\"https:\/\/www.facebook.com\/travindy\" \/>\n<meta property=\"article:published_time\" content=\"2016-09-02T00:22:54+00:00\" \/>\n<meta property=\"article:modified_time\" content=\"2017-04-16T16:20:47+00:00\" \/>\n<meta property=\"og:image\" content=\"https:\/\/travindy.com\/news\/wp-content\/uploads\/2016\/09\/kiko4-d1d5997f03.jpg\" \/>\n\t<meta property=\"og:image:width\" content=\"570\" \/>\n\t<meta property=\"og:image:height\" content=\"285\" \/>\n\t<meta property=\"og:image:type\" content=\"image\/jpeg\" \/>\n<meta name=\"author\" content=\"\u00c1ngela Rodr\u00edguez\" \/>\n<meta name=\"twitter:card\" content=\"summary_large_image\" \/>\n<meta name=\"twitter:creator\" content=\"@Travindy\" \/>\n<meta name=\"twitter:site\" content=\"@Travindy\" \/>\n<meta name=\"twitter:label1\" content=\"Written by\" \/>\n\t<meta name=\"twitter:data1\" content=\"\u00c1ngela Rodr\u00edguez\" \/>\n\t<meta name=\"twitter:label2\" content=\"Est. reading time\" \/>\n\t<meta name=\"twitter:data2\" content=\"5 minutes\" \/>\n<script type=\"application\/ld+json\" class=\"yoast-schema-graph\">{\"@context\":\"https:\/\/schema.org\",\"@graph\":[{\"@type\":\"Article\",\"@id\":\"https:\/\/travindy.com\/news\/2016\/09\/la-sierra-del-guadarrama-se-engancha-al-turismo-sostenible-mediante-la-central-de-reservas\/#article\",\"isPartOf\":{\"@id\":\"https:\/\/travindy.com\/news\/2016\/09\/la-sierra-del-guadarrama-se-engancha-al-turismo-sostenible-mediante-la-central-de-reservas\/\"},\"author\":{\"name\":\"\u00c1ngela Rodr\u00edguez\",\"@id\":\"https:\/\/travindy.com\/news\/#\/schema\/person\/049eb0da61456a51c2731200749d6c2f\"},\"headline\":\"La Sierra del Guadarrama se engancha al turismo sostenible mediante &#8216;La Central de Reservas&#8217;\",\"datePublished\":\"2016-09-02T00:22:54+00:00\",\"dateModified\":\"2017-04-16T16:20:47+00:00\",\"mainEntityOfPage\":{\"@id\":\"https:\/\/travindy.com\/news\/2016\/09\/la-sierra-del-guadarrama-se-engancha-al-turismo-sostenible-mediante-la-central-de-reservas\/\"},\"wordCount\":972,\"commentCount\":0,\"publisher\":{\"@id\":\"https:\/\/travindy.com\/news\/#organization\"},\"keywords\":[\"Central de Reservas\",\"Madrid\",\"Sierra del Guadarrama\"],\"articleSection\":[\"News\"],\"inLanguage\":\"en-US\",\"potentialAction\":[{\"@type\":\"CommentAction\",\"name\":\"Comment\",\"target\":[\"https:\/\/travindy.com\/news\/2016\/09\/la-sierra-del-guadarrama-se-engancha-al-turismo-sostenible-mediante-la-central-de-reservas\/#respond\"]}]},{\"@type\":\"WebPage\",\"@id\":\"https:\/\/travindy.com\/news\/2016\/09\/la-sierra-del-guadarrama-se-engancha-al-turismo-sostenible-mediante-la-central-de-reservas\/\",\"url\":\"https:\/\/travindy.com\/news\/2016\/09\/la-sierra-del-guadarrama-se-engancha-al-turismo-sostenible-mediante-la-central-de-reservas\/\",\"name\":\"La Sierra del Guadarrama se engancha al turismo sostenible mediante 'La Central de Reservas'\",\"isPartOf\":{\"@id\":\"https:\/\/travindy.com\/news\/#website\"},\"datePublished\":\"2016-09-02T00:22:54+00:00\",\"dateModified\":\"2017-04-16T16:20:47+00:00\",\"description\":\"Entrevistamos a Javier del R\u00edo, director de actividades de la Central de Reservas Sierra del Guadarrama que trabaja dentro del Parque Nacional creado hace tan s\u00f3lo 3 a\u00f1os.\",\"breadcrumb\":{\"@id\":\"https:\/\/travindy.com\/news\/2016\/09\/la-sierra-del-guadarrama-se-engancha-al-turismo-sostenible-mediante-la-central-de-reservas\/#breadcrumb\"},\"inLanguage\":\"en-US\",\"potentialAction\":[{\"@type\":\"ReadAction\",\"target\":[\"https:\/\/travindy.com\/news\/2016\/09\/la-sierra-del-guadarrama-se-engancha-al-turismo-sostenible-mediante-la-central-de-reservas\/\"]}]},{\"@type\":\"BreadcrumbList\",\"@id\":\"https:\/\/travindy.com\/news\/2016\/09\/la-sierra-del-guadarrama-se-engancha-al-turismo-sostenible-mediante-la-central-de-reservas\/#breadcrumb\",\"itemListElement\":[{\"@type\":\"ListItem\",\"position\":1,\"name\":\"Home\",\"item\":\"https:\/\/travindy.com\/news\/\"},{\"@type\":\"ListItem\",\"position\":2,\"name\":\"La Sierra del Guadarrama se engancha al turismo sostenible mediante &#8216;La Central de Reservas&#8217;\"}]},{\"@type\":\"WebSite\",\"@id\":\"https:\/\/travindy.com\/news\/#website\",\"url\":\"https:\/\/travindy.com\/news\/\",\"name\":\"Travindy\",\"description\":\"sustainable tourism consulting, news and resources\",\"publisher\":{\"@id\":\"https:\/\/travindy.com\/news\/#organization\"},\"potentialAction\":[{\"@type\":\"SearchAction\",\"target\":{\"@type\":\"EntryPoint\",\"urlTemplate\":\"https:\/\/travindy.com\/news\/?s={search_term_string}\"},\"query-input\":\"required name=search_term_string\"}],\"inLanguage\":\"en-US\"},{\"@type\":\"Organization\",\"@id\":\"https:\/\/travindy.com\/news\/#organization\",\"name\":\"Travindy\",\"url\":\"https:\/\/travindy.com\/news\/\",\"logo\":{\"@type\":\"ImageObject\",\"inLanguage\":\"en-US\",\"@id\":\"https:\/\/travindy.com\/news\/#\/schema\/logo\/image\/\",\"url\":\"https:\/\/travindy.com\/wp-content\/uploads\/2022\/08\/cropped-travindy-logo-square.png\",\"contentUrl\":\"https:\/\/travindy.com\/wp-content\/uploads\/2022\/08\/cropped-travindy-logo-square.png\",\"width\":512,\"height\":512,\"caption\":\"Travindy\"},\"image\":{\"@id\":\"https:\/\/travindy.com\/news\/#\/schema\/logo\/image\/\"},\"sameAs\":[\"https:\/\/www.facebook.com\/travindy\",\"https:\/\/twitter.com\/Travindy\"]},{\"@type\":\"Person\",\"@id\":\"https:\/\/travindy.com\/news\/#\/schema\/person\/049eb0da61456a51c2731200749d6c2f\",\"name\":\"\u00c1ngela Rodr\u00edguez\",\"image\":{\"@type\":\"ImageObject\",\"inLanguage\":\"en-US\",\"@id\":\"https:\/\/travindy.com\/news\/#\/schema\/person\/image\/\",\"url\":\"https:\/\/secure.gravatar.com\/avatar\/4eae426bbd8c5b1c62508fa5ba06ff55?s=96&d=mm&r=g\",\"contentUrl\":\"https:\/\/secure.gravatar.com\/avatar\/4eae426bbd8c5b1c62508fa5ba06ff55?s=96&d=mm&r=g\",\"caption\":\"\u00c1ngela Rodr\u00edguez\"},\"description\":\"Advocate for positive impact travel. Flexible, hard-working and passionated person who puts collaboration and inspiration at the heart of her work. Extensive experience in marketing and communication of sustainable tourism in Spain and Latin America. Avid traveller and climate activist.\",\"url\":\"https:\/\/travindy.com\/news\/author\/angela-rodriguez\/\"}]}<\/script>\n<!-- \/ Yoast SEO plugin. -->","yoast_head_json":{"title":"La Sierra del Guadarrama se engancha al turismo sostenible mediante 'La Central de Reservas'","description":"Entrevistamos a Javier del R\u00edo, director de actividades de la Central de Reservas Sierra del Guadarrama que trabaja dentro del Parque Nacional creado hace tan s\u00f3lo 3 a\u00f1os.","robots":{"index":"index","follow":"follow","max-snippet":"max-snippet:-1","max-image-preview":"max-image-preview:large","max-video-preview":"max-video-preview:-1"},"canonical":"https:\/\/travindy.com\/news\/2016\/09\/la-sierra-del-guadarrama-se-engancha-al-turismo-sostenible-mediante-la-central-de-reservas\/","og_locale":"en_US","og_type":"article","og_title":"La Sierra del Guadarrama se engancha al turismo sostenible mediante 'La Central de Reservas'","og_description":"Entrevistamos a Javier del R\u00edo, director de actividades de la Central de Reservas Sierra del Guadarrama que trabaja dentro del Parque Nacional creado hace tan s\u00f3lo 3 a\u00f1os.","og_url":"https:\/\/travindy.com\/news\/2016\/09\/la-sierra-del-guadarrama-se-engancha-al-turismo-sostenible-mediante-la-central-de-reservas\/","og_site_name":"Travindy","article_publisher":"https:\/\/www.facebook.com\/travindy","article_published_time":"2016-09-02T00:22:54+00:00","article_modified_time":"2017-04-16T16:20:47+00:00","og_image":[{"width":570,"height":285,"url":"https:\/\/travindy.com\/news\/wp-content\/uploads\/2016\/09\/kiko4-d1d5997f03.jpg","type":"image\/jpeg"}],"author":"\u00c1ngela Rodr\u00edguez","twitter_card":"summary_large_image","twitter_creator":"@Travindy","twitter_site":"@Travindy","twitter_misc":{"Written by":"\u00c1ngela Rodr\u00edguez","Est. reading time":"5 minutes"},"schema":{"@context":"https:\/\/schema.org","@graph":[{"@type":"Article","@id":"https:\/\/travindy.com\/news\/2016\/09\/la-sierra-del-guadarrama-se-engancha-al-turismo-sostenible-mediante-la-central-de-reservas\/#article","isPartOf":{"@id":"https:\/\/travindy.com\/news\/2016\/09\/la-sierra-del-guadarrama-se-engancha-al-turismo-sostenible-mediante-la-central-de-reservas\/"},"author":{"name":"\u00c1ngela Rodr\u00edguez","@id":"https:\/\/travindy.com\/news\/#\/schema\/person\/049eb0da61456a51c2731200749d6c2f"},"headline":"La Sierra del Guadarrama se engancha al turismo sostenible mediante &#8216;La Central de Reservas&#8217;","datePublished":"2016-09-02T00:22:54+00:00","dateModified":"2017-04-16T16:20:47+00:00","mainEntityOfPage":{"@id":"https:\/\/travindy.com\/news\/2016\/09\/la-sierra-del-guadarrama-se-engancha-al-turismo-sostenible-mediante-la-central-de-reservas\/"},"wordCount":972,"commentCount":0,"publisher":{"@id":"https:\/\/travindy.com\/news\/#organization"},"keywords":["Central de Reservas","Madrid","Sierra del Guadarrama"],"articleSection":["News"],"inLanguage":"en-US","potentialAction":[{"@type":"CommentAction","name":"Comment","target":["https:\/\/travindy.com\/news\/2016\/09\/la-sierra-del-guadarrama-se-engancha-al-turismo-sostenible-mediante-la-central-de-reservas\/#respond"]}]},{"@type":"WebPage","@id":"https:\/\/travindy.com\/news\/2016\/09\/la-sierra-del-guadarrama-se-engancha-al-turismo-sostenible-mediante-la-central-de-reservas\/","url":"https:\/\/travindy.com\/news\/2016\/09\/la-sierra-del-guadarrama-se-engancha-al-turismo-sostenible-mediante-la-central-de-reservas\/","name":"La Sierra del Guadarrama se engancha al turismo sostenible mediante 'La Central de Reservas'","isPartOf":{"@id":"https:\/\/travindy.com\/news\/#website"},"datePublished":"2016-09-02T00:22:54+00:00","dateModified":"2017-04-16T16:20:47+00:00","description":"Entrevistamos a Javier del R\u00edo, director de actividades de la Central de Reservas Sierra del Guadarrama que trabaja dentro del Parque Nacional creado hace tan s\u00f3lo 3 a\u00f1os.","breadcrumb":{"@id":"https:\/\/travindy.com\/news\/2016\/09\/la-sierra-del-guadarrama-se-engancha-al-turismo-sostenible-mediante-la-central-de-reservas\/#breadcrumb"},"inLanguage":"en-US","potentialAction":[{"@type":"ReadAction","target":["https:\/\/travindy.com\/news\/2016\/09\/la-sierra-del-guadarrama-se-engancha-al-turismo-sostenible-mediante-la-central-de-reservas\/"]}]},{"@type":"BreadcrumbList","@id":"https:\/\/travindy.com\/news\/2016\/09\/la-sierra-del-guadarrama-se-engancha-al-turismo-sostenible-mediante-la-central-de-reservas\/#breadcrumb","itemListElement":[{"@type":"ListItem","position":1,"name":"Home","item":"https:\/\/travindy.com\/news\/"},{"@type":"ListItem","position":2,"name":"La Sierra del Guadarrama se engancha al turismo sostenible mediante &#8216;La Central de Reservas&#8217;"}]},{"@type":"WebSite","@id":"https:\/\/travindy.com\/news\/#website","url":"https:\/\/travindy.com\/news\/","name":"Travindy","description":"sustainable tourism consulting, news and resources","publisher":{"@id":"https:\/\/travindy.com\/news\/#organization"},"potentialAction":[{"@type":"SearchAction","target":{"@type":"EntryPoint","urlTemplate":"https:\/\/travindy.com\/news\/?s={search_term_string}"},"query-input":"required name=search_term_string"}],"inLanguage":"en-US"},{"@type":"Organization","@id":"https:\/\/travindy.com\/news\/#organization","name":"Travindy","url":"https:\/\/travindy.com\/news\/","logo":{"@type":"ImageObject","inLanguage":"en-US","@id":"https:\/\/travindy.com\/news\/#\/schema\/logo\/image\/","url":"https:\/\/travindy.com\/wp-content\/uploads\/2022\/08\/cropped-travindy-logo-square.png","contentUrl":"https:\/\/travindy.com\/wp-content\/uploads\/2022\/08\/cropped-travindy-logo-square.png","width":512,"height":512,"caption":"Travindy"},"image":{"@id":"https:\/\/travindy.com\/news\/#\/schema\/logo\/image\/"},"sameAs":["https:\/\/www.facebook.com\/travindy","https:\/\/twitter.com\/Travindy"]},{"@type":"Person","@id":"https:\/\/travindy.com\/news\/#\/schema\/person\/049eb0da61456a51c2731200749d6c2f","name":"\u00c1ngela Rodr\u00edguez","image":{"@type":"ImageObject","inLanguage":"en-US","@id":"https:\/\/travindy.com\/news\/#\/schema\/person\/image\/","url":"https:\/\/secure.gravatar.com\/avatar\/4eae426bbd8c5b1c62508fa5ba06ff55?s=96&d=mm&r=g","contentUrl":"https:\/\/secure.gravatar.com\/avatar\/4eae426bbd8c5b1c62508fa5ba06ff55?s=96&d=mm&r=g","caption":"\u00c1ngela Rodr\u00edguez"},"description":"Advocate for positive impact travel. Flexible, hard-working and passionated person who puts collaboration and inspiration at the heart of her work. Extensive experience in marketing and communication of sustainable tourism in Spain and Latin America. Avid traveller and climate activist.","url":"https:\/\/travindy.com\/news\/author\/angela-rodriguez\/"}]}},"_links":{"self":[{"href":"https:\/\/travindy.com\/news\/wp-json\/wp\/v2\/posts\/13208"}],"collection":[{"href":"https:\/\/travindy.com\/news\/wp-json\/wp\/v2\/posts"}],"about":[{"href":"https:\/\/travindy.com\/news\/wp-json\/wp\/v2\/types\/post"}],"author":[{"embeddable":true,"href":"https:\/\/travindy.com\/news\/wp-json\/wp\/v2\/users\/7"}],"replies":[{"embeddable":true,"href":"https:\/\/travindy.com\/news\/wp-json\/wp\/v2\/comments?post=13208"}],"version-history":[{"count":0,"href":"https:\/\/travindy.com\/news\/wp-json\/wp\/v2\/posts\/13208\/revisions"}],"wp:featuredmedia":[{"embeddable":true,"href":"https:\/\/travindy.com\/news\/wp-json\/wp\/v2\/media\/13215"}],"wp:attachment":[{"href":"https:\/\/travindy.com\/news\/wp-json\/wp\/v2\/media?parent=13208"}],"wp:term":[{"taxonomy":"category","embeddable":true,"href":"https:\/\/travindy.com\/news\/wp-json\/wp\/v2\/categories?post=13208"},{"taxonomy":"post_tag","embeddable":true,"href":"https:\/\/travindy.com\/news\/wp-json\/wp\/v2\/tags?post=13208"}],"curies":[{"name":"wp","href":"https:\/\/api.w.org\/{rel}","templated":true}]}}