{"id":12500,"date":"2016-07-18T22:02:48","date_gmt":"2016-07-18T21:02:48","guid":{"rendered":"https:\/\/travindy.com\/es\/?p=12500"},"modified":"2016-07-18T23:50:11","modified_gmt":"2016-07-18T22:50:11","slug":"exceltur-preve-una-oleada-de-turistas-espana","status":"publish","type":"post","link":"https:\/\/travindy.com\/news\/2016\/07\/exceltur-preve-una-oleada-de-turistas-espana\/","title":{"rendered":"Exceltur prev\u00e9 una &#8220;oleada&#8221; de turistas en Espa\u00f1a"},"content":{"rendered":"<p><img fetchpriority=\"high\" decoding=\"async\" class=\"aligncenter size-full wp-image-12501\" src=\"https:\/\/travindy.com\/wp-content\/uploads\/2016\/07\/beach-654641_640.jpg\" alt=\"Crowd beach\" width=\"640\" height=\"402\" srcset=\"https:\/\/travindy.com\/news\/wp-content\/uploads\/2016\/07\/beach-654641_640.jpg 640w, https:\/\/travindy.com\/news\/wp-content\/uploads\/2016\/07\/beach-654641_640-300x188.jpg 300w\" sizes=\"(max-width: 640px) 100vw, 640px\" \/><\/p>\n<p><span class=\"wpsdc-drop-cap\">E<\/span>l vicepresidente de Exceltur, Jos\u00e9 Luis Zoreda, cree que este verano se producir\u00e1 una \u201coleada\u201d de turistas hacia Espa\u00f1a debido a la situaci\u00f3n en Turqu\u00eda y el atentado de Niza.<\/p>\n<p>Zoreda manifest\u00f3 este lunes a Servimedia que este crecimiento provocado por turistas &#8216;prestados&#8217; de destinos en una situaci\u00f3n de inseguridad \u201cno es sostenible\u201d a largo plazo ni \u201cdeseable\u201d porque en Espa\u00f1a se \u201cest\u00e1n empezando a generar problemas en la capacidad de carga\u201d del pa\u00eds para absorber vol\u00famenes tan grandes y de forma tan inmediata.<\/p>\n<p>En este sentido, Zoreda asegur\u00f3 que se est\u00e1 produciendo un \u201crechazo\u201d en algunas zonas como Catalu\u00f1a a causa del gran n\u00famero de turistas.<\/p>\n<p>Sigue leyendo la noticia entera en:<a href=\"http:\/\/www.teinteresa.es\/dinero\/EXCELTUR-TURISTAS-CONSECUENCIA-SITUACION-TURQUIA_0_1615638963.html\">\u00a0Exceltur prev\u00e9 una &#8220;oleada&#8221; de turistas a Espa\u00f1a a consecuencia de la situaci\u00f3n en Turqu\u00eda y Niza |\u00a0<strong>Teinteresa.es<\/strong><\/a><\/p>\n","protected":false},"excerpt":{"rendered":"<p>El vicepresidente de Exceltur, Jos\u00e9 Luis Zoreda, cree que este verano se producir\u00e1 una \u201coleada\u201d de turistas hacia Espa\u00f1a debido a la situaci\u00f3n en Turqu\u00eda y el atentado de Niza.<\/p>\n","protected":false},"author":5,"featured_media":12501,"comment_status":"open","ping_status":"open","sticky":false,"template":"","format":"standard","meta":{"footnotes":""},"categories":[534],"tags":[1121,935],"yoast_head":"<!-- This site is optimized with the Yoast SEO plugin v21.4 - https:\/\/yoast.com\/wordpress\/plugins\/seo\/ -->\n<title>Exceltur prev\u00e9 una &quot;oleada&quot; de turistas en Espa\u00f1a<\/title>\n<meta name=\"description\" content=\"El vicepresidente de Exceltur, Jos\u00e9 Luis Zoreda, cree que este verano se producir\u00e1 una \u201coleada\u201d de turistas hacia Espa\u00f1a debido a la situaci\u00f3n en Turqu\u00eda y el atentado de Niza.\" \/>\n<meta name=\"robots\" content=\"index, follow, max-snippet:-1, max-image-preview:large, max-video-preview:-1\" \/>\n<link rel=\"canonical\" href=\"https:\/\/travindy.com\/news\/2016\/07\/exceltur-preve-una-oleada-de-turistas-espana\/\" \/>\n<meta property=\"og:locale\" content=\"en_US\" \/>\n<meta property=\"og:type\" content=\"article\" \/>\n<meta property=\"og:title\" content=\"Exceltur prev\u00e9 una &quot;oleada&quot; de turistas en Espa\u00f1a\" \/>\n<meta property=\"og:description\" content=\"El vicepresidente de Exceltur, Jos\u00e9 Luis Zoreda, cree que este verano se producir\u00e1 una \u201coleada\u201d de turistas hacia Espa\u00f1a debido a la situaci\u00f3n en Turqu\u00eda y el atentado de Niza.\" \/>\n<meta property=\"og:url\" content=\"https:\/\/travindy.com\/news\/2016\/07\/exceltur-preve-una-oleada-de-turistas-espana\/\" \/>\n<meta property=\"og:site_name\" content=\"Travindy\" \/>\n<meta property=\"article:publisher\" content=\"https:\/\/www.facebook.com\/travindy\" \/>\n<meta property=\"article:author\" content=\"https:\/\/www.facebook.com\/travindy\" \/>\n<meta property=\"article:published_time\" content=\"2016-07-18T21:02:48+00:00\" \/>\n<meta property=\"article:modified_time\" content=\"2016-07-18T22:50:11+00:00\" \/>\n<meta property=\"og:image\" content=\"https:\/\/travindy.com\/news\/wp-content\/uploads\/2016\/07\/beach-654641_640.jpg\" \/>\n\t<meta property=\"og:image:width\" content=\"640\" \/>\n\t<meta property=\"og:image:height\" content=\"402\" \/>\n\t<meta property=\"og:image:type\" content=\"image\/jpeg\" \/>\n<meta name=\"author\" content=\"Travindy\" \/>\n<meta name=\"twitter:card\" content=\"summary_large_image\" \/>\n<meta name=\"twitter:creator\" content=\"@travindy\" \/>\n<meta name=\"twitter:site\" content=\"@Travindy\" \/>\n<meta name=\"twitter:label1\" content=\"Written by\" \/>\n\t<meta name=\"twitter:data1\" content=\"Travindy\" \/>\n\t<meta name=\"twitter:label2\" content=\"Est. reading time\" \/>\n\t<meta name=\"twitter:data2\" content=\"1 minute\" \/>\n<script type=\"application\/ld+json\" class=\"yoast-schema-graph\">{\"@context\":\"https:\/\/schema.org\",\"@graph\":[{\"@type\":\"Article\",\"@id\":\"https:\/\/travindy.com\/news\/2016\/07\/exceltur-preve-una-oleada-de-turistas-espana\/#article\",\"isPartOf\":{\"@id\":\"https:\/\/travindy.com\/news\/2016\/07\/exceltur-preve-una-oleada-de-turistas-espana\/\"},\"author\":{\"name\":\"Travindy\",\"@id\":\"https:\/\/travindy.com\/news\/#\/schema\/person\/79576b26c03e84ac969c6cf7ad8118bb\"},\"headline\":\"Exceltur prev\u00e9 una &#8220;oleada&#8221; de turistas en Espa\u00f1a\",\"datePublished\":\"2016-07-18T21:02:48+00:00\",\"dateModified\":\"2016-07-18T22:50:11+00:00\",\"mainEntityOfPage\":{\"@id\":\"https:\/\/travindy.com\/news\/2016\/07\/exceltur-preve-una-oleada-de-turistas-espana\/\"},\"wordCount\":157,\"commentCount\":0,\"publisher\":{\"@id\":\"https:\/\/travindy.com\/news\/#organization\"},\"keywords\":[\"Capacidad de carga\",\"Exceltur\"],\"articleSection\":[\"News\"],\"inLanguage\":\"en-US\",\"potentialAction\":[{\"@type\":\"CommentAction\",\"name\":\"Comment\",\"target\":[\"https:\/\/travindy.com\/news\/2016\/07\/exceltur-preve-una-oleada-de-turistas-espana\/#respond\"]}]},{\"@type\":\"WebPage\",\"@id\":\"https:\/\/travindy.com\/news\/2016\/07\/exceltur-preve-una-oleada-de-turistas-espana\/\",\"url\":\"https:\/\/travindy.com\/news\/2016\/07\/exceltur-preve-una-oleada-de-turistas-espana\/\",\"name\":\"Exceltur prev\u00e9 una \\\"oleada\\\" de turistas en Espa\u00f1a\",\"isPartOf\":{\"@id\":\"https:\/\/travindy.com\/news\/#website\"},\"datePublished\":\"2016-07-18T21:02:48+00:00\",\"dateModified\":\"2016-07-18T22:50:11+00:00\",\"description\":\"El vicepresidente de Exceltur, Jos\u00e9 Luis Zoreda, cree que este verano se producir\u00e1 una \u201coleada\u201d de turistas hacia Espa\u00f1a debido a la situaci\u00f3n en Turqu\u00eda y el atentado de Niza.\",\"breadcrumb\":{\"@id\":\"https:\/\/travindy.com\/news\/2016\/07\/exceltur-preve-una-oleada-de-turistas-espana\/#breadcrumb\"},\"inLanguage\":\"en-US\",\"potentialAction\":[{\"@type\":\"ReadAction\",\"target\":[\"https:\/\/travindy.com\/news\/2016\/07\/exceltur-preve-una-oleada-de-turistas-espana\/\"]}]},{\"@type\":\"BreadcrumbList\",\"@id\":\"https:\/\/travindy.com\/news\/2016\/07\/exceltur-preve-una-oleada-de-turistas-espana\/#breadcrumb\",\"itemListElement\":[{\"@type\":\"ListItem\",\"position\":1,\"name\":\"Home\",\"item\":\"https:\/\/travindy.com\/news\/\"},{\"@type\":\"ListItem\",\"position\":2,\"name\":\"Exceltur prev\u00e9 una &#8220;oleada&#8221; de turistas en Espa\u00f1a\"}]},{\"@type\":\"WebSite\",\"@id\":\"https:\/\/travindy.com\/news\/#website\",\"url\":\"https:\/\/travindy.com\/news\/\",\"name\":\"Travindy\",\"description\":\"sustainable tourism consulting, news and resources\",\"publisher\":{\"@id\":\"https:\/\/travindy.com\/news\/#organization\"},\"potentialAction\":[{\"@type\":\"SearchAction\",\"target\":{\"@type\":\"EntryPoint\",\"urlTemplate\":\"https:\/\/travindy.com\/news\/?s={search_term_string}\"},\"query-input\":\"required name=search_term_string\"}],\"inLanguage\":\"en-US\"},{\"@type\":\"Organization\",\"@id\":\"https:\/\/travindy.com\/news\/#organization\",\"name\":\"Travindy\",\"url\":\"https:\/\/travindy.com\/news\/\",\"logo\":{\"@type\":\"ImageObject\",\"inLanguage\":\"en-US\",\"@id\":\"https:\/\/travindy.com\/news\/#\/schema\/logo\/image\/\",\"url\":\"https:\/\/travindy.com\/wp-content\/uploads\/2022\/08\/cropped-travindy-logo-square.png\",\"contentUrl\":\"https:\/\/travindy.com\/wp-content\/uploads\/2022\/08\/cropped-travindy-logo-square.png\",\"width\":512,\"height\":512,\"caption\":\"Travindy\"},\"image\":{\"@id\":\"https:\/\/travindy.com\/news\/#\/schema\/logo\/image\/\"},\"sameAs\":[\"https:\/\/www.facebook.com\/travindy\",\"https:\/\/twitter.com\/Travindy\"]},{\"@type\":\"Person\",\"@id\":\"https:\/\/travindy.com\/news\/#\/schema\/person\/79576b26c03e84ac969c6cf7ad8118bb\",\"name\":\"Travindy\",\"image\":{\"@type\":\"ImageObject\",\"inLanguage\":\"en-US\",\"@id\":\"https:\/\/travindy.com\/news\/#\/schema\/person\/image\/\",\"url\":\"https:\/\/secure.gravatar.com\/avatar\/7e8e24b511c9178e320b9eb2226dadb1?s=96&d=mm&r=g\",\"contentUrl\":\"https:\/\/secure.gravatar.com\/avatar\/7e8e24b511c9178e320b9eb2226dadb1?s=96&d=mm&r=g\",\"caption\":\"Travindy\"},\"description\":\"Travindy is an independent website featuring news and opinion on all issues to do with tourism and sustainability. Written primarily for an industry audience, our aim is to support the transformation of the sector into one that is regenerative, restorative and fully inclusive.\",\"sameAs\":[\"https:\/\/www.facebook.com\/travindy\",\"https:\/\/twitter.com\/travindy\"],\"url\":\"https:\/\/travindy.com\/news\/author\/travindy\/\"}]}<\/script>\n<!-- \/ Yoast SEO plugin. -->","yoast_head_json":{"title":"Exceltur prev\u00e9 una \"oleada\" de turistas en Espa\u00f1a","description":"El vicepresidente de Exceltur, Jos\u00e9 Luis Zoreda, cree que este verano se producir\u00e1 una \u201coleada\u201d de turistas hacia Espa\u00f1a debido a la situaci\u00f3n en Turqu\u00eda y el atentado de Niza.","robots":{"index":"index","follow":"follow","max-snippet":"max-snippet:-1","max-image-preview":"max-image-preview:large","max-video-preview":"max-video-preview:-1"},"canonical":"https:\/\/travindy.com\/news\/2016\/07\/exceltur-preve-una-oleada-de-turistas-espana\/","og_locale":"en_US","og_type":"article","og_title":"Exceltur prev\u00e9 una \"oleada\" de turistas en Espa\u00f1a","og_description":"El vicepresidente de Exceltur, Jos\u00e9 Luis Zoreda, cree que este verano se producir\u00e1 una \u201coleada\u201d de turistas hacia Espa\u00f1a debido a la situaci\u00f3n en Turqu\u00eda y el atentado de Niza.","og_url":"https:\/\/travindy.com\/news\/2016\/07\/exceltur-preve-una-oleada-de-turistas-espana\/","og_site_name":"Travindy","article_publisher":"https:\/\/www.facebook.com\/travindy","article_author":"https:\/\/www.facebook.com\/travindy","article_published_time":"2016-07-18T21:02:48+00:00","article_modified_time":"2016-07-18T22:50:11+00:00","og_image":[{"width":640,"height":402,"url":"https:\/\/travindy.com\/news\/wp-content\/uploads\/2016\/07\/beach-654641_640.jpg","type":"image\/jpeg"}],"author":"Travindy","twitter_card":"summary_large_image","twitter_creator":"@travindy","twitter_site":"@Travindy","twitter_misc":{"Written by":"Travindy","Est. reading time":"1 minute"},"schema":{"@context":"https:\/\/schema.org","@graph":[{"@type":"Article","@id":"https:\/\/travindy.com\/news\/2016\/07\/exceltur-preve-una-oleada-de-turistas-espana\/#article","isPartOf":{"@id":"https:\/\/travindy.com\/news\/2016\/07\/exceltur-preve-una-oleada-de-turistas-espana\/"},"author":{"name":"Travindy","@id":"https:\/\/travindy.com\/news\/#\/schema\/person\/79576b26c03e84ac969c6cf7ad8118bb"},"headline":"Exceltur prev\u00e9 una &#8220;oleada&#8221; de turistas en Espa\u00f1a","datePublished":"2016-07-18T21:02:48+00:00","dateModified":"2016-07-18T22:50:11+00:00","mainEntityOfPage":{"@id":"https:\/\/travindy.com\/news\/2016\/07\/exceltur-preve-una-oleada-de-turistas-espana\/"},"wordCount":157,"commentCount":0,"publisher":{"@id":"https:\/\/travindy.com\/news\/#organization"},"keywords":["Capacidad de carga","Exceltur"],"articleSection":["News"],"inLanguage":"en-US","potentialAction":[{"@type":"CommentAction","name":"Comment","target":["https:\/\/travindy.com\/news\/2016\/07\/exceltur-preve-una-oleada-de-turistas-espana\/#respond"]}]},{"@type":"WebPage","@id":"https:\/\/travindy.com\/news\/2016\/07\/exceltur-preve-una-oleada-de-turistas-espana\/","url":"https:\/\/travindy.com\/news\/2016\/07\/exceltur-preve-una-oleada-de-turistas-espana\/","name":"Exceltur prev\u00e9 una \"oleada\" de turistas en Espa\u00f1a","isPartOf":{"@id":"https:\/\/travindy.com\/news\/#website"},"datePublished":"2016-07-18T21:02:48+00:00","dateModified":"2016-07-18T22:50:11+00:00","description":"El vicepresidente de Exceltur, Jos\u00e9 Luis Zoreda, cree que este verano se producir\u00e1 una \u201coleada\u201d de turistas hacia Espa\u00f1a debido a la situaci\u00f3n en Turqu\u00eda y el atentado de Niza.","breadcrumb":{"@id":"https:\/\/travindy.com\/news\/2016\/07\/exceltur-preve-una-oleada-de-turistas-espana\/#breadcrumb"},"inLanguage":"en-US","potentialAction":[{"@type":"ReadAction","target":["https:\/\/travindy.com\/news\/2016\/07\/exceltur-preve-una-oleada-de-turistas-espana\/"]}]},{"@type":"BreadcrumbList","@id":"https:\/\/travindy.com\/news\/2016\/07\/exceltur-preve-una-oleada-de-turistas-espana\/#breadcrumb","itemListElement":[{"@type":"ListItem","position":1,"name":"Home","item":"https:\/\/travindy.com\/news\/"},{"@type":"ListItem","position":2,"name":"Exceltur prev\u00e9 una &#8220;oleada&#8221; de turistas en Espa\u00f1a"}]},{"@type":"WebSite","@id":"https:\/\/travindy.com\/news\/#website","url":"https:\/\/travindy.com\/news\/","name":"Travindy","description":"sustainable tourism consulting, news and resources","publisher":{"@id":"https:\/\/travindy.com\/news\/#organization"},"potentialAction":[{"@type":"SearchAction","target":{"@type":"EntryPoint","urlTemplate":"https:\/\/travindy.com\/news\/?s={search_term_string}"},"query-input":"required name=search_term_string"}],"inLanguage":"en-US"},{"@type":"Organization","@id":"https:\/\/travindy.com\/news\/#organization","name":"Travindy","url":"https:\/\/travindy.com\/news\/","logo":{"@type":"ImageObject","inLanguage":"en-US","@id":"https:\/\/travindy.com\/news\/#\/schema\/logo\/image\/","url":"https:\/\/travindy.com\/wp-content\/uploads\/2022\/08\/cropped-travindy-logo-square.png","contentUrl":"https:\/\/travindy.com\/wp-content\/uploads\/2022\/08\/cropped-travindy-logo-square.png","width":512,"height":512,"caption":"Travindy"},"image":{"@id":"https:\/\/travindy.com\/news\/#\/schema\/logo\/image\/"},"sameAs":["https:\/\/www.facebook.com\/travindy","https:\/\/twitter.com\/Travindy"]},{"@type":"Person","@id":"https:\/\/travindy.com\/news\/#\/schema\/person\/79576b26c03e84ac969c6cf7ad8118bb","name":"Travindy","image":{"@type":"ImageObject","inLanguage":"en-US","@id":"https:\/\/travindy.com\/news\/#\/schema\/person\/image\/","url":"https:\/\/secure.gravatar.com\/avatar\/7e8e24b511c9178e320b9eb2226dadb1?s=96&d=mm&r=g","contentUrl":"https:\/\/secure.gravatar.com\/avatar\/7e8e24b511c9178e320b9eb2226dadb1?s=96&d=mm&r=g","caption":"Travindy"},"description":"Travindy is an independent website featuring news and opinion on all issues to do with tourism and sustainability. Written primarily for an industry audience, our aim is to support the transformation of the sector into one that is regenerative, restorative and fully inclusive.","sameAs":["https:\/\/www.facebook.com\/travindy","https:\/\/twitter.com\/travindy"],"url":"https:\/\/travindy.com\/news\/author\/travindy\/"}]}},"_links":{"self":[{"href":"https:\/\/travindy.com\/news\/wp-json\/wp\/v2\/posts\/12500"}],"collection":[{"href":"https:\/\/travindy.com\/news\/wp-json\/wp\/v2\/posts"}],"about":[{"href":"https:\/\/travindy.com\/news\/wp-json\/wp\/v2\/types\/post"}],"author":[{"embeddable":true,"href":"https:\/\/travindy.com\/news\/wp-json\/wp\/v2\/users\/5"}],"replies":[{"embeddable":true,"href":"https:\/\/travindy.com\/news\/wp-json\/wp\/v2\/comments?post=12500"}],"version-history":[{"count":0,"href":"https:\/\/travindy.com\/news\/wp-json\/wp\/v2\/posts\/12500\/revisions"}],"wp:featuredmedia":[{"embeddable":true,"href":"https:\/\/travindy.com\/news\/wp-json\/wp\/v2\/media\/12501"}],"wp:attachment":[{"href":"https:\/\/travindy.com\/news\/wp-json\/wp\/v2\/media?parent=12500"}],"wp:term":[{"taxonomy":"category","embeddable":true,"href":"https:\/\/travindy.com\/news\/wp-json\/wp\/v2\/categories?post=12500"},{"taxonomy":"post_tag","embeddable":true,"href":"https:\/\/travindy.com\/news\/wp-json\/wp\/v2\/tags?post=12500"}],"curies":[{"name":"wp","href":"https:\/\/api.w.org\/{rel}","templated":true}]}}