{"id":11861,"date":"2016-06-16T14:31:27","date_gmt":"2016-06-16T13:31:27","guid":{"rendered":"https:\/\/travindy.com\/es\/?p=11861"},"modified":"2017-04-16T17:31:21","modified_gmt":"2017-04-16T16:31:21","slug":"crece-la-demanda-de-alquileres-vacacionales-mientras-aumenta-la-polemica-en-torno-su-legalidad","status":"publish","type":"post","link":"https:\/\/travindy.com\/news\/2016\/06\/crece-la-demanda-de-alquileres-vacacionales-mientras-aumenta-la-polemica-en-torno-su-legalidad\/","title":{"rendered":"Crece la demanda de alquileres vacacionales, mientras aumenta la pol\u00e9mica en torno a su legalidad"},"content":{"rendered":"<p><img fetchpriority=\"high\" decoding=\"async\" class=\"aligncenter  wp-image-11862\" src=\"https:\/\/travindy.com\/wp-content\/uploads\/2016\/06\/paris-936656_640.jpg\" alt=\"paris-936656_640\" width=\"714\" height=\"475\" srcset=\"https:\/\/travindy.com\/news\/wp-content\/uploads\/2016\/06\/paris-936656_640.jpg 640w, https:\/\/travindy.com\/news\/wp-content\/uploads\/2016\/06\/paris-936656_640-300x200.jpg 300w\" sizes=\"(max-width: 714px) 100vw, 714px\" \/><\/p>\n<p>En las \u00faltimas semanas el debate sobre las viviendas de alquiler vacacional parece haber ganado\u00a0fuerza, hasta el punto que la Uni\u00f3n Europea \u00a0ha se\u00f1alado la necesidad de\u00a0unificar las leyes\u00a0a este respecto, aunque de momento la realidad es que cada pa\u00eds aplica su propia normativa.<\/p>\n<p>El caso de Espa\u00f1a, es a\u00fan m\u00e1s complicado, ya que las competencias sobre este tema no est\u00e1n centralizadas y cada comunidad aut\u00f3noma exige a los propietarios la realizaci\u00f3n de determinados tr\u00e1mites para poder alquilar su casa.<\/p>\n<p>Sin embargo, y al margen de todas estas cuestiones previas, la realidad es que\u00a0para este verano, y seg\u00fan un estudio presentado por HomeAway, la demanda de los espa\u00f1oles de este tipo de alojamiento se prev\u00e9 que aumente\u00a0un 52%\u00a0con\u00a0relaci\u00f3n al mismo per\u00edodo del a\u00f1o anterior.<\/p>\n<p>Sigue leyendo el articulo entero en:\u00a0<a href=\"http:\/\/www.tecnohotelnews.com\/2016\/06\/crece-la-demanda-de-alquileres-vacacionales-mientras-aumenta-la-polemica-en-torno-a-su-legalidad\/\">Crece la demanda de alquileres vacacionales, mientras aumenta la pol\u00e9mica en torno a su legalidad |\u00a0<strong>TecnoHotel<\/strong><\/a><\/p>\n","protected":false},"excerpt":{"rendered":"<p>Las plataformas de alquiler de apartamentos vacacionales, no solo han provocado un cambio en el sector del alojamiento tur\u00edstico, sino que tambi\u00e9n ha contribuido a reabrir el debate sobre la legalidad de este tipo de alquileres.<\/p>\n","protected":false},"author":5,"featured_media":0,"comment_status":"open","ping_status":"open","sticky":false,"template":"","format":"standard","meta":{"footnotes":""},"categories":[534],"tags":[],"yoast_head":"<!-- This site is optimized with the Yoast SEO plugin v21.4 - https:\/\/yoast.com\/wordpress\/plugins\/seo\/ -->\n<title>Crece la demanda de alquileres vacacionales, mientras aumenta la pol\u00e9mica en torno a su legalidad<\/title>\n<meta name=\"description\" content=\"Las plataformas de alquiler de apartamentos vacacionales, no solo han provocado un cambio en el sector del alojamiento tur\u00edstico, sino que tambi\u00e9n ha contribuido a reabrir el debate sobre la legalidad de este tipo de alquileres.\" \/>\n<meta name=\"robots\" content=\"index, follow, max-snippet:-1, max-image-preview:large, max-video-preview:-1\" \/>\n<link rel=\"canonical\" href=\"https:\/\/travindy.com\/news\/2016\/06\/crece-la-demanda-de-alquileres-vacacionales-mientras-aumenta-la-polemica-en-torno-su-legalidad\/\" \/>\n<meta property=\"og:locale\" content=\"en_US\" \/>\n<meta property=\"og:type\" content=\"article\" \/>\n<meta property=\"og:title\" content=\"Crece la demanda de alquileres vacacionales, mientras aumenta la pol\u00e9mica en torno a su legalidad\" \/>\n<meta property=\"og:description\" content=\"Las plataformas de alquiler de apartamentos vacacionales, no solo han provocado un cambio en el sector del alojamiento tur\u00edstico, sino que tambi\u00e9n ha contribuido a reabrir el debate sobre la legalidad de este tipo de alquileres.\" \/>\n<meta property=\"og:url\" content=\"https:\/\/travindy.com\/news\/2016\/06\/crece-la-demanda-de-alquileres-vacacionales-mientras-aumenta-la-polemica-en-torno-su-legalidad\/\" \/>\n<meta property=\"og:site_name\" content=\"Travindy\" \/>\n<meta property=\"article:publisher\" content=\"https:\/\/www.facebook.com\/travindy\" \/>\n<meta property=\"article:author\" content=\"https:\/\/www.facebook.com\/travindy\" \/>\n<meta property=\"article:published_time\" content=\"2016-06-16T13:31:27+00:00\" \/>\n<meta property=\"article:modified_time\" content=\"2017-04-16T16:31:21+00:00\" \/>\n<meta property=\"og:image\" content=\"https:\/\/travindy.com\/wp-content\/uploads\/2016\/06\/paris-936656_640.jpg\" \/>\n<meta name=\"author\" content=\"Travindy\" \/>\n<meta name=\"twitter:card\" content=\"summary_large_image\" \/>\n<meta name=\"twitter:creator\" content=\"@travindy\" \/>\n<meta name=\"twitter:site\" content=\"@Travindy\" \/>\n<meta name=\"twitter:label1\" content=\"Written by\" \/>\n\t<meta name=\"twitter:data1\" content=\"Travindy\" \/>\n\t<meta name=\"twitter:label2\" content=\"Est. reading time\" \/>\n\t<meta name=\"twitter:data2\" content=\"1 minute\" \/>\n<script type=\"application\/ld+json\" class=\"yoast-schema-graph\">{\"@context\":\"https:\/\/schema.org\",\"@graph\":[{\"@type\":\"Article\",\"@id\":\"https:\/\/travindy.com\/news\/2016\/06\/crece-la-demanda-de-alquileres-vacacionales-mientras-aumenta-la-polemica-en-torno-su-legalidad\/#article\",\"isPartOf\":{\"@id\":\"https:\/\/travindy.com\/news\/2016\/06\/crece-la-demanda-de-alquileres-vacacionales-mientras-aumenta-la-polemica-en-torno-su-legalidad\/\"},\"author\":{\"name\":\"Travindy\",\"@id\":\"https:\/\/travindy.com\/news\/#\/schema\/person\/79576b26c03e84ac969c6cf7ad8118bb\"},\"headline\":\"Crece la demanda de alquileres vacacionales, mientras aumenta la pol\u00e9mica en torno a su legalidad\",\"datePublished\":\"2016-06-16T13:31:27+00:00\",\"dateModified\":\"2017-04-16T16:31:21+00:00\",\"mainEntityOfPage\":{\"@id\":\"https:\/\/travindy.com\/news\/2016\/06\/crece-la-demanda-de-alquileres-vacacionales-mientras-aumenta-la-polemica-en-torno-su-legalidad\/\"},\"wordCount\":184,\"commentCount\":0,\"publisher\":{\"@id\":\"https:\/\/travindy.com\/news\/#organization\"},\"articleSection\":[\"News\"],\"inLanguage\":\"en-US\",\"potentialAction\":[{\"@type\":\"CommentAction\",\"name\":\"Comment\",\"target\":[\"https:\/\/travindy.com\/news\/2016\/06\/crece-la-demanda-de-alquileres-vacacionales-mientras-aumenta-la-polemica-en-torno-su-legalidad\/#respond\"]}]},{\"@type\":\"WebPage\",\"@id\":\"https:\/\/travindy.com\/news\/2016\/06\/crece-la-demanda-de-alquileres-vacacionales-mientras-aumenta-la-polemica-en-torno-su-legalidad\/\",\"url\":\"https:\/\/travindy.com\/news\/2016\/06\/crece-la-demanda-de-alquileres-vacacionales-mientras-aumenta-la-polemica-en-torno-su-legalidad\/\",\"name\":\"Crece la demanda de alquileres vacacionales, mientras aumenta la pol\u00e9mica en torno a su legalidad\",\"isPartOf\":{\"@id\":\"https:\/\/travindy.com\/news\/#website\"},\"datePublished\":\"2016-06-16T13:31:27+00:00\",\"dateModified\":\"2017-04-16T16:31:21+00:00\",\"description\":\"Las plataformas de alquiler de apartamentos vacacionales, no solo han provocado un cambio en el sector del alojamiento tur\u00edstico, sino que tambi\u00e9n ha contribuido a reabrir el debate sobre la legalidad de este tipo de alquileres.\",\"breadcrumb\":{\"@id\":\"https:\/\/travindy.com\/news\/2016\/06\/crece-la-demanda-de-alquileres-vacacionales-mientras-aumenta-la-polemica-en-torno-su-legalidad\/#breadcrumb\"},\"inLanguage\":\"en-US\",\"potentialAction\":[{\"@type\":\"ReadAction\",\"target\":[\"https:\/\/travindy.com\/news\/2016\/06\/crece-la-demanda-de-alquileres-vacacionales-mientras-aumenta-la-polemica-en-torno-su-legalidad\/\"]}]},{\"@type\":\"BreadcrumbList\",\"@id\":\"https:\/\/travindy.com\/news\/2016\/06\/crece-la-demanda-de-alquileres-vacacionales-mientras-aumenta-la-polemica-en-torno-su-legalidad\/#breadcrumb\",\"itemListElement\":[{\"@type\":\"ListItem\",\"position\":1,\"name\":\"Home\",\"item\":\"https:\/\/travindy.com\/news\/\"},{\"@type\":\"ListItem\",\"position\":2,\"name\":\"Crece la demanda de alquileres vacacionales, mientras aumenta la pol\u00e9mica en torno a su legalidad\"}]},{\"@type\":\"WebSite\",\"@id\":\"https:\/\/travindy.com\/news\/#website\",\"url\":\"https:\/\/travindy.com\/news\/\",\"name\":\"Travindy\",\"description\":\"sustainable tourism consulting, news and resources\",\"publisher\":{\"@id\":\"https:\/\/travindy.com\/news\/#organization\"},\"potentialAction\":[{\"@type\":\"SearchAction\",\"target\":{\"@type\":\"EntryPoint\",\"urlTemplate\":\"https:\/\/travindy.com\/news\/?s={search_term_string}\"},\"query-input\":\"required name=search_term_string\"}],\"inLanguage\":\"en-US\"},{\"@type\":\"Organization\",\"@id\":\"https:\/\/travindy.com\/news\/#organization\",\"name\":\"Travindy\",\"url\":\"https:\/\/travindy.com\/news\/\",\"logo\":{\"@type\":\"ImageObject\",\"inLanguage\":\"en-US\",\"@id\":\"https:\/\/travindy.com\/news\/#\/schema\/logo\/image\/\",\"url\":\"https:\/\/travindy.com\/wp-content\/uploads\/2022\/08\/cropped-travindy-logo-square.png\",\"contentUrl\":\"https:\/\/travindy.com\/wp-content\/uploads\/2022\/08\/cropped-travindy-logo-square.png\",\"width\":512,\"height\":512,\"caption\":\"Travindy\"},\"image\":{\"@id\":\"https:\/\/travindy.com\/news\/#\/schema\/logo\/image\/\"},\"sameAs\":[\"https:\/\/www.facebook.com\/travindy\",\"https:\/\/twitter.com\/Travindy\"]},{\"@type\":\"Person\",\"@id\":\"https:\/\/travindy.com\/news\/#\/schema\/person\/79576b26c03e84ac969c6cf7ad8118bb\",\"name\":\"Travindy\",\"image\":{\"@type\":\"ImageObject\",\"inLanguage\":\"en-US\",\"@id\":\"https:\/\/travindy.com\/news\/#\/schema\/person\/image\/\",\"url\":\"https:\/\/secure.gravatar.com\/avatar\/7e8e24b511c9178e320b9eb2226dadb1?s=96&d=mm&r=g\",\"contentUrl\":\"https:\/\/secure.gravatar.com\/avatar\/7e8e24b511c9178e320b9eb2226dadb1?s=96&d=mm&r=g\",\"caption\":\"Travindy\"},\"description\":\"Travindy is an independent website featuring news and opinion on all issues to do with tourism and sustainability. Written primarily for an industry audience, our aim is to support the transformation of the sector into one that is regenerative, restorative and fully inclusive.\",\"sameAs\":[\"https:\/\/www.facebook.com\/travindy\",\"https:\/\/twitter.com\/travindy\"],\"url\":\"https:\/\/travindy.com\/news\/author\/travindy\/\"}]}<\/script>\n<!-- \/ Yoast SEO plugin. -->","yoast_head_json":{"title":"Crece la demanda de alquileres vacacionales, mientras aumenta la pol\u00e9mica en torno a su legalidad","description":"Las plataformas de alquiler de apartamentos vacacionales, no solo han provocado un cambio en el sector del alojamiento tur\u00edstico, sino que tambi\u00e9n ha contribuido a reabrir el debate sobre la legalidad de este tipo de alquileres.","robots":{"index":"index","follow":"follow","max-snippet":"max-snippet:-1","max-image-preview":"max-image-preview:large","max-video-preview":"max-video-preview:-1"},"canonical":"https:\/\/travindy.com\/news\/2016\/06\/crece-la-demanda-de-alquileres-vacacionales-mientras-aumenta-la-polemica-en-torno-su-legalidad\/","og_locale":"en_US","og_type":"article","og_title":"Crece la demanda de alquileres vacacionales, mientras aumenta la pol\u00e9mica en torno a su legalidad","og_description":"Las plataformas de alquiler de apartamentos vacacionales, no solo han provocado un cambio en el sector del alojamiento tur\u00edstico, sino que tambi\u00e9n ha contribuido a reabrir el debate sobre la legalidad de este tipo de alquileres.","og_url":"https:\/\/travindy.com\/news\/2016\/06\/crece-la-demanda-de-alquileres-vacacionales-mientras-aumenta-la-polemica-en-torno-su-legalidad\/","og_site_name":"Travindy","article_publisher":"https:\/\/www.facebook.com\/travindy","article_author":"https:\/\/www.facebook.com\/travindy","article_published_time":"2016-06-16T13:31:27+00:00","article_modified_time":"2017-04-16T16:31:21+00:00","og_image":[{"url":"https:\/\/travindy.com\/wp-content\/uploads\/2016\/06\/paris-936656_640.jpg"}],"author":"Travindy","twitter_card":"summary_large_image","twitter_creator":"@travindy","twitter_site":"@Travindy","twitter_misc":{"Written by":"Travindy","Est. reading time":"1 minute"},"schema":{"@context":"https:\/\/schema.org","@graph":[{"@type":"Article","@id":"https:\/\/travindy.com\/news\/2016\/06\/crece-la-demanda-de-alquileres-vacacionales-mientras-aumenta-la-polemica-en-torno-su-legalidad\/#article","isPartOf":{"@id":"https:\/\/travindy.com\/news\/2016\/06\/crece-la-demanda-de-alquileres-vacacionales-mientras-aumenta-la-polemica-en-torno-su-legalidad\/"},"author":{"name":"Travindy","@id":"https:\/\/travindy.com\/news\/#\/schema\/person\/79576b26c03e84ac969c6cf7ad8118bb"},"headline":"Crece la demanda de alquileres vacacionales, mientras aumenta la pol\u00e9mica en torno a su legalidad","datePublished":"2016-06-16T13:31:27+00:00","dateModified":"2017-04-16T16:31:21+00:00","mainEntityOfPage":{"@id":"https:\/\/travindy.com\/news\/2016\/06\/crece-la-demanda-de-alquileres-vacacionales-mientras-aumenta-la-polemica-en-torno-su-legalidad\/"},"wordCount":184,"commentCount":0,"publisher":{"@id":"https:\/\/travindy.com\/news\/#organization"},"articleSection":["News"],"inLanguage":"en-US","potentialAction":[{"@type":"CommentAction","name":"Comment","target":["https:\/\/travindy.com\/news\/2016\/06\/crece-la-demanda-de-alquileres-vacacionales-mientras-aumenta-la-polemica-en-torno-su-legalidad\/#respond"]}]},{"@type":"WebPage","@id":"https:\/\/travindy.com\/news\/2016\/06\/crece-la-demanda-de-alquileres-vacacionales-mientras-aumenta-la-polemica-en-torno-su-legalidad\/","url":"https:\/\/travindy.com\/news\/2016\/06\/crece-la-demanda-de-alquileres-vacacionales-mientras-aumenta-la-polemica-en-torno-su-legalidad\/","name":"Crece la demanda de alquileres vacacionales, mientras aumenta la pol\u00e9mica en torno a su legalidad","isPartOf":{"@id":"https:\/\/travindy.com\/news\/#website"},"datePublished":"2016-06-16T13:31:27+00:00","dateModified":"2017-04-16T16:31:21+00:00","description":"Las plataformas de alquiler de apartamentos vacacionales, no solo han provocado un cambio en el sector del alojamiento tur\u00edstico, sino que tambi\u00e9n ha contribuido a reabrir el debate sobre la legalidad de este tipo de alquileres.","breadcrumb":{"@id":"https:\/\/travindy.com\/news\/2016\/06\/crece-la-demanda-de-alquileres-vacacionales-mientras-aumenta-la-polemica-en-torno-su-legalidad\/#breadcrumb"},"inLanguage":"en-US","potentialAction":[{"@type":"ReadAction","target":["https:\/\/travindy.com\/news\/2016\/06\/crece-la-demanda-de-alquileres-vacacionales-mientras-aumenta-la-polemica-en-torno-su-legalidad\/"]}]},{"@type":"BreadcrumbList","@id":"https:\/\/travindy.com\/news\/2016\/06\/crece-la-demanda-de-alquileres-vacacionales-mientras-aumenta-la-polemica-en-torno-su-legalidad\/#breadcrumb","itemListElement":[{"@type":"ListItem","position":1,"name":"Home","item":"https:\/\/travindy.com\/news\/"},{"@type":"ListItem","position":2,"name":"Crece la demanda de alquileres vacacionales, mientras aumenta la pol\u00e9mica en torno a su legalidad"}]},{"@type":"WebSite","@id":"https:\/\/travindy.com\/news\/#website","url":"https:\/\/travindy.com\/news\/","name":"Travindy","description":"sustainable tourism consulting, news and resources","publisher":{"@id":"https:\/\/travindy.com\/news\/#organization"},"potentialAction":[{"@type":"SearchAction","target":{"@type":"EntryPoint","urlTemplate":"https:\/\/travindy.com\/news\/?s={search_term_string}"},"query-input":"required name=search_term_string"}],"inLanguage":"en-US"},{"@type":"Organization","@id":"https:\/\/travindy.com\/news\/#organization","name":"Travindy","url":"https:\/\/travindy.com\/news\/","logo":{"@type":"ImageObject","inLanguage":"en-US","@id":"https:\/\/travindy.com\/news\/#\/schema\/logo\/image\/","url":"https:\/\/travindy.com\/wp-content\/uploads\/2022\/08\/cropped-travindy-logo-square.png","contentUrl":"https:\/\/travindy.com\/wp-content\/uploads\/2022\/08\/cropped-travindy-logo-square.png","width":512,"height":512,"caption":"Travindy"},"image":{"@id":"https:\/\/travindy.com\/news\/#\/schema\/logo\/image\/"},"sameAs":["https:\/\/www.facebook.com\/travindy","https:\/\/twitter.com\/Travindy"]},{"@type":"Person","@id":"https:\/\/travindy.com\/news\/#\/schema\/person\/79576b26c03e84ac969c6cf7ad8118bb","name":"Travindy","image":{"@type":"ImageObject","inLanguage":"en-US","@id":"https:\/\/travindy.com\/news\/#\/schema\/person\/image\/","url":"https:\/\/secure.gravatar.com\/avatar\/7e8e24b511c9178e320b9eb2226dadb1?s=96&d=mm&r=g","contentUrl":"https:\/\/secure.gravatar.com\/avatar\/7e8e24b511c9178e320b9eb2226dadb1?s=96&d=mm&r=g","caption":"Travindy"},"description":"Travindy is an independent website featuring news and opinion on all issues to do with tourism and sustainability. Written primarily for an industry audience, our aim is to support the transformation of the sector into one that is regenerative, restorative and fully inclusive.","sameAs":["https:\/\/www.facebook.com\/travindy","https:\/\/twitter.com\/travindy"],"url":"https:\/\/travindy.com\/news\/author\/travindy\/"}]}},"_links":{"self":[{"href":"https:\/\/travindy.com\/news\/wp-json\/wp\/v2\/posts\/11861"}],"collection":[{"href":"https:\/\/travindy.com\/news\/wp-json\/wp\/v2\/posts"}],"about":[{"href":"https:\/\/travindy.com\/news\/wp-json\/wp\/v2\/types\/post"}],"author":[{"embeddable":true,"href":"https:\/\/travindy.com\/news\/wp-json\/wp\/v2\/users\/5"}],"replies":[{"embeddable":true,"href":"https:\/\/travindy.com\/news\/wp-json\/wp\/v2\/comments?post=11861"}],"version-history":[{"count":0,"href":"https:\/\/travindy.com\/news\/wp-json\/wp\/v2\/posts\/11861\/revisions"}],"wp:attachment":[{"href":"https:\/\/travindy.com\/news\/wp-json\/wp\/v2\/media?parent=11861"}],"wp:term":[{"taxonomy":"category","embeddable":true,"href":"https:\/\/travindy.com\/news\/wp-json\/wp\/v2\/categories?post=11861"},{"taxonomy":"post_tag","embeddable":true,"href":"https:\/\/travindy.com\/news\/wp-json\/wp\/v2\/tags?post=11861"}],"curies":[{"name":"wp","href":"https:\/\/api.w.org\/{rel}","templated":true}]}}