{"id":10211,"date":"2016-04-10T07:51:39","date_gmt":"2016-04-10T06:51:39","guid":{"rendered":"https:\/\/travindy.com\/es\/?p=10211"},"modified":"2016-04-10T07:51:39","modified_gmt":"2016-04-10T06:51:39","slug":"turismo-de-galicia-destaca-que-la-estacion-de-manzaneda-contribuye-consolidar-galicia-como-destino-sostenible","status":"publish","type":"post","link":"https:\/\/travindy.com\/news\/2016\/04\/turismo-de-galicia-destaca-que-la-estacion-de-manzaneda-contribuye-consolidar-galicia-como-destino-sostenible\/","title":{"rendered":"Turismo de Galicia destaca que la estaci\u00f3n de Manzaneda contribuye a consolidar Galicia como &#8220;destino sostenible&#8221;"},"content":{"rendered":"<p><img fetchpriority=\"high\" decoding=\"async\" class=\"aligncenter size-full wp-image-10212\" src=\"https:\/\/travindy.com\/wp-content\/uploads\/2016\/04\/Manzaneda_invierno_2013.jpg\" alt=\"Manzaneda_invierno_2013\" width=\"800\" height=\"533\" srcset=\"https:\/\/travindy.com\/news\/wp-content\/uploads\/2016\/04\/Manzaneda_invierno_2013.jpg 800w, https:\/\/travindy.com\/news\/wp-content\/uploads\/2016\/04\/Manzaneda_invierno_2013-300x200.jpg 300w, https:\/\/travindy.com\/news\/wp-content\/uploads\/2016\/04\/Manzaneda_invierno_2013-768x512.jpg 768w\" sizes=\"(max-width: 800px) 100vw, 800px\" \/><\/p>\n<p>La directora de Turismo de Galicia, Nava Castro, ha destacado que la estaci\u00f3n Manzaneda, en Ourense, contribuye &#8220;a consolidar Galicia&#8221; como &#8220;destino sostenible&#8221; este s\u00e1bado durante la inauguraci\u00f3n del Congreso Galego de Neve e Monta\u00f1a.<\/p>\n<p>En su intervenci\u00f3n, la responsable de Turismo ha asegurado que el deporte asociado al turismo &#8220;enriquece la experiencia&#8221; de los que visitan Galicia y &#8220;ayuda a conocer de cerca&#8221; algunos de los paisajes m\u00e1s espectaculares del destino.<\/p>\n<p>En este sentido, ha se\u00f1alado que en esta estaci\u00f3n de la provincia de Ourense, adem\u00e1s del esqu\u00ed, se puede practicar senderismo, bicicleta de monta\u00f1a o escalada, actividades que incentivan el contacto con la naturaleza, el primer motivo por el que los turistas eligen Galicia como destino.<\/p>\n<p>Adem\u00e1s, Nava Castro ha recordado que uno de los retos actuales de Turismo de Galicia es posicionar a Galicia como &#8220;modelo europeo del turismo sostenible&#8221; para lo que una de las l\u00edneas estrat\u00e9gicas es consolidar la Comunidad como &#8220;destino ambiental, social y econ\u00f3micamente sostenible&#8221;.<\/p>\n<p>Para ello, ha asegurado que &#8220;es fundamental&#8221; que las empresas y profesionales del sector trabajen con base en este modelo de protecci\u00f3n de los recursos.<\/p>\n<p>Accede a la <a href=\"http:\/\/www.elcorreogallego.es\/galicia\/ecg\/turismo-galicia-destaca-estacion-manzaneda-contribuye-consolidar-galicia-destino-sostenible\/idEdicion-2016-04-09\/idNoticia-990473\/\" target=\"_blank\" rel=\"nofollow\">noticia original de El Correo Gallego<\/a><\/p>\n","protected":false},"excerpt":{"rendered":"<p>La directora de Turismo de Galicia, Nava Castro, ha destacado que la estaci\u00f3n Manzaneda, en Ourense, contribuye &#8220;a consolidar Galicia&#8221; como &#8220;destino sostenible&#8221; este s\u00e1bado durante la inauguraci\u00f3n del Congreso Galego de Neve e Monta\u00f1a. En su intervenci\u00f3n, la responsable de Turismo ha asegurado que el deporte asociado al turismo &#8220;enriquece la experiencia&#8221; de los [&hellip;]<\/p>\n","protected":false},"author":5,"featured_media":0,"comment_status":"open","ping_status":"open","sticky":false,"template":"","format":"standard","meta":{"footnotes":""},"categories":[534],"tags":[885,886,887],"yoast_head":"<!-- This site is optimized with the Yoast SEO plugin v21.4 - https:\/\/yoast.com\/wordpress\/plugins\/seo\/ -->\n<title>Turismo de Galicia destaca que la estaci\u00f3n de Manzaneda contribuye a consolidar Galicia como &quot;destino sostenible&quot;<\/title>\n<meta name=\"description\" content=\"Inaugurado el Congreso Gallego de Nieve y Monta\u00f1a\" \/>\n<meta name=\"robots\" content=\"index, follow, max-snippet:-1, max-image-preview:large, max-video-preview:-1\" \/>\n<link rel=\"canonical\" href=\"https:\/\/travindy.com\/news\/2016\/04\/turismo-de-galicia-destaca-que-la-estacion-de-manzaneda-contribuye-consolidar-galicia-como-destino-sostenible\/\" \/>\n<meta property=\"og:locale\" content=\"en_US\" \/>\n<meta property=\"og:type\" content=\"article\" \/>\n<meta property=\"og:title\" content=\"Turismo de Galicia destaca que la estaci\u00f3n de Manzaneda contribuye a consolidar Galicia como &quot;destino sostenible&quot;\" \/>\n<meta property=\"og:description\" content=\"Inaugurado el Congreso Gallego de Nieve y Monta\u00f1a\" \/>\n<meta property=\"og:url\" content=\"https:\/\/travindy.com\/news\/2016\/04\/turismo-de-galicia-destaca-que-la-estacion-de-manzaneda-contribuye-consolidar-galicia-como-destino-sostenible\/\" \/>\n<meta property=\"og:site_name\" content=\"Travindy\" \/>\n<meta property=\"article:publisher\" content=\"https:\/\/www.facebook.com\/travindy\" \/>\n<meta property=\"article:author\" content=\"https:\/\/www.facebook.com\/travindy\" \/>\n<meta property=\"article:published_time\" content=\"2016-04-10T06:51:39+00:00\" \/>\n<meta property=\"og:image\" content=\"https:\/\/travindy.com\/wp-content\/uploads\/2016\/04\/Manzaneda_invierno_2013.jpg\" \/>\n<meta name=\"author\" content=\"Travindy\" \/>\n<meta name=\"twitter:card\" content=\"summary_large_image\" \/>\n<meta name=\"twitter:creator\" content=\"@travindy\" \/>\n<meta name=\"twitter:site\" content=\"@Travindy\" \/>\n<meta name=\"twitter:label1\" content=\"Written by\" \/>\n\t<meta name=\"twitter:data1\" content=\"Travindy\" \/>\n\t<meta name=\"twitter:label2\" content=\"Est. reading time\" \/>\n\t<meta name=\"twitter:data2\" content=\"1 minute\" \/>\n<script type=\"application\/ld+json\" class=\"yoast-schema-graph\">{\"@context\":\"https:\/\/schema.org\",\"@graph\":[{\"@type\":\"Article\",\"@id\":\"https:\/\/travindy.com\/news\/2016\/04\/turismo-de-galicia-destaca-que-la-estacion-de-manzaneda-contribuye-consolidar-galicia-como-destino-sostenible\/#article\",\"isPartOf\":{\"@id\":\"https:\/\/travindy.com\/news\/2016\/04\/turismo-de-galicia-destaca-que-la-estacion-de-manzaneda-contribuye-consolidar-galicia-como-destino-sostenible\/\"},\"author\":{\"name\":\"Travindy\",\"@id\":\"https:\/\/travindy.com\/news\/#\/schema\/person\/79576b26c03e84ac969c6cf7ad8118bb\"},\"headline\":\"Turismo de Galicia destaca que la estaci\u00f3n de Manzaneda contribuye a consolidar Galicia como &#8220;destino sostenible&#8221;\",\"datePublished\":\"2016-04-10T06:51:39+00:00\",\"dateModified\":\"2016-04-10T06:51:39+00:00\",\"mainEntityOfPage\":{\"@id\":\"https:\/\/travindy.com\/news\/2016\/04\/turismo-de-galicia-destaca-que-la-estacion-de-manzaneda-contribuye-consolidar-galicia-como-destino-sostenible\/\"},\"wordCount\":228,\"commentCount\":0,\"publisher\":{\"@id\":\"https:\/\/travindy.com\/news\/#organization\"},\"keywords\":[\"Congreso de Nieve y Monta\u00f1a\",\"desarrollo sostenible\",\"Galicia\"],\"articleSection\":[\"News\"],\"inLanguage\":\"en-US\",\"potentialAction\":[{\"@type\":\"CommentAction\",\"name\":\"Comment\",\"target\":[\"https:\/\/travindy.com\/news\/2016\/04\/turismo-de-galicia-destaca-que-la-estacion-de-manzaneda-contribuye-consolidar-galicia-como-destino-sostenible\/#respond\"]}]},{\"@type\":\"WebPage\",\"@id\":\"https:\/\/travindy.com\/news\/2016\/04\/turismo-de-galicia-destaca-que-la-estacion-de-manzaneda-contribuye-consolidar-galicia-como-destino-sostenible\/\",\"url\":\"https:\/\/travindy.com\/news\/2016\/04\/turismo-de-galicia-destaca-que-la-estacion-de-manzaneda-contribuye-consolidar-galicia-como-destino-sostenible\/\",\"name\":\"Turismo de Galicia destaca que la estaci\u00f3n de Manzaneda contribuye a consolidar Galicia como \\\"destino sostenible\\\"\",\"isPartOf\":{\"@id\":\"https:\/\/travindy.com\/news\/#website\"},\"datePublished\":\"2016-04-10T06:51:39+00:00\",\"dateModified\":\"2016-04-10T06:51:39+00:00\",\"description\":\"Inaugurado el Congreso Gallego de Nieve y Monta\u00f1a\",\"breadcrumb\":{\"@id\":\"https:\/\/travindy.com\/news\/2016\/04\/turismo-de-galicia-destaca-que-la-estacion-de-manzaneda-contribuye-consolidar-galicia-como-destino-sostenible\/#breadcrumb\"},\"inLanguage\":\"en-US\",\"potentialAction\":[{\"@type\":\"ReadAction\",\"target\":[\"https:\/\/travindy.com\/news\/2016\/04\/turismo-de-galicia-destaca-que-la-estacion-de-manzaneda-contribuye-consolidar-galicia-como-destino-sostenible\/\"]}]},{\"@type\":\"BreadcrumbList\",\"@id\":\"https:\/\/travindy.com\/news\/2016\/04\/turismo-de-galicia-destaca-que-la-estacion-de-manzaneda-contribuye-consolidar-galicia-como-destino-sostenible\/#breadcrumb\",\"itemListElement\":[{\"@type\":\"ListItem\",\"position\":1,\"name\":\"Home\",\"item\":\"https:\/\/travindy.com\/news\/\"},{\"@type\":\"ListItem\",\"position\":2,\"name\":\"Turismo de Galicia destaca que la estaci\u00f3n de Manzaneda contribuye a consolidar Galicia como &#8220;destino sostenible&#8221;\"}]},{\"@type\":\"WebSite\",\"@id\":\"https:\/\/travindy.com\/news\/#website\",\"url\":\"https:\/\/travindy.com\/news\/\",\"name\":\"Travindy\",\"description\":\"sustainable tourism consulting, news and resources\",\"publisher\":{\"@id\":\"https:\/\/travindy.com\/news\/#organization\"},\"potentialAction\":[{\"@type\":\"SearchAction\",\"target\":{\"@type\":\"EntryPoint\",\"urlTemplate\":\"https:\/\/travindy.com\/news\/?s={search_term_string}\"},\"query-input\":\"required name=search_term_string\"}],\"inLanguage\":\"en-US\"},{\"@type\":\"Organization\",\"@id\":\"https:\/\/travindy.com\/news\/#organization\",\"name\":\"Travindy\",\"url\":\"https:\/\/travindy.com\/news\/\",\"logo\":{\"@type\":\"ImageObject\",\"inLanguage\":\"en-US\",\"@id\":\"https:\/\/travindy.com\/news\/#\/schema\/logo\/image\/\",\"url\":\"https:\/\/travindy.com\/wp-content\/uploads\/2022\/08\/cropped-travindy-logo-square.png\",\"contentUrl\":\"https:\/\/travindy.com\/wp-content\/uploads\/2022\/08\/cropped-travindy-logo-square.png\",\"width\":512,\"height\":512,\"caption\":\"Travindy\"},\"image\":{\"@id\":\"https:\/\/travindy.com\/news\/#\/schema\/logo\/image\/\"},\"sameAs\":[\"https:\/\/www.facebook.com\/travindy\",\"https:\/\/twitter.com\/Travindy\"]},{\"@type\":\"Person\",\"@id\":\"https:\/\/travindy.com\/news\/#\/schema\/person\/79576b26c03e84ac969c6cf7ad8118bb\",\"name\":\"Travindy\",\"image\":{\"@type\":\"ImageObject\",\"inLanguage\":\"en-US\",\"@id\":\"https:\/\/travindy.com\/news\/#\/schema\/person\/image\/\",\"url\":\"https:\/\/secure.gravatar.com\/avatar\/7e8e24b511c9178e320b9eb2226dadb1?s=96&d=mm&r=g\",\"contentUrl\":\"https:\/\/secure.gravatar.com\/avatar\/7e8e24b511c9178e320b9eb2226dadb1?s=96&d=mm&r=g\",\"caption\":\"Travindy\"},\"description\":\"Travindy is an independent website featuring news and opinion on all issues to do with tourism and sustainability. Written primarily for an industry audience, our aim is to support the transformation of the sector into one that is regenerative, restorative and fully inclusive.\",\"sameAs\":[\"https:\/\/www.facebook.com\/travindy\",\"https:\/\/twitter.com\/travindy\"],\"url\":\"https:\/\/travindy.com\/news\/author\/travindy\/\"}]}<\/script>\n<!-- \/ Yoast SEO plugin. -->","yoast_head_json":{"title":"Turismo de Galicia destaca que la estaci\u00f3n de Manzaneda contribuye a consolidar Galicia como \"destino sostenible\"","description":"Inaugurado el Congreso Gallego de Nieve y Monta\u00f1a","robots":{"index":"index","follow":"follow","max-snippet":"max-snippet:-1","max-image-preview":"max-image-preview:large","max-video-preview":"max-video-preview:-1"},"canonical":"https:\/\/travindy.com\/news\/2016\/04\/turismo-de-galicia-destaca-que-la-estacion-de-manzaneda-contribuye-consolidar-galicia-como-destino-sostenible\/","og_locale":"en_US","og_type":"article","og_title":"Turismo de Galicia destaca que la estaci\u00f3n de Manzaneda contribuye a consolidar Galicia como \"destino sostenible\"","og_description":"Inaugurado el Congreso Gallego de Nieve y Monta\u00f1a","og_url":"https:\/\/travindy.com\/news\/2016\/04\/turismo-de-galicia-destaca-que-la-estacion-de-manzaneda-contribuye-consolidar-galicia-como-destino-sostenible\/","og_site_name":"Travindy","article_publisher":"https:\/\/www.facebook.com\/travindy","article_author":"https:\/\/www.facebook.com\/travindy","article_published_time":"2016-04-10T06:51:39+00:00","og_image":[{"url":"https:\/\/travindy.com\/wp-content\/uploads\/2016\/04\/Manzaneda_invierno_2013.jpg"}],"author":"Travindy","twitter_card":"summary_large_image","twitter_creator":"@travindy","twitter_site":"@Travindy","twitter_misc":{"Written by":"Travindy","Est. reading time":"1 minute"},"schema":{"@context":"https:\/\/schema.org","@graph":[{"@type":"Article","@id":"https:\/\/travindy.com\/news\/2016\/04\/turismo-de-galicia-destaca-que-la-estacion-de-manzaneda-contribuye-consolidar-galicia-como-destino-sostenible\/#article","isPartOf":{"@id":"https:\/\/travindy.com\/news\/2016\/04\/turismo-de-galicia-destaca-que-la-estacion-de-manzaneda-contribuye-consolidar-galicia-como-destino-sostenible\/"},"author":{"name":"Travindy","@id":"https:\/\/travindy.com\/news\/#\/schema\/person\/79576b26c03e84ac969c6cf7ad8118bb"},"headline":"Turismo de Galicia destaca que la estaci\u00f3n de Manzaneda contribuye a consolidar Galicia como &#8220;destino sostenible&#8221;","datePublished":"2016-04-10T06:51:39+00:00","dateModified":"2016-04-10T06:51:39+00:00","mainEntityOfPage":{"@id":"https:\/\/travindy.com\/news\/2016\/04\/turismo-de-galicia-destaca-que-la-estacion-de-manzaneda-contribuye-consolidar-galicia-como-destino-sostenible\/"},"wordCount":228,"commentCount":0,"publisher":{"@id":"https:\/\/travindy.com\/news\/#organization"},"keywords":["Congreso de Nieve y Monta\u00f1a","desarrollo sostenible","Galicia"],"articleSection":["News"],"inLanguage":"en-US","potentialAction":[{"@type":"CommentAction","name":"Comment","target":["https:\/\/travindy.com\/news\/2016\/04\/turismo-de-galicia-destaca-que-la-estacion-de-manzaneda-contribuye-consolidar-galicia-como-destino-sostenible\/#respond"]}]},{"@type":"WebPage","@id":"https:\/\/travindy.com\/news\/2016\/04\/turismo-de-galicia-destaca-que-la-estacion-de-manzaneda-contribuye-consolidar-galicia-como-destino-sostenible\/","url":"https:\/\/travindy.com\/news\/2016\/04\/turismo-de-galicia-destaca-que-la-estacion-de-manzaneda-contribuye-consolidar-galicia-como-destino-sostenible\/","name":"Turismo de Galicia destaca que la estaci\u00f3n de Manzaneda contribuye a consolidar Galicia como \"destino sostenible\"","isPartOf":{"@id":"https:\/\/travindy.com\/news\/#website"},"datePublished":"2016-04-10T06:51:39+00:00","dateModified":"2016-04-10T06:51:39+00:00","description":"Inaugurado el Congreso Gallego de Nieve y Monta\u00f1a","breadcrumb":{"@id":"https:\/\/travindy.com\/news\/2016\/04\/turismo-de-galicia-destaca-que-la-estacion-de-manzaneda-contribuye-consolidar-galicia-como-destino-sostenible\/#breadcrumb"},"inLanguage":"en-US","potentialAction":[{"@type":"ReadAction","target":["https:\/\/travindy.com\/news\/2016\/04\/turismo-de-galicia-destaca-que-la-estacion-de-manzaneda-contribuye-consolidar-galicia-como-destino-sostenible\/"]}]},{"@type":"BreadcrumbList","@id":"https:\/\/travindy.com\/news\/2016\/04\/turismo-de-galicia-destaca-que-la-estacion-de-manzaneda-contribuye-consolidar-galicia-como-destino-sostenible\/#breadcrumb","itemListElement":[{"@type":"ListItem","position":1,"name":"Home","item":"https:\/\/travindy.com\/news\/"},{"@type":"ListItem","position":2,"name":"Turismo de Galicia destaca que la estaci\u00f3n de Manzaneda contribuye a consolidar Galicia como &#8220;destino sostenible&#8221;"}]},{"@type":"WebSite","@id":"https:\/\/travindy.com\/news\/#website","url":"https:\/\/travindy.com\/news\/","name":"Travindy","description":"sustainable tourism consulting, news and resources","publisher":{"@id":"https:\/\/travindy.com\/news\/#organization"},"potentialAction":[{"@type":"SearchAction","target":{"@type":"EntryPoint","urlTemplate":"https:\/\/travindy.com\/news\/?s={search_term_string}"},"query-input":"required name=search_term_string"}],"inLanguage":"en-US"},{"@type":"Organization","@id":"https:\/\/travindy.com\/news\/#organization","name":"Travindy","url":"https:\/\/travindy.com\/news\/","logo":{"@type":"ImageObject","inLanguage":"en-US","@id":"https:\/\/travindy.com\/news\/#\/schema\/logo\/image\/","url":"https:\/\/travindy.com\/wp-content\/uploads\/2022\/08\/cropped-travindy-logo-square.png","contentUrl":"https:\/\/travindy.com\/wp-content\/uploads\/2022\/08\/cropped-travindy-logo-square.png","width":512,"height":512,"caption":"Travindy"},"image":{"@id":"https:\/\/travindy.com\/news\/#\/schema\/logo\/image\/"},"sameAs":["https:\/\/www.facebook.com\/travindy","https:\/\/twitter.com\/Travindy"]},{"@type":"Person","@id":"https:\/\/travindy.com\/news\/#\/schema\/person\/79576b26c03e84ac969c6cf7ad8118bb","name":"Travindy","image":{"@type":"ImageObject","inLanguage":"en-US","@id":"https:\/\/travindy.com\/news\/#\/schema\/person\/image\/","url":"https:\/\/secure.gravatar.com\/avatar\/7e8e24b511c9178e320b9eb2226dadb1?s=96&d=mm&r=g","contentUrl":"https:\/\/secure.gravatar.com\/avatar\/7e8e24b511c9178e320b9eb2226dadb1?s=96&d=mm&r=g","caption":"Travindy"},"description":"Travindy is an independent website featuring news and opinion on all issues to do with tourism and sustainability. Written primarily for an industry audience, our aim is to support the transformation of the sector into one that is regenerative, restorative and fully inclusive.","sameAs":["https:\/\/www.facebook.com\/travindy","https:\/\/twitter.com\/travindy"],"url":"https:\/\/travindy.com\/news\/author\/travindy\/"}]}},"_links":{"self":[{"href":"https:\/\/travindy.com\/news\/wp-json\/wp\/v2\/posts\/10211"}],"collection":[{"href":"https:\/\/travindy.com\/news\/wp-json\/wp\/v2\/posts"}],"about":[{"href":"https:\/\/travindy.com\/news\/wp-json\/wp\/v2\/types\/post"}],"author":[{"embeddable":true,"href":"https:\/\/travindy.com\/news\/wp-json\/wp\/v2\/users\/5"}],"replies":[{"embeddable":true,"href":"https:\/\/travindy.com\/news\/wp-json\/wp\/v2\/comments?post=10211"}],"version-history":[{"count":0,"href":"https:\/\/travindy.com\/news\/wp-json\/wp\/v2\/posts\/10211\/revisions"}],"wp:attachment":[{"href":"https:\/\/travindy.com\/news\/wp-json\/wp\/v2\/media?parent=10211"}],"wp:term":[{"taxonomy":"category","embeddable":true,"href":"https:\/\/travindy.com\/news\/wp-json\/wp\/v2\/categories?post=10211"},{"taxonomy":"post_tag","embeddable":true,"href":"https:\/\/travindy.com\/news\/wp-json\/wp\/v2\/tags?post=10211"}],"curies":[{"name":"wp","href":"https:\/\/api.w.org\/{rel}","templated":true}]}}