{"id":10181,"date":"2016-04-08T14:26:54","date_gmt":"2016-04-08T13:26:54","guid":{"rendered":"https:\/\/travindy.com\/es\/2016\/04\/la-nieve-en-sierra-nevada-mengua-dia-a-dia\/"},"modified":"2016-04-16T11:42:59","modified_gmt":"2016-04-16T10:42:59","slug":"la-nieve-en-sierra-nevada-mengua-dia-a-dia","status":"publish","type":"post","link":"https:\/\/travindy.com\/news\/2016\/04\/la-nieve-en-sierra-nevada-mengua-dia-a-dia\/","title":{"rendered":"La nieve en Sierra Nevada \u2018mengua\u2019 d\u00eda a d\u00eda"},"content":{"rendered":"<p><img fetchpriority=\"high\" decoding=\"async\" class=\"aligncenter size-full wp-image-10178\" src=\"https:\/\/travindy.com\/wp-content\/uploads\/2016\/04\/spain-50861_1280.jpg\" alt=\"vista panoramica de sierra nevada, espa\u00f1a\" width=\"1280\" height=\"853\" \/><\/p>\n<p>La Fundaci\u00f3n Biodiversidad ha apoyado un proyecto de investigaci\u00f3n del Grupo de Din\u00e1mica Fluvial e Hidrolog\u00eda del Instituto Interuniversitario de Investigaci\u00f3n del Sistema Tierra en Andaluc\u00eda, en el que participan las Universidades de C\u00f3rdoba y de Granada. Un proyecto que ha analizado los efectos del calentamiento global en Sierra Nevada con el objetivo de programar acciones de adaptaci\u00f3n y mitigaci\u00f3n a estos cambios.<\/p>\n<p>La combinaci\u00f3n del an\u00e1lisis de las tendencias de los \u00faltimos 55 a\u00f1os muestra un decrecimiento en la extensi\u00f3n y persistencia de la nieve. Cada a\u00f1o hay un 0,08% menos de nieve y \u00e9sta aguanta 0,3 d\u00edas menos al a\u00f1o. Lo que no parece variar, al menos no de una forma estad\u00edsticamente significativa, son las precipitaciones. Los \u00faltimos 15 a\u00f1os analizados modifican las tendencias observadas hasta finales de siglo. Existe una mayor variabilidad en la precipitaci\u00f3n de estos a\u00f1os, lo que hace que la nieve no perdure ni se extienda de la misma forma que entonces.<\/p>\n<p>Ver la noticia entera en:\u00a0<a href=\"http:\/\/www.ecoticias.com\/co2\/113895\/nieve-Sierra-Nevada-mengua-dia#\" rel=\"nofollow\">La nieve en Sierra Nevada mengua d\u00eda a d\u00eda | Econoticias<\/a><\/p>\n<p>Fuente:\u00a0<a href=\"http:\/\/www.ecoticias.com\/co2\/113895\/nieve-Sierra-Nevada-mengua-dia\" rel=\"nofollow\">La nieve en Sierra Nevada mengua d\u00eda a d\u00eda | Econoticias<\/a><\/p>\n","protected":false},"excerpt":{"rendered":"<p>Un reciente estudio realizado por la Fundaci\u00f3n Biodiversidad muestra que la precipitaci\u00f3n en forma de nieve en Sierra Menuda decrece un 0.08% cada a\u00f1o debido en gran parte al calentamiento global.<\/p>\n","protected":false},"author":5,"featured_media":0,"comment_status":"open","ping_status":"open","sticky":false,"template":"","format":"standard","meta":{"footnotes":""},"categories":[534],"tags":[683,871,870],"yoast_head":"<!-- This site is optimized with the Yoast SEO plugin v21.4 - https:\/\/yoast.com\/wordpress\/plugins\/seo\/ -->\n<title>La nieve en Sierra Nevada \u2018mengua\u2019 d\u00eda a d\u00eda<\/title>\n<meta name=\"description\" content=\"Un reciente estudio realizado por la Fundaci\u00f3n Biodiversidad muestra que la precipitaci\u00f3n en forma de nieve en Sierra Menuda decrece un 0.08% cada a\u00f1o debido en gran parte al calentamiento global.\" \/>\n<meta name=\"robots\" content=\"index, follow, max-snippet:-1, max-image-preview:large, max-video-preview:-1\" \/>\n<link rel=\"canonical\" href=\"https:\/\/travindy.com\/news\/2016\/04\/la-nieve-en-sierra-nevada-mengua-dia-a-dia\/\" \/>\n<meta property=\"og:locale\" content=\"en_US\" \/>\n<meta property=\"og:type\" content=\"article\" \/>\n<meta property=\"og:title\" content=\"La nieve en Sierra Nevada \u2018mengua\u2019 d\u00eda a d\u00eda\" \/>\n<meta property=\"og:description\" content=\"Un reciente estudio realizado por la Fundaci\u00f3n Biodiversidad muestra que la precipitaci\u00f3n en forma de nieve en Sierra Menuda decrece un 0.08% cada a\u00f1o debido en gran parte al calentamiento global.\" \/>\n<meta property=\"og:url\" content=\"https:\/\/travindy.com\/news\/2016\/04\/la-nieve-en-sierra-nevada-mengua-dia-a-dia\/\" \/>\n<meta property=\"og:site_name\" content=\"Travindy\" \/>\n<meta property=\"article:publisher\" content=\"https:\/\/www.facebook.com\/travindy\" \/>\n<meta property=\"article:author\" content=\"https:\/\/www.facebook.com\/travindy\" \/>\n<meta property=\"article:published_time\" content=\"2016-04-08T13:26:54+00:00\" \/>\n<meta property=\"article:modified_time\" content=\"2016-04-16T10:42:59+00:00\" \/>\n<meta property=\"og:image\" content=\"https:\/\/travindy.com\/wp-content\/uploads\/2016\/04\/spain-50861_1280.jpg\" \/>\n<meta name=\"author\" content=\"Travindy\" \/>\n<meta name=\"twitter:card\" content=\"summary_large_image\" \/>\n<meta name=\"twitter:creator\" content=\"@travindy\" \/>\n<meta name=\"twitter:site\" content=\"@Travindy\" \/>\n<meta name=\"twitter:label1\" content=\"Written by\" \/>\n\t<meta name=\"twitter:data1\" content=\"Travindy\" \/>\n\t<meta name=\"twitter:label2\" content=\"Est. reading time\" \/>\n\t<meta name=\"twitter:data2\" content=\"1 minute\" \/>\n<script type=\"application\/ld+json\" class=\"yoast-schema-graph\">{\"@context\":\"https:\/\/schema.org\",\"@graph\":[{\"@type\":\"Article\",\"@id\":\"https:\/\/travindy.com\/news\/2016\/04\/la-nieve-en-sierra-nevada-mengua-dia-a-dia\/#article\",\"isPartOf\":{\"@id\":\"https:\/\/travindy.com\/news\/2016\/04\/la-nieve-en-sierra-nevada-mengua-dia-a-dia\/\"},\"author\":{\"name\":\"Travindy\",\"@id\":\"https:\/\/travindy.com\/news\/#\/schema\/person\/79576b26c03e84ac969c6cf7ad8118bb\"},\"headline\":\"La nieve en Sierra Nevada \u2018mengua\u2019 d\u00eda a d\u00eda\",\"datePublished\":\"2016-04-08T13:26:54+00:00\",\"dateModified\":\"2016-04-16T10:42:59+00:00\",\"mainEntityOfPage\":{\"@id\":\"https:\/\/travindy.com\/news\/2016\/04\/la-nieve-en-sierra-nevada-mengua-dia-a-dia\/\"},\"wordCount\":215,\"commentCount\":0,\"publisher\":{\"@id\":\"https:\/\/travindy.com\/news\/#organization\"},\"keywords\":[\"Espa\u00f1a\",\"nieve\",\"Sierra Nevada\"],\"articleSection\":[\"News\"],\"inLanguage\":\"en-US\",\"potentialAction\":[{\"@type\":\"CommentAction\",\"name\":\"Comment\",\"target\":[\"https:\/\/travindy.com\/news\/2016\/04\/la-nieve-en-sierra-nevada-mengua-dia-a-dia\/#respond\"]}]},{\"@type\":\"WebPage\",\"@id\":\"https:\/\/travindy.com\/news\/2016\/04\/la-nieve-en-sierra-nevada-mengua-dia-a-dia\/\",\"url\":\"https:\/\/travindy.com\/news\/2016\/04\/la-nieve-en-sierra-nevada-mengua-dia-a-dia\/\",\"name\":\"La nieve en Sierra Nevada \u2018mengua\u2019 d\u00eda a d\u00eda\",\"isPartOf\":{\"@id\":\"https:\/\/travindy.com\/news\/#website\"},\"datePublished\":\"2016-04-08T13:26:54+00:00\",\"dateModified\":\"2016-04-16T10:42:59+00:00\",\"description\":\"Un reciente estudio realizado por la Fundaci\u00f3n Biodiversidad muestra que la precipitaci\u00f3n en forma de nieve en Sierra Menuda decrece un 0.08% cada a\u00f1o debido en gran parte al calentamiento global.\",\"breadcrumb\":{\"@id\":\"https:\/\/travindy.com\/news\/2016\/04\/la-nieve-en-sierra-nevada-mengua-dia-a-dia\/#breadcrumb\"},\"inLanguage\":\"en-US\",\"potentialAction\":[{\"@type\":\"ReadAction\",\"target\":[\"https:\/\/travindy.com\/news\/2016\/04\/la-nieve-en-sierra-nevada-mengua-dia-a-dia\/\"]}]},{\"@type\":\"BreadcrumbList\",\"@id\":\"https:\/\/travindy.com\/news\/2016\/04\/la-nieve-en-sierra-nevada-mengua-dia-a-dia\/#breadcrumb\",\"itemListElement\":[{\"@type\":\"ListItem\",\"position\":1,\"name\":\"Home\",\"item\":\"https:\/\/travindy.com\/news\/\"},{\"@type\":\"ListItem\",\"position\":2,\"name\":\"La nieve en Sierra Nevada \u2018mengua\u2019 d\u00eda a d\u00eda\"}]},{\"@type\":\"WebSite\",\"@id\":\"https:\/\/travindy.com\/news\/#website\",\"url\":\"https:\/\/travindy.com\/news\/\",\"name\":\"Travindy\",\"description\":\"sustainable tourism consulting, news and resources\",\"publisher\":{\"@id\":\"https:\/\/travindy.com\/news\/#organization\"},\"potentialAction\":[{\"@type\":\"SearchAction\",\"target\":{\"@type\":\"EntryPoint\",\"urlTemplate\":\"https:\/\/travindy.com\/news\/?s={search_term_string}\"},\"query-input\":\"required name=search_term_string\"}],\"inLanguage\":\"en-US\"},{\"@type\":\"Organization\",\"@id\":\"https:\/\/travindy.com\/news\/#organization\",\"name\":\"Travindy\",\"url\":\"https:\/\/travindy.com\/news\/\",\"logo\":{\"@type\":\"ImageObject\",\"inLanguage\":\"en-US\",\"@id\":\"https:\/\/travindy.com\/news\/#\/schema\/logo\/image\/\",\"url\":\"https:\/\/travindy.com\/wp-content\/uploads\/2022\/08\/cropped-travindy-logo-square.png\",\"contentUrl\":\"https:\/\/travindy.com\/wp-content\/uploads\/2022\/08\/cropped-travindy-logo-square.png\",\"width\":512,\"height\":512,\"caption\":\"Travindy\"},\"image\":{\"@id\":\"https:\/\/travindy.com\/news\/#\/schema\/logo\/image\/\"},\"sameAs\":[\"https:\/\/www.facebook.com\/travindy\",\"https:\/\/twitter.com\/Travindy\"]},{\"@type\":\"Person\",\"@id\":\"https:\/\/travindy.com\/news\/#\/schema\/person\/79576b26c03e84ac969c6cf7ad8118bb\",\"name\":\"Travindy\",\"image\":{\"@type\":\"ImageObject\",\"inLanguage\":\"en-US\",\"@id\":\"https:\/\/travindy.com\/news\/#\/schema\/person\/image\/\",\"url\":\"https:\/\/secure.gravatar.com\/avatar\/7e8e24b511c9178e320b9eb2226dadb1?s=96&d=mm&r=g\",\"contentUrl\":\"https:\/\/secure.gravatar.com\/avatar\/7e8e24b511c9178e320b9eb2226dadb1?s=96&d=mm&r=g\",\"caption\":\"Travindy\"},\"description\":\"Travindy is an independent website featuring news and opinion on all issues to do with tourism and sustainability. Written primarily for an industry audience, our aim is to support the transformation of the sector into one that is regenerative, restorative and fully inclusive.\",\"sameAs\":[\"https:\/\/www.facebook.com\/travindy\",\"https:\/\/twitter.com\/travindy\"],\"url\":\"https:\/\/travindy.com\/news\/author\/travindy\/\"}]}<\/script>\n<!-- \/ Yoast SEO plugin. -->","yoast_head_json":{"title":"La nieve en Sierra Nevada \u2018mengua\u2019 d\u00eda a d\u00eda","description":"Un reciente estudio realizado por la Fundaci\u00f3n Biodiversidad muestra que la precipitaci\u00f3n en forma de nieve en Sierra Menuda decrece un 0.08% cada a\u00f1o debido en gran parte al calentamiento global.","robots":{"index":"index","follow":"follow","max-snippet":"max-snippet:-1","max-image-preview":"max-image-preview:large","max-video-preview":"max-video-preview:-1"},"canonical":"https:\/\/travindy.com\/news\/2016\/04\/la-nieve-en-sierra-nevada-mengua-dia-a-dia\/","og_locale":"en_US","og_type":"article","og_title":"La nieve en Sierra Nevada \u2018mengua\u2019 d\u00eda a d\u00eda","og_description":"Un reciente estudio realizado por la Fundaci\u00f3n Biodiversidad muestra que la precipitaci\u00f3n en forma de nieve en Sierra Menuda decrece un 0.08% cada a\u00f1o debido en gran parte al calentamiento global.","og_url":"https:\/\/travindy.com\/news\/2016\/04\/la-nieve-en-sierra-nevada-mengua-dia-a-dia\/","og_site_name":"Travindy","article_publisher":"https:\/\/www.facebook.com\/travindy","article_author":"https:\/\/www.facebook.com\/travindy","article_published_time":"2016-04-08T13:26:54+00:00","article_modified_time":"2016-04-16T10:42:59+00:00","og_image":[{"url":"https:\/\/travindy.com\/wp-content\/uploads\/2016\/04\/spain-50861_1280.jpg"}],"author":"Travindy","twitter_card":"summary_large_image","twitter_creator":"@travindy","twitter_site":"@Travindy","twitter_misc":{"Written by":"Travindy","Est. reading time":"1 minute"},"schema":{"@context":"https:\/\/schema.org","@graph":[{"@type":"Article","@id":"https:\/\/travindy.com\/news\/2016\/04\/la-nieve-en-sierra-nevada-mengua-dia-a-dia\/#article","isPartOf":{"@id":"https:\/\/travindy.com\/news\/2016\/04\/la-nieve-en-sierra-nevada-mengua-dia-a-dia\/"},"author":{"name":"Travindy","@id":"https:\/\/travindy.com\/news\/#\/schema\/person\/79576b26c03e84ac969c6cf7ad8118bb"},"headline":"La nieve en Sierra Nevada \u2018mengua\u2019 d\u00eda a d\u00eda","datePublished":"2016-04-08T13:26:54+00:00","dateModified":"2016-04-16T10:42:59+00:00","mainEntityOfPage":{"@id":"https:\/\/travindy.com\/news\/2016\/04\/la-nieve-en-sierra-nevada-mengua-dia-a-dia\/"},"wordCount":215,"commentCount":0,"publisher":{"@id":"https:\/\/travindy.com\/news\/#organization"},"keywords":["Espa\u00f1a","nieve","Sierra Nevada"],"articleSection":["News"],"inLanguage":"en-US","potentialAction":[{"@type":"CommentAction","name":"Comment","target":["https:\/\/travindy.com\/news\/2016\/04\/la-nieve-en-sierra-nevada-mengua-dia-a-dia\/#respond"]}]},{"@type":"WebPage","@id":"https:\/\/travindy.com\/news\/2016\/04\/la-nieve-en-sierra-nevada-mengua-dia-a-dia\/","url":"https:\/\/travindy.com\/news\/2016\/04\/la-nieve-en-sierra-nevada-mengua-dia-a-dia\/","name":"La nieve en Sierra Nevada \u2018mengua\u2019 d\u00eda a d\u00eda","isPartOf":{"@id":"https:\/\/travindy.com\/news\/#website"},"datePublished":"2016-04-08T13:26:54+00:00","dateModified":"2016-04-16T10:42:59+00:00","description":"Un reciente estudio realizado por la Fundaci\u00f3n Biodiversidad muestra que la precipitaci\u00f3n en forma de nieve en Sierra Menuda decrece un 0.08% cada a\u00f1o debido en gran parte al calentamiento global.","breadcrumb":{"@id":"https:\/\/travindy.com\/news\/2016\/04\/la-nieve-en-sierra-nevada-mengua-dia-a-dia\/#breadcrumb"},"inLanguage":"en-US","potentialAction":[{"@type":"ReadAction","target":["https:\/\/travindy.com\/news\/2016\/04\/la-nieve-en-sierra-nevada-mengua-dia-a-dia\/"]}]},{"@type":"BreadcrumbList","@id":"https:\/\/travindy.com\/news\/2016\/04\/la-nieve-en-sierra-nevada-mengua-dia-a-dia\/#breadcrumb","itemListElement":[{"@type":"ListItem","position":1,"name":"Home","item":"https:\/\/travindy.com\/news\/"},{"@type":"ListItem","position":2,"name":"La nieve en Sierra Nevada \u2018mengua\u2019 d\u00eda a d\u00eda"}]},{"@type":"WebSite","@id":"https:\/\/travindy.com\/news\/#website","url":"https:\/\/travindy.com\/news\/","name":"Travindy","description":"sustainable tourism consulting, news and resources","publisher":{"@id":"https:\/\/travindy.com\/news\/#organization"},"potentialAction":[{"@type":"SearchAction","target":{"@type":"EntryPoint","urlTemplate":"https:\/\/travindy.com\/news\/?s={search_term_string}"},"query-input":"required name=search_term_string"}],"inLanguage":"en-US"},{"@type":"Organization","@id":"https:\/\/travindy.com\/news\/#organization","name":"Travindy","url":"https:\/\/travindy.com\/news\/","logo":{"@type":"ImageObject","inLanguage":"en-US","@id":"https:\/\/travindy.com\/news\/#\/schema\/logo\/image\/","url":"https:\/\/travindy.com\/wp-content\/uploads\/2022\/08\/cropped-travindy-logo-square.png","contentUrl":"https:\/\/travindy.com\/wp-content\/uploads\/2022\/08\/cropped-travindy-logo-square.png","width":512,"height":512,"caption":"Travindy"},"image":{"@id":"https:\/\/travindy.com\/news\/#\/schema\/logo\/image\/"},"sameAs":["https:\/\/www.facebook.com\/travindy","https:\/\/twitter.com\/Travindy"]},{"@type":"Person","@id":"https:\/\/travindy.com\/news\/#\/schema\/person\/79576b26c03e84ac969c6cf7ad8118bb","name":"Travindy","image":{"@type":"ImageObject","inLanguage":"en-US","@id":"https:\/\/travindy.com\/news\/#\/schema\/person\/image\/","url":"https:\/\/secure.gravatar.com\/avatar\/7e8e24b511c9178e320b9eb2226dadb1?s=96&d=mm&r=g","contentUrl":"https:\/\/secure.gravatar.com\/avatar\/7e8e24b511c9178e320b9eb2226dadb1?s=96&d=mm&r=g","caption":"Travindy"},"description":"Travindy is an independent website featuring news and opinion on all issues to do with tourism and sustainability. Written primarily for an industry audience, our aim is to support the transformation of the sector into one that is regenerative, restorative and fully inclusive.","sameAs":["https:\/\/www.facebook.com\/travindy","https:\/\/twitter.com\/travindy"],"url":"https:\/\/travindy.com\/news\/author\/travindy\/"}]}},"_links":{"self":[{"href":"https:\/\/travindy.com\/news\/wp-json\/wp\/v2\/posts\/10181"}],"collection":[{"href":"https:\/\/travindy.com\/news\/wp-json\/wp\/v2\/posts"}],"about":[{"href":"https:\/\/travindy.com\/news\/wp-json\/wp\/v2\/types\/post"}],"author":[{"embeddable":true,"href":"https:\/\/travindy.com\/news\/wp-json\/wp\/v2\/users\/5"}],"replies":[{"embeddable":true,"href":"https:\/\/travindy.com\/news\/wp-json\/wp\/v2\/comments?post=10181"}],"version-history":[{"count":0,"href":"https:\/\/travindy.com\/news\/wp-json\/wp\/v2\/posts\/10181\/revisions"}],"wp:attachment":[{"href":"https:\/\/travindy.com\/news\/wp-json\/wp\/v2\/media?parent=10181"}],"wp:term":[{"taxonomy":"category","embeddable":true,"href":"https:\/\/travindy.com\/news\/wp-json\/wp\/v2\/categories?post=10181"},{"taxonomy":"post_tag","embeddable":true,"href":"https:\/\/travindy.com\/news\/wp-json\/wp\/v2\/tags?post=10181"}],"curies":[{"name":"wp","href":"https:\/\/api.w.org\/{rel}","templated":true}]}}